{"id":6949,"date":"2021-04-06T11:09:27","date_gmt":"2021-04-06T09:09:27","guid":{"rendered":"https:\/\/www.macapflag.com\/blog\/?p=6949"},"modified":"2022-04-19T11:18:42","modified_gmt":"2022-04-19T09:18:42","slug":"couleurs","status":"publish","type":"post","link":"https:\/\/www.macapflag.com\/blog\/couleurs\/","title":{"rendered":"Quelles sont les tendances couleurs en 2021 ?"},"content":{"rendered":"\t\t<div data-elementor-type=\"wp-post\" data-elementor-id=\"6949\" class=\"elementor elementor-6949\">\n\t\t\t\t\t\t<section class=\"elementor-section elementor-top-section elementor-element elementor-element-464b8cb elementor-section-boxed elementor-section-height-default elementor-section-height-default\" data-id=\"464b8cb\" data-element_type=\"section\">\n\t\t\t\t\t\t<div class=\"elementor-container elementor-column-gap-default\">\n\t\t\t\t\t<div class=\"elementor-column elementor-col-100 elementor-top-column elementor-element elementor-element-d308cd5\" data-id=\"d308cd5\" data-element_type=\"column\">\n\t\t\t<div class=\"elementor-widget-wrap elementor-element-populated\">\n\t\t\t\t\t\t<div class=\"elementor-element elementor-element-9694fc0 elementor-widget elementor-widget-text-editor\" data-id=\"9694fc0\" data-element_type=\"widget\" data-widget_type=\"text-editor.default\">\n\t\t\t\t<div class=\"elementor-widget-container\">\n\t\t\t\t\t\t\t\t\t<h2>La couleur Pantone de l&#8217;ann\u00e9e<\/h2>\t\t\t\t\t\t\t\t<\/div>\n\t\t\t\t<\/div>\n\t\t\t\t\t<\/div>\n\t\t<\/div>\n\t\t\t\t\t<\/div>\n\t\t<\/section>\n\t\t\t\t<section class=\"elementor-section elementor-top-section elementor-element elementor-element-bd85ab3 elementor-section-boxed elementor-section-height-default elementor-section-height-default\" data-id=\"bd85ab3\" data-element_type=\"section\">\n\t\t\t\t\t\t<div class=\"elementor-container elementor-column-gap-default\">\n\t\t\t\t\t<div class=\"elementor-column elementor-col-100 elementor-top-column elementor-element elementor-element-2891f78\" data-id=\"2891f78\" data-element_type=\"column\">\n\t\t\t<div class=\"elementor-widget-wrap elementor-element-populated\">\n\t\t\t\t\t\t<div class=\"elementor-element elementor-element-ac00127 elementor-widget elementor-widget-text-editor\" data-id=\"ac00127\" data-element_type=\"widget\" data-widget_type=\"text-editor.default\">\n\t\t\t\t<div class=\"elementor-widget-container\">\n\t\t\t\t\t\t\t\t\t<p>En D\u00e9cembre 2020, L\u00e9atrice Eiseman, Directrice ex\u00e9cutive du Pantone\u00ae Color Institute donnait le ton en r\u00e9v\u00e9lant la tant attendue \u201ccolor of the year 2021\u201d. <br \/>Pour succ\u00e9der au Classic-Blue de l\u2019ann\u00e9e 2020, ce sont deux couleurs qui ont \u00e9t\u00e9 choisies. Le jaune Illuminating associ\u00e9 \u00e0 l\u2019ultimate grey pour nous apporter r\u00e9silience et espoir selon L\u00e9atrice Eiseman.<\/p>\t\t\t\t\t\t\t\t<\/div>\n\t\t\t\t<\/div>\n\t\t\t\t\t<\/div>\n\t\t<\/div>\n\t\t\t\t\t<\/div>\n\t\t<\/section>\n\t\t\t\t<section class=\"elementor-section elementor-top-section elementor-element elementor-element-aa76c5d elementor-section-boxed elementor-section-height-default elementor-section-height-default\" data-id=\"aa76c5d\" data-element_type=\"section\">\n\t\t\t\t\t\t<div class=\"elementor-container elementor-column-gap-default\">\n\t\t\t\t\t<div class=\"elementor-column elementor-col-100 elementor-top-column elementor-element elementor-element-5522fed\" data-id=\"5522fed\" data-element_type=\"column\">\n\t\t\t<div class=\"elementor-widget-wrap elementor-element-populated\">\n\t\t\t\t\t\t<div class=\"elementor-element elementor-element-b0e3f89 elementor-widget elementor-widget-image\" data-id=\"b0e3f89\" data-element_type=\"widget\" data-widget_type=\"image.default\">\n\t\t\t\t<div class=\"elementor-widget-container\">\n\t\t\t\t\t\t\t\t\t\t\t\t<figure class=\"wp-caption\">\n\t\t\t\t\t\t\t\t\t\t<img fetchpriority=\"high\" decoding=\"async\" width=\"700\" height=\"534\" src=\"https:\/\/www.macapflag.com\/blog\/wp-content\/uploads\/2021\/04\/Pantone-couleur-annee-2021.jpg\" class=\"attachment-large size-large wp-image-6952\" alt=\"Couleur Pantone 2021 Illuminating et Ultimate Gray\" srcset=\"https:\/\/www.macapflag.com\/blog\/wp-content\/uploads\/2021\/04\/Pantone-couleur-annee-2021.jpg 700w, https:\/\/www.macapflag.com\/blog\/wp-content\/uploads\/2021\/04\/Pantone-couleur-annee-2021-300x229.jpg 300w\" sizes=\"(max-width: 700px) 100vw, 700px\" \/>\t\t\t\t\t\t\t\t\t\t\t<figcaption class=\"widget-image-caption wp-caption-text\">Illuminating et Ultimate Gray, les couleurs Pantone\u00ae de l'ann\u00e9e 2021<\/figcaption>\n\t\t\t\t\t\t\t\t\t\t<\/figure>\n\t\t\t\t\t\t\t\t\t<\/div>\n\t\t\t\t<\/div>\n\t\t\t\t\t<\/div>\n\t\t<\/div>\n\t\t\t\t\t<\/div>\n\t\t<\/section>\n\t\t\t\t<section class=\"elementor-section elementor-top-section elementor-element elementor-element-a51a862 elementor-section-boxed elementor-section-height-default elementor-section-height-default\" data-id=\"a51a862\" data-element_type=\"section\">\n\t\t\t\t\t\t<div class=\"elementor-container elementor-column-gap-default\">\n\t\t\t\t\t<div class=\"elementor-column elementor-col-100 elementor-top-column elementor-element elementor-element-706c278\" data-id=\"706c278\" data-element_type=\"column\">\n\t\t\t<div class=\"elementor-widget-wrap elementor-element-populated\">\n\t\t\t\t\t\t<div class=\"elementor-element elementor-element-57844f0 elementor-widget elementor-widget-text-editor\" data-id=\"57844f0\" data-element_type=\"widget\" data-widget_type=\"text-editor.default\">\n\t\t\t\t<div class=\"elementor-widget-container\">\n\t\t\t\t\t\t\t\t\t<p>Depuis de nombreuses ann\u00e9es, la couleur Pantone\u00ae de l\u2019ann\u00e9e influence les tendances dans le monde de la d\u00e9co, de la mode et m\u00eame du packaging et de l\u2019illustration.<\/p>\t\t\t\t\t\t\t\t<\/div>\n\t\t\t\t<\/div>\n\t\t\t\t\t<\/div>\n\t\t<\/div>\n\t\t\t\t\t<\/div>\n\t\t<\/section>\n\t\t\t\t<section class=\"elementor-section elementor-top-section elementor-element elementor-element-feb8e05 elementor-section-boxed elementor-section-height-default elementor-section-height-default\" data-id=\"feb8e05\" data-element_type=\"section\">\n\t\t\t\t\t\t<div class=\"elementor-container elementor-column-gap-default\">\n\t\t\t\t\t<div class=\"elementor-column elementor-col-100 elementor-top-column elementor-element elementor-element-498f147\" data-id=\"498f147\" data-element_type=\"column\">\n\t\t\t<div class=\"elementor-widget-wrap elementor-element-populated\">\n\t\t\t\t\t\t<div class=\"elementor-element elementor-element-00e85f6 elementor-widget-divider--view-line elementor-widget elementor-widget-divider\" data-id=\"00e85f6\" data-element_type=\"widget\" data-widget_type=\"divider.default\">\n\t\t\t\t<div class=\"elementor-widget-container\">\n\t\t\t\t\t\t\t<div class=\"elementor-divider\">\n\t\t\t<span class=\"elementor-divider-separator\">\n\t\t\t\t\t\t<\/span>\n\t\t<\/div>\n\t\t\t\t\t\t<\/div>\n\t\t\t\t<\/div>\n\t\t\t\t\t<\/div>\n\t\t<\/div>\n\t\t\t\t\t<\/div>\n\t\t<\/section>\n\t\t\t\t<section class=\"elementor-section elementor-top-section elementor-element elementor-element-9e9a223 elementor-section-boxed elementor-section-height-default elementor-section-height-default\" data-id=\"9e9a223\" data-element_type=\"section\">\n\t\t\t\t\t\t<div class=\"elementor-container elementor-column-gap-default\">\n\t\t\t\t\t<div class=\"elementor-column elementor-col-100 elementor-top-column elementor-element elementor-element-e7a667a\" data-id=\"e7a667a\" data-element_type=\"column\">\n\t\t\t<div class=\"elementor-widget-wrap elementor-element-populated\">\n\t\t\t\t\t\t<div class=\"elementor-element elementor-element-3b08308 elementor-widget elementor-widget-text-editor\" data-id=\"3b08308\" data-element_type=\"widget\" data-widget_type=\"text-editor.default\">\n\t\t\t\t<div class=\"elementor-widget-container\">\n\t\t\t\t\t\t\t\t\t<h2>Les couleurs de la nature<\/h2>\t\t\t\t\t\t\t\t<\/div>\n\t\t\t\t<\/div>\n\t\t\t\t\t<\/div>\n\t\t<\/div>\n\t\t\t\t\t<\/div>\n\t\t<\/section>\n\t\t\t\t<section class=\"elementor-section elementor-top-section elementor-element elementor-element-0b4b25a elementor-section-boxed elementor-section-height-default elementor-section-height-default\" data-id=\"0b4b25a\" data-element_type=\"section\">\n\t\t\t\t\t\t<div class=\"elementor-container elementor-column-gap-default\">\n\t\t\t\t\t<div class=\"elementor-column elementor-col-100 elementor-top-column elementor-element elementor-element-42f37ee\" data-id=\"42f37ee\" data-element_type=\"column\">\n\t\t\t<div class=\"elementor-widget-wrap elementor-element-populated\">\n\t\t\t\t\t\t<div class=\"elementor-element elementor-element-3b0b9ee elementor-widget elementor-widget-text-editor\" data-id=\"3b0b9ee\" data-element_type=\"widget\" data-widget_type=\"text-editor.default\">\n\t\t\t\t<div class=\"elementor-widget-container\">\n\t\t\t\t\t\t\t\t\t<p>Elles s\u2019inscrivent dans un ph\u00e9nom\u00e8ne de changement de mode de vie pour un retour \u00e0 une vie plus proche de la nature en consommant mieux de mani\u00e8re plus raisonn\u00e9e et raisonnable. Les couleurs parlent ici de douceur, d\u2019apaisement et de s\u00e9r\u00e9nit\u00e9.<\/p>\t\t\t\t\t\t\t\t<\/div>\n\t\t\t\t<\/div>\n\t\t\t\t\t<\/div>\n\t\t<\/div>\n\t\t\t\t\t<\/div>\n\t\t<\/section>\n\t\t\t\t<section class=\"elementor-section elementor-top-section elementor-element elementor-element-fce0010 elementor-section-boxed elementor-section-height-default elementor-section-height-default\" data-id=\"fce0010\" data-element_type=\"section\">\n\t\t\t\t\t\t<div class=\"elementor-container elementor-column-gap-default\">\n\t\t\t\t\t<div class=\"elementor-column elementor-col-100 elementor-top-column elementor-element elementor-element-3a6789f\" data-id=\"3a6789f\" data-element_type=\"column\">\n\t\t\t<div class=\"elementor-widget-wrap elementor-element-populated\">\n\t\t\t\t\t\t<div class=\"elementor-element elementor-element-1cb01db elementor-widget elementor-widget-image\" data-id=\"1cb01db\" data-element_type=\"widget\" data-widget_type=\"image.default\">\n\t\t\t\t<div class=\"elementor-widget-container\">\n\t\t\t\t\t\t\t\t\t\t\t\t<figure class=\"wp-caption\">\n\t\t\t\t\t\t\t\t\t\t<img decoding=\"async\" width=\"700\" height=\"534\" src=\"https:\/\/www.macapflag.com\/blog\/wp-content\/uploads\/2021\/04\/tendances-couleurs-nature-2021.jpg\" class=\"attachment-large size-large wp-image-6956\" alt=\"\" srcset=\"https:\/\/www.macapflag.com\/blog\/wp-content\/uploads\/2021\/04\/tendances-couleurs-nature-2021.jpg 700w, https:\/\/www.macapflag.com\/blog\/wp-content\/uploads\/2021\/04\/tendances-couleurs-nature-2021-300x229.jpg 300w\" sizes=\"(max-width: 700px) 100vw, 700px\" \/>\t\t\t\t\t\t\t\t\t\t\t<figcaption class=\"widget-image-caption wp-caption-text\">Palette de couleurs naturelles <\/figcaption>\n\t\t\t\t\t\t\t\t\t\t<\/figure>\n\t\t\t\t\t\t\t\t\t<\/div>\n\t\t\t\t<\/div>\n\t\t\t\t\t<\/div>\n\t\t<\/div>\n\t\t\t\t\t<\/div>\n\t\t<\/section>\n\t\t\t\t<section class=\"elementor-section elementor-top-section elementor-element elementor-element-f41e0fa elementor-section-boxed elementor-section-height-default elementor-section-height-default\" data-id=\"f41e0fa\" data-element_type=\"section\">\n\t\t\t\t\t\t<div class=\"elementor-container elementor-column-gap-default\">\n\t\t\t\t\t<div class=\"elementor-column elementor-col-100 elementor-top-column elementor-element elementor-element-110b87f\" data-id=\"110b87f\" data-element_type=\"column\">\n\t\t\t<div class=\"elementor-widget-wrap elementor-element-populated\">\n\t\t\t\t\t\t<div class=\"elementor-element elementor-element-7dbd153 elementor-widget elementor-widget-text-editor\" data-id=\"7dbd153\" data-element_type=\"widget\" data-widget_type=\"text-editor.default\">\n\t\t\t\t<div class=\"elementor-widget-container\">\n\t\t\t\t\t\t\t\t\t<p>Les palettes des verts et celle des bruns se d\u00e9clinent aussi bien dans l\u2019univers de la d\u00e9co que dans celui de la mode, comme un signe d\u2019authenticit\u00e9, de simplicit\u00e9 et de valeur s\u00fbre. <br \/>L\u2019\u00e9dition du salon \u201cMaison &amp; Objets\u201d du mois de septembre 2020 confirmait cette tendance forte de l\u2019aspect naturel et organique dans l\u2019univers de la d\u00e9coration. <br \/>Du c\u00f4t\u00e9 de la beaut\u00e9 et du maquillage, on retrouve ces m\u00eames valeurs autour du beige, d\u00e9clin\u00e9 du ton le plus clair au plus intense.<br \/>Dans l\u2019univers de l\u2019illustration et du packaging, on retrouve \u00e9galement des teintes de beiges et de bruns qui jouent sur cette ambiance naturelle, presque \u00e9pur\u00e9e et neutre.<\/p>\t\t\t\t\t\t\t\t<\/div>\n\t\t\t\t<\/div>\n\t\t\t\t\t<\/div>\n\t\t<\/div>\n\t\t\t\t\t<\/div>\n\t\t<\/section>\n\t\t\t\t<section class=\"elementor-section elementor-top-section elementor-element elementor-element-e86db74 elementor-section-boxed elementor-section-height-default elementor-section-height-default\" data-id=\"e86db74\" data-element_type=\"section\">\n\t\t\t\t\t\t<div class=\"elementor-container elementor-column-gap-default\">\n\t\t\t\t\t<div class=\"elementor-column elementor-col-100 elementor-top-column elementor-element elementor-element-0bb217c\" data-id=\"0bb217c\" data-element_type=\"column\">\n\t\t\t<div class=\"elementor-widget-wrap elementor-element-populated\">\n\t\t\t\t\t\t<div class=\"elementor-element elementor-element-b8c75ab elementor-widget-divider--view-line elementor-widget elementor-widget-divider\" data-id=\"b8c75ab\" data-element_type=\"widget\" data-widget_type=\"divider.default\">\n\t\t\t\t<div class=\"elementor-widget-container\">\n\t\t\t\t\t\t\t<div class=\"elementor-divider\">\n\t\t\t<span class=\"elementor-divider-separator\">\n\t\t\t\t\t\t<\/span>\n\t\t<\/div>\n\t\t\t\t\t\t<\/div>\n\t\t\t\t<\/div>\n\t\t\t\t\t<\/div>\n\t\t<\/div>\n\t\t\t\t\t<\/div>\n\t\t<\/section>\n\t\t\t\t<section class=\"elementor-section elementor-top-section elementor-element elementor-element-ec924d4 elementor-section-boxed elementor-section-height-default elementor-section-height-default\" data-id=\"ec924d4\" data-element_type=\"section\">\n\t\t\t\t\t\t<div class=\"elementor-container elementor-column-gap-default\">\n\t\t\t\t\t<div class=\"elementor-column elementor-col-100 elementor-top-column elementor-element elementor-element-dc38224\" data-id=\"dc38224\" data-element_type=\"column\">\n\t\t\t<div class=\"elementor-widget-wrap elementor-element-populated\">\n\t\t\t\t\t\t<div class=\"elementor-element elementor-element-f468c58 elementor-widget elementor-widget-text-editor\" data-id=\"f468c58\" data-element_type=\"widget\" data-widget_type=\"text-editor.default\">\n\t\t\t\t<div class=\"elementor-widget-container\">\n\t\t\t\t\t\t\t\t\t<h2>Les touches m\u00e9talliques et la tendance &#8220;Art d\u00e9co&#8221;<\/h2>\t\t\t\t\t\t\t\t<\/div>\n\t\t\t\t<\/div>\n\t\t\t\t\t<\/div>\n\t\t<\/div>\n\t\t\t\t\t<\/div>\n\t\t<\/section>\n\t\t\t\t<section class=\"elementor-section elementor-top-section elementor-element elementor-element-6caf308 elementor-section-boxed elementor-section-height-default elementor-section-height-default\" data-id=\"6caf308\" data-element_type=\"section\">\n\t\t\t\t\t\t<div class=\"elementor-container elementor-column-gap-default\">\n\t\t\t\t\t<div class=\"elementor-column elementor-col-100 elementor-top-column elementor-element elementor-element-e105b0f\" data-id=\"e105b0f\" data-element_type=\"column\">\n\t\t\t<div class=\"elementor-widget-wrap elementor-element-populated\">\n\t\t\t\t\t\t<div class=\"elementor-element elementor-element-4e771f8 elementor-widget elementor-widget-text-editor\" data-id=\"4e771f8\" data-element_type=\"widget\" data-widget_type=\"text-editor.default\">\n\t\t\t\t<div class=\"elementor-widget-container\">\n\t\t\t\t\t\t\t\t\t<p>En termes de mati\u00e8res et de coloris, l\u2019art d\u00e9co marque son grand retour avec des nuances sombres, du vert fonc\u00e9 au gris anthracite, alli\u00e9es \u00e0 des couleurs m\u00e9talliques utilis\u00e9es avec parcimonie. <br \/>Vieil or, bronze, cuivre viennent par petites touches illuminer et \u00e9gayer un univers plus obscur.<br \/>Cette tendance est observ\u00e9e dans l\u2019univers de l&#8217;am\u00e9nagement int\u00e9rieur mais aussi en mati\u00e8re de graphisme. On retrouve souvent un grand aplat de couleur qui tient lieu de fond et un texte dor\u00e9 ou cuivr\u00e9 qui vient d\u00e9licatement s\u2019y poser.<\/p>\t\t\t\t\t\t\t\t<\/div>\n\t\t\t\t<\/div>\n\t\t\t\t\t<\/div>\n\t\t<\/div>\n\t\t\t\t\t<\/div>\n\t\t<\/section>\n\t\t\t\t<section class=\"elementor-section elementor-top-section elementor-element elementor-element-09a9a84 elementor-section-boxed elementor-section-height-default elementor-section-height-default\" data-id=\"09a9a84\" data-element_type=\"section\">\n\t\t\t\t\t\t<div class=\"elementor-container elementor-column-gap-default\">\n\t\t\t\t\t<div class=\"elementor-column elementor-col-100 elementor-top-column elementor-element elementor-element-6282120\" data-id=\"6282120\" data-element_type=\"column\">\n\t\t\t<div class=\"elementor-widget-wrap elementor-element-populated\">\n\t\t\t\t\t\t<div class=\"elementor-element elementor-element-9110f68 elementor-widget-divider--view-line elementor-widget elementor-widget-divider\" data-id=\"9110f68\" data-element_type=\"widget\" data-widget_type=\"divider.default\">\n\t\t\t\t<div class=\"elementor-widget-container\">\n\t\t\t\t\t\t\t<div class=\"elementor-divider\">\n\t\t\t<span class=\"elementor-divider-separator\">\n\t\t\t\t\t\t<\/span>\n\t\t<\/div>\n\t\t\t\t\t\t<\/div>\n\t\t\t\t<\/div>\n\t\t\t\t\t<\/div>\n\t\t<\/div>\n\t\t\t\t\t<\/div>\n\t\t<\/section>\n\t\t\t\t<section class=\"elementor-section elementor-top-section elementor-element elementor-element-674906b elementor-section-boxed elementor-section-height-default elementor-section-height-default\" data-id=\"674906b\" data-element_type=\"section\">\n\t\t\t\t\t\t<div class=\"elementor-container elementor-column-gap-default\">\n\t\t\t\t\t<div class=\"elementor-column elementor-col-100 elementor-top-column elementor-element elementor-element-1406cd3\" data-id=\"1406cd3\" data-element_type=\"column\">\n\t\t\t<div class=\"elementor-widget-wrap elementor-element-populated\">\n\t\t\t\t\t\t<div class=\"elementor-element elementor-element-fb29dd1 elementor-widget elementor-widget-text-editor\" data-id=\"fb29dd1\" data-element_type=\"widget\" data-widget_type=\"text-editor.default\">\n\t\t\t\t<div class=\"elementor-widget-container\">\n\t\t\t\t\t\t\t\t\t<h2>Les contrastes forts de couleurs<\/h2>\t\t\t\t\t\t\t\t<\/div>\n\t\t\t\t<\/div>\n\t\t\t\t\t<\/div>\n\t\t<\/div>\n\t\t\t\t\t<\/div>\n\t\t<\/section>\n\t\t\t\t<section class=\"elementor-section elementor-top-section elementor-element elementor-element-2f66e18 elementor-section-boxed elementor-section-height-default elementor-section-height-default\" data-id=\"2f66e18\" data-element_type=\"section\">\n\t\t\t\t\t\t<div class=\"elementor-container elementor-column-gap-default\">\n\t\t\t\t\t<div class=\"elementor-column elementor-col-100 elementor-top-column elementor-element elementor-element-8a3f8cb\" data-id=\"8a3f8cb\" data-element_type=\"column\">\n\t\t\t<div class=\"elementor-widget-wrap elementor-element-populated\">\n\t\t\t\t\t\t<div class=\"elementor-element elementor-element-7900b1e elementor-widget elementor-widget-text-editor\" data-id=\"7900b1e\" data-element_type=\"widget\" data-widget_type=\"text-editor.default\">\n\t\t\t\t<div class=\"elementor-widget-container\">\n\t\t\t\t\t\t\t\t\t<p>Il ne s\u2019agit pas ici d\u2019une couleur pr\u00e9cise mais plut\u00f4t d\u2019un mode d\u2019assemblage de couleurs qui cr\u00e9e une tendance. En 2021, on joue la carte des contrastes forts : une couleur relativement neutre qui forme un duo original et inattendu avec une couleur tr\u00e8s satur\u00e9e ou vive.<br \/>Dans l\u2019univers d\u00e9co, cette id\u00e9e peut \u00eatre illustr\u00e9e par un canap\u00e9 beige clair sur lequel on d\u00e9pose un coussin ocre et un coussin bleu marine.<br \/>Dans le monde de l\u2019illustration graphique, on aime un dessin en noir et blanc sur un fond vert pomme ou jaune vif.<br \/>Dans la mode, on verra d\u00e9filer un mannequin v\u00eatu d\u2019un chemisier rose pop ou vert acidul\u00e9 et d\u2019une jupe de couleur claire.<\/p>\t\t\t\t\t\t\t\t<\/div>\n\t\t\t\t<\/div>\n\t\t\t\t\t<\/div>\n\t\t<\/div>\n\t\t\t\t\t<\/div>\n\t\t<\/section>\n\t\t\t\t<section class=\"elementor-section elementor-top-section elementor-element elementor-element-80e54ee elementor-section-boxed elementor-section-height-default elementor-section-height-default\" data-id=\"80e54ee\" data-element_type=\"section\">\n\t\t\t\t\t\t<div class=\"elementor-container elementor-column-gap-default\">\n\t\t\t\t\t<div class=\"elementor-column elementor-col-100 elementor-top-column elementor-element elementor-element-9e944f1\" data-id=\"9e944f1\" data-element_type=\"column\">\n\t\t\t<div class=\"elementor-widget-wrap elementor-element-populated\">\n\t\t\t\t\t\t<div class=\"elementor-element elementor-element-6ab252e elementor-widget-divider--view-line elementor-widget elementor-widget-divider\" data-id=\"6ab252e\" data-element_type=\"widget\" data-widget_type=\"divider.default\">\n\t\t\t\t<div class=\"elementor-widget-container\">\n\t\t\t\t\t\t\t<div class=\"elementor-divider\">\n\t\t\t<span class=\"elementor-divider-separator\">\n\t\t\t\t\t\t<\/span>\n\t\t<\/div>\n\t\t\t\t\t\t<\/div>\n\t\t\t\t<\/div>\n\t\t\t\t\t<\/div>\n\t\t<\/div>\n\t\t\t\t\t<\/div>\n\t\t<\/section>\n\t\t\t\t<section class=\"elementor-section elementor-top-section elementor-element elementor-element-3c32226 elementor-section-boxed elementor-section-height-default elementor-section-height-default\" data-id=\"3c32226\" data-element_type=\"section\">\n\t\t\t\t\t\t<div class=\"elementor-container elementor-column-gap-default\">\n\t\t\t\t\t<div class=\"elementor-column elementor-col-100 elementor-top-column elementor-element elementor-element-e6dd848\" data-id=\"e6dd848\" data-element_type=\"column\">\n\t\t\t<div class=\"elementor-widget-wrap elementor-element-populated\">\n\t\t\t\t\t\t<div class=\"elementor-element elementor-element-d6c6021 elementor-widget elementor-widget-text-editor\" data-id=\"d6c6021\" data-element_type=\"widget\" data-widget_type=\"text-editor.default\">\n\t\t\t\t<div class=\"elementor-widget-container\">\n\t\t\t\t\t\t\t\t\t<h2>Pink is back !<\/h2>\t\t\t\t\t\t\t\t<\/div>\n\t\t\t\t<\/div>\n\t\t\t\t\t<\/div>\n\t\t<\/div>\n\t\t\t\t\t<\/div>\n\t\t<\/section>\n\t\t\t\t<section class=\"elementor-section elementor-top-section elementor-element elementor-element-dee5f04 elementor-section-boxed elementor-section-height-default elementor-section-height-default\" data-id=\"dee5f04\" data-element_type=\"section\">\n\t\t\t\t\t\t<div class=\"elementor-container elementor-column-gap-default\">\n\t\t\t\t\t<div class=\"elementor-column elementor-col-100 elementor-top-column elementor-element elementor-element-87b76b9\" data-id=\"87b76b9\" data-element_type=\"column\">\n\t\t\t<div class=\"elementor-widget-wrap elementor-element-populated\">\n\t\t\t\t\t\t<div class=\"elementor-element elementor-element-f03ed35 elementor-widget elementor-widget-text-editor\" data-id=\"f03ed35\" data-element_type=\"widget\" data-widget_type=\"text-editor.default\">\n\t\t\t\t<div class=\"elementor-widget-container\">\n\t\t\t\t\t\t\t\t\t<p>L\u2019ann\u00e9e 2021 marque le grand retour de la couleur rose. Si la couleur rose s\u2019invite dans la d\u00e9co avec des tonalit\u00e9s douces et naturelles, le rose est plus vif du c\u00f4t\u00e9 de la mode avec du rose pop, du fuschia et des tendances acidul\u00e9es. <br \/>Au niveau des images et des illustrations, on retrouve fr\u00e9quemment la couleur rose alli\u00e9e \u00e0 une couleur satur\u00e9e plus puissante.<\/p>\t\t\t\t\t\t\t\t<\/div>\n\t\t\t\t<\/div>\n\t\t\t\t\t<\/div>\n\t\t<\/div>\n\t\t\t\t\t<\/div>\n\t\t<\/section>\n\t\t\t\t<section class=\"elementor-section elementor-top-section elementor-element elementor-element-2bda71b elementor-section-boxed elementor-section-height-default elementor-section-height-default\" data-id=\"2bda71b\" data-element_type=\"section\">\n\t\t\t\t\t\t<div class=\"elementor-container elementor-column-gap-default\">\n\t\t\t\t\t<div class=\"elementor-column elementor-col-100 elementor-top-column elementor-element elementor-element-9839bdb\" data-id=\"9839bdb\" data-element_type=\"column\">\n\t\t\t<div class=\"elementor-widget-wrap elementor-element-populated\">\n\t\t\t\t\t\t<div class=\"elementor-element elementor-element-dbf87cd elementor-widget-divider--view-line elementor-widget elementor-widget-divider\" data-id=\"dbf87cd\" data-element_type=\"widget\" data-widget_type=\"divider.default\">\n\t\t\t\t<div class=\"elementor-widget-container\">\n\t\t\t\t\t\t\t<div class=\"elementor-divider\">\n\t\t\t<span class=\"elementor-divider-separator\">\n\t\t\t\t\t\t<\/span>\n\t\t<\/div>\n\t\t\t\t\t\t<\/div>\n\t\t\t\t<\/div>\n\t\t\t\t\t<\/div>\n\t\t<\/div>\n\t\t\t\t\t<\/div>\n\t\t<\/section>\n\t\t\t\t<section class=\"elementor-section elementor-top-section elementor-element elementor-element-ff8f671 elementor-section-boxed elementor-section-height-default elementor-section-height-default\" data-id=\"ff8f671\" data-element_type=\"section\">\n\t\t\t\t\t\t<div class=\"elementor-container elementor-column-gap-default\">\n\t\t\t\t\t<div class=\"elementor-column elementor-col-100 elementor-top-column elementor-element elementor-element-0710761\" data-id=\"0710761\" data-element_type=\"column\">\n\t\t\t<div class=\"elementor-widget-wrap elementor-element-populated\">\n\t\t\t\t\t\t<div class=\"elementor-element elementor-element-1512d1d elementor-widget elementor-widget-text-editor\" data-id=\"1512d1d\" data-element_type=\"widget\" data-widget_type=\"text-editor.default\">\n\t\t\t\t<div class=\"elementor-widget-container\">\n\t\t\t\t\t\t\t\t\t<h2>Et les supports de communication alors ?&#8230;<\/h2>\t\t\t\t\t\t\t\t<\/div>\n\t\t\t\t<\/div>\n\t\t\t\t\t<\/div>\n\t\t<\/div>\n\t\t\t\t\t<\/div>\n\t\t<\/section>\n\t\t\t\t<section class=\"elementor-section elementor-top-section elementor-element elementor-element-31b73e4 elementor-section-boxed elementor-section-height-default elementor-section-height-default\" data-id=\"31b73e4\" data-element_type=\"section\">\n\t\t\t\t\t\t<div class=\"elementor-container elementor-column-gap-default\">\n\t\t\t\t\t<div class=\"elementor-column elementor-col-100 elementor-top-column elementor-element elementor-element-734fc6a\" data-id=\"734fc6a\" data-element_type=\"column\">\n\t\t\t<div class=\"elementor-widget-wrap elementor-element-populated\">\n\t\t\t\t\t\t<div class=\"elementor-element elementor-element-1e0268b elementor-widget elementor-widget-image\" data-id=\"1e0268b\" data-element_type=\"widget\" data-widget_type=\"image.default\">\n\t\t\t\t<div class=\"elementor-widget-container\">\n\t\t\t\t\t\t\t\t\t\t\t\t<figure class=\"wp-caption\">\n\t\t\t\t\t\t\t\t\t\t<img decoding=\"async\" width=\"700\" height=\"534\" src=\"https:\/\/www.macapflag.com\/blog\/wp-content\/uploads\/2021\/04\/tendances-couleurs-deco.jpg\" class=\"attachment-large size-large wp-image-6963\" alt=\"\" srcset=\"https:\/\/www.macapflag.com\/blog\/wp-content\/uploads\/2021\/04\/tendances-couleurs-deco.jpg 700w, https:\/\/www.macapflag.com\/blog\/wp-content\/uploads\/2021\/04\/tendances-couleurs-deco-300x229.jpg 300w\" sizes=\"(max-width: 700px) 100vw, 700px\" \/>\t\t\t\t\t\t\t\t\t\t\t<figcaption class=\"widget-image-caption wp-caption-text\">Les couleurs tendances s'invitent dans l'univers de l'agencement et de la d\u00e9co<\/figcaption>\n\t\t\t\t\t\t\t\t\t\t<\/figure>\n\t\t\t\t\t\t\t\t\t<\/div>\n\t\t\t\t<\/div>\n\t\t\t\t\t<\/div>\n\t\t<\/div>\n\t\t\t\t\t<\/div>\n\t\t<\/section>\n\t\t\t\t<section class=\"elementor-section elementor-top-section elementor-element elementor-element-ee6afa2 elementor-section-boxed elementor-section-height-default elementor-section-height-default\" data-id=\"ee6afa2\" data-element_type=\"section\">\n\t\t\t\t\t\t<div class=\"elementor-container elementor-column-gap-default\">\n\t\t\t\t\t<div class=\"elementor-column elementor-col-100 elementor-top-column elementor-element elementor-element-9bc9fab\" data-id=\"9bc9fab\" data-element_type=\"column\">\n\t\t\t<div class=\"elementor-widget-wrap elementor-element-populated\">\n\t\t\t\t\t\t<div class=\"elementor-element elementor-element-40d1a66 elementor-widget elementor-widget-text-editor\" data-id=\"40d1a66\" data-element_type=\"widget\" data-widget_type=\"text-editor.default\">\n\t\t\t\t<div class=\"elementor-widget-container\">\n\t\t\t\t\t\t\t\t\t<p>Le monde de la communication et de la PLV a pour habitude d\u2019\u00eatre le reflet des tendances actuelles. <br \/>Qu\u2019ils soient destin\u00e9s \u00e0 un usage indoor ou outdoor, on retrouve sur les <a href=\"https:\/\/www.macapflag.com\/41-beach-flag-oriflamme\"><strong><span style=\"color: #3366ff;\">beach flags<\/span><\/strong><\/a>, <a href=\"https:\/\/www.macapflag.com\/34-kakemono-suspendu-rideau\"><strong><span style=\"color: #3366ff;\">kak\u00e9monos<\/span><\/strong><\/a> et autres drapeaux publicitaires, les couleurs tendances du moment. La surface de la voile 100% personnalisable qui n\u2019impose aucune limite aux cr\u00e9atifs, leur permet d\u2019illustrer un message en s\u2019inspirant librement de leur environnement.<br \/>Dans l\u2019univers de la d\u00e9coration et de l\u2019agencement, on observe le m\u00eame ph\u00e9nom\u00e8ne, accentu\u00e9 par les nombreuses possibilit\u00e9s qu\u2019offre aujourd\u2019hui la personnalisation. Rideaux, <a href=\"https:\/\/www.macapflag.com\/117-cadre-toile-tendue\"><strong><span style=\"color: #3366ff;\">cadre toile tendue<\/span><\/strong><\/a>, pouf cube sont autant d\u2019objets du mobilier qui peuvent \u00eatre personnalis\u00e9s aux couleurs du moment.<\/p>\t\t\t\t\t\t\t\t<\/div>\n\t\t\t\t<\/div>\n\t\t\t\t\t<\/div>\n\t\t<\/div>\n\t\t\t\t\t<\/div>\n\t\t<\/section>\n\t\t\t\t<section class=\"elementor-section elementor-top-section elementor-element elementor-element-c65355a elementor-section-boxed elementor-section-height-default elementor-section-height-default\" data-id=\"c65355a\" data-element_type=\"section\">\n\t\t\t\t\t\t<div class=\"elementor-container elementor-column-gap-default\">\n\t\t\t\t\t<div class=\"elementor-column elementor-col-100 elementor-top-column elementor-element elementor-element-d1da964\" data-id=\"d1da964\" data-element_type=\"column\">\n\t\t\t<div class=\"elementor-widget-wrap elementor-element-populated\">\n\t\t\t\t\t\t<div class=\"elementor-element elementor-element-4ff66b6 elementor-widget elementor-widget-image\" data-id=\"4ff66b6\" data-element_type=\"widget\" data-widget_type=\"image.default\">\n\t\t\t\t<div class=\"elementor-widget-container\">\n\t\t\t\t\t\t\t\t\t\t\t\t\t\t\t\t<a href=\"https:\/\/www.macapflag.com\/\">\n\t\t\t\t\t\t\t<img loading=\"lazy\" decoding=\"async\" width=\"700\" height=\"320\" src=\"https:\/\/www.macapflag.com\/blog\/wp-content\/uploads\/2021\/04\/fabriquant-de-drapeaux-kakemonos-banderoles-beach-flags-oriflammes-macap.jpg\" class=\"attachment-large size-large wp-image-10133\" alt=\"Macap fabriquant de drapeaux kak\u00e9mono banderole beach flag oriflamme\" srcset=\"https:\/\/www.macapflag.com\/blog\/wp-content\/uploads\/2021\/04\/fabriquant-de-drapeaux-kakemonos-banderoles-beach-flags-oriflammes-macap.jpg 700w, https:\/\/www.macapflag.com\/blog\/wp-content\/uploads\/2021\/04\/fabriquant-de-drapeaux-kakemonos-banderoles-beach-flags-oriflammes-macap-300x137.jpg 300w\" sizes=\"(max-width: 700px) 100vw, 700px\" \/>\t\t\t\t\t\t\t\t<\/a>\n\t\t\t\t\t\t\t\t\t\t\t\t\t\t\t<\/div>\n\t\t\t\t<\/div>\n\t\t\t\t\t<\/div>\n\t\t<\/div>\n\t\t\t\t\t<\/div>\n\t\t<\/section>\n\t\t\t\t<\/div>\n\t\t","protected":false},"excerpt":{"rendered":"<div class=\"tmnf_excerpt\"><p>La couleur Pantone de l&#8217;ann\u00e9e En D\u00e9cembre 2020, L\u00e9atrice Eiseman, Directrice ex\u00e9cutive du Pantone\u00ae Color Institute donnait le ton en r\u00e9v\u00e9lant la tant attendue \u201ccolor of the year 2021\u201d. Pour succ\u00e9der au Classic-Blue de l\u2019ann\u00e9e 2020, ce sont deux couleurs qui ont \u00e9t\u00e9 choisies. Le jaune Illuminating associ\u00e9 \u00e0 l\u2019ultimate grey pour nous apporter r\u00e9silience &hellip;<\/p>\n<\/div>","protected":false},"author":2,"featured_media":8445,"comment_status":"closed","ping_status":"open","sticky":false,"template":"template-fullwidth.php","format":"standard","meta":{"footnotes":""},"categories":[93],"tags":[],"class_list":["post-6949","post","type-post","status-publish","format-standard","has-post-thumbnail","hentry","category-com"],"yoast_head":"<!-- This site is optimized with the Yoast SEO plugin v26.4 - https:\/\/yoast.com\/wordpress\/plugins\/seo\/ -->\n<title>Toutes les tendances couleurs 2021 : d\u00e9co, agencement, mode, publicit\u00e9<\/title>\n<meta name=\"description\" content=\"Quelles sont les couleurs de l&#039;ann\u00e9e 2021 ? Mode, d\u00e9co, agencement, illustration, on vous dit tout sur les coloris tendances du moment\" \/>\n<meta name=\"robots\" content=\"index, follow, max-snippet:-1, max-image-preview:large, max-video-preview:-1\" \/>\n<link rel=\"canonical\" href=\"https:\/\/www.macapflag.com\/blog\/couleurs\/\" \/>\n<meta property=\"og:locale\" content=\"fr_FR\" \/>\n<meta property=\"og:type\" content=\"article\" \/>\n<meta property=\"og:title\" content=\"Toutes les tendances couleurs 2021 : d\u00e9co, agencement, mode, publicit\u00e9\" \/>\n<meta property=\"og:description\" content=\"Quelles sont les couleurs de l&#039;ann\u00e9e 2021 ? Mode, d\u00e9co, agencement, illustration, on vous dit tout sur les coloris tendances du moment\" \/>\n<meta property=\"og:url\" content=\"https:\/\/www.macapflag.com\/blog\/couleurs\/\" \/>\n<meta property=\"og:site_name\" content=\"Blog - Macap\" \/>\n<meta property=\"article:publisher\" content=\"https:\/\/www.facebook.com\/macap.pavoisement\/\" \/>\n<meta property=\"article:published_time\" content=\"2021-04-06T09:09:27+00:00\" \/>\n<meta property=\"article:modified_time\" content=\"2022-04-19T09:18:42+00:00\" \/>\n<meta property=\"og:image\" content=\"https:\/\/www.macapflag.com\/blog\/wp-content\/uploads\/2021\/04\/les-tendances-couleurs-de-lannee-2021.jpg\" \/>\n\t<meta property=\"og:image:width\" content=\"870\" \/>\n\t<meta property=\"og:image:height\" content=\"600\" \/>\n\t<meta property=\"og:image:type\" content=\"image\/jpeg\" \/>\n<meta name=\"author\" content=\"Blog Macap\" \/>\n<meta name=\"twitter:card\" content=\"summary_large_image\" \/>\n<meta name=\"twitter:label1\" content=\"\u00c9crit par\" \/>\n\t<meta name=\"twitter:data1\" content=\"Blog Macap\" \/>\n\t<meta name=\"twitter:label2\" content=\"Dur\u00e9e de lecture estim\u00e9e\" \/>\n\t<meta name=\"twitter:data2\" content=\"5 minutes\" \/>\n<script type=\"application\/ld+json\" class=\"yoast-schema-graph\">{\"@context\":\"https:\/\/schema.org\",\"@graph\":[{\"@type\":\"Article\",\"@id\":\"https:\/\/www.macapflag.com\/blog\/couleurs\/#article\",\"isPartOf\":{\"@id\":\"https:\/\/www.macapflag.com\/blog\/couleurs\/\"},\"author\":{\"name\":\"Blog Macap\",\"@id\":\"https:\/\/www.macapflag.com\/blog\/#\/schema\/person\/3fea701f2603875e651e6b662578fc3c\"},\"headline\":\"Quelles sont les tendances couleurs en 2021 ?\",\"datePublished\":\"2021-04-06T09:09:27+00:00\",\"dateModified\":\"2022-04-19T09:18:42+00:00\",\"mainEntityOfPage\":{\"@id\":\"https:\/\/www.macapflag.com\/blog\/couleurs\/\"},\"wordCount\":763,\"publisher\":{\"@id\":\"https:\/\/www.macapflag.com\/blog\/#organization\"},\"image\":{\"@id\":\"https:\/\/www.macapflag.com\/blog\/couleurs\/#primaryimage\"},\"thumbnailUrl\":\"https:\/\/www.macapflag.com\/blog\/wp-content\/uploads\/2021\/04\/les-tendances-couleurs-de-lannee-2021.jpg\",\"articleSection\":[\"Le monde de la Com'\"],\"inLanguage\":\"fr-FR\"},{\"@type\":\"WebPage\",\"@id\":\"https:\/\/www.macapflag.com\/blog\/couleurs\/\",\"url\":\"https:\/\/www.macapflag.com\/blog\/couleurs\/\",\"name\":\"Toutes les tendances couleurs 2021 : d\u00e9co, agencement, mode, publicit\u00e9\",\"isPartOf\":{\"@id\":\"https:\/\/www.macapflag.com\/blog\/#website\"},\"primaryImageOfPage\":{\"@id\":\"https:\/\/www.macapflag.com\/blog\/couleurs\/#primaryimage\"},\"image\":{\"@id\":\"https:\/\/www.macapflag.com\/blog\/couleurs\/#primaryimage\"},\"thumbnailUrl\":\"https:\/\/www.macapflag.com\/blog\/wp-content\/uploads\/2021\/04\/les-tendances-couleurs-de-lannee-2021.jpg\",\"datePublished\":\"2021-04-06T09:09:27+00:00\",\"dateModified\":\"2022-04-19T09:18:42+00:00\",\"description\":\"Quelles sont les couleurs de l'ann\u00e9e 2021 ? Mode, d\u00e9co, agencement, illustration, on vous dit tout sur les coloris tendances du moment\",\"breadcrumb\":{\"@id\":\"https:\/\/www.macapflag.com\/blog\/couleurs\/#breadcrumb\"},\"inLanguage\":\"fr-FR\",\"potentialAction\":[{\"@type\":\"ReadAction\",\"target\":[\"https:\/\/www.macapflag.com\/blog\/couleurs\/\"]}]},{\"@type\":\"ImageObject\",\"inLanguage\":\"fr-FR\",\"@id\":\"https:\/\/www.macapflag.com\/blog\/couleurs\/#primaryimage\",\"url\":\"https:\/\/www.macapflag.com\/blog\/wp-content\/uploads\/2021\/04\/les-tendances-couleurs-de-lannee-2021.jpg\",\"contentUrl\":\"https:\/\/www.macapflag.com\/blog\/wp-content\/uploads\/2021\/04\/les-tendances-couleurs-de-lannee-2021.jpg\",\"width\":870,\"height\":600,\"caption\":\"Les tendances couleurs de l'ann\u00e9e 2021\"},{\"@type\":\"BreadcrumbList\",\"@id\":\"https:\/\/www.macapflag.com\/blog\/couleurs\/#breadcrumb\",\"itemListElement\":[{\"@type\":\"ListItem\",\"position\":1,\"name\":\"Accueil\",\"item\":\"https:\/\/www.macapflag.com\/blog\/\"},{\"@type\":\"ListItem\",\"position\":2,\"name\":\"Quelles sont les tendances couleurs en 2021 ?\"}]},{\"@type\":\"WebSite\",\"@id\":\"https:\/\/www.macapflag.com\/blog\/#website\",\"url\":\"https:\/\/www.macapflag.com\/blog\/\",\"name\":\"Blog - Macap\",\"description\":\"Tous nos articles\",\"publisher\":{\"@id\":\"https:\/\/www.macapflag.com\/blog\/#organization\"},\"potentialAction\":[{\"@type\":\"SearchAction\",\"target\":{\"@type\":\"EntryPoint\",\"urlTemplate\":\"https:\/\/www.macapflag.com\/blog\/?s={search_term_string}\"},\"query-input\":{\"@type\":\"PropertyValueSpecification\",\"valueRequired\":true,\"valueName\":\"search_term_string\"}}],\"inLanguage\":\"fr-FR\"},{\"@type\":\"Organization\",\"@id\":\"https:\/\/www.macapflag.com\/blog\/#organization\",\"name\":\"macapflag\",\"url\":\"https:\/\/www.macapflag.com\/blog\/\",\"logo\":{\"@type\":\"ImageObject\",\"inLanguage\":\"fr-FR\",\"@id\":\"https:\/\/www.macapflag.com\/blog\/#\/schema\/logo\/image\/\",\"url\":\"https:\/\/www.macapflag.com\/blog\/wp-content\/uploads\/2020\/12\/cropped-M-512-1.png\",\"contentUrl\":\"https:\/\/www.macapflag.com\/blog\/wp-content\/uploads\/2020\/12\/cropped-M-512-1.png\",\"width\":512,\"height\":512,\"caption\":\"macapflag\"},\"image\":{\"@id\":\"https:\/\/www.macapflag.com\/blog\/#\/schema\/logo\/image\/\"},\"sameAs\":[\"https:\/\/www.facebook.com\/macap.pavoisement\/\",\"https:\/\/www.instagram.com\/macapflag\/?hl=fr\",\"https:\/\/www.linkedin.com\/company\/macap\/?originalSubdomain=fr\",\"https:\/\/www.youtube.com\/channel\/UCXNzTIdZh9poEBjSXEqDtNw\"]},{\"@type\":\"Person\",\"@id\":\"https:\/\/www.macapflag.com\/blog\/#\/schema\/person\/3fea701f2603875e651e6b662578fc3c\",\"name\":\"Blog Macap\",\"image\":{\"@type\":\"ImageObject\",\"inLanguage\":\"fr-FR\",\"@id\":\"https:\/\/www.macapflag.com\/blog\/#\/schema\/person\/image\/\",\"url\":\"https:\/\/secure.gravatar.com\/avatar\/c12551f2dc51f0db049633b03e7856985477a70da834cc8967dea4ce54bdd6a2?s=96&d=mm&r=g\",\"contentUrl\":\"https:\/\/secure.gravatar.com\/avatar\/c12551f2dc51f0db049633b03e7856985477a70da834cc8967dea4ce54bdd6a2?s=96&d=mm&r=g\",\"caption\":\"Blog Macap\"},\"url\":\"https:\/\/www.macapflag.com\/blog\/author\/macap\/\"}]}<\/script>\n<!-- \/ Yoast SEO plugin. -->","yoast_head_json":{"title":"Toutes les tendances couleurs 2021 : d\u00e9co, agencement, mode, publicit\u00e9","description":"Quelles sont les couleurs de l'ann\u00e9e 2021 ? Mode, d\u00e9co, agencement, illustration, on vous dit tout sur les coloris tendances du moment","robots":{"index":"index","follow":"follow","max-snippet":"max-snippet:-1","max-image-preview":"max-image-preview:large","max-video-preview":"max-video-preview:-1"},"canonical":"https:\/\/www.macapflag.com\/blog\/couleurs\/","og_locale":"fr_FR","og_type":"article","og_title":"Toutes les tendances couleurs 2021 : d\u00e9co, agencement, mode, publicit\u00e9","og_description":"Quelles sont les couleurs de l'ann\u00e9e 2021 ? Mode, d\u00e9co, agencement, illustration, on vous dit tout sur les coloris tendances du moment","og_url":"https:\/\/www.macapflag.com\/blog\/couleurs\/","og_site_name":"Blog - Macap","article_publisher":"https:\/\/www.facebook.com\/macap.pavoisement\/","article_published_time":"2021-04-06T09:09:27+00:00","article_modified_time":"2022-04-19T09:18:42+00:00","og_image":[{"width":870,"height":600,"url":"https:\/\/www.macapflag.com\/blog\/wp-content\/uploads\/2021\/04\/les-tendances-couleurs-de-lannee-2021.jpg","type":"image\/jpeg"}],"author":"Blog Macap","twitter_card":"summary_large_image","twitter_misc":{"\u00c9crit par":"Blog Macap","Dur\u00e9e de lecture estim\u00e9e":"5 minutes"},"schema":{"@context":"https:\/\/schema.org","@graph":[{"@type":"Article","@id":"https:\/\/www.macapflag.com\/blog\/couleurs\/#article","isPartOf":{"@id":"https:\/\/www.macapflag.com\/blog\/couleurs\/"},"author":{"name":"Blog Macap","@id":"https:\/\/www.macapflag.com\/blog\/#\/schema\/person\/3fea701f2603875e651e6b662578fc3c"},"headline":"Quelles sont les tendances couleurs en 2021 ?","datePublished":"2021-04-06T09:09:27+00:00","dateModified":"2022-04-19T09:18:42+00:00","mainEntityOfPage":{"@id":"https:\/\/www.macapflag.com\/blog\/couleurs\/"},"wordCount":763,"publisher":{"@id":"https:\/\/www.macapflag.com\/blog\/#organization"},"image":{"@id":"https:\/\/www.macapflag.com\/blog\/couleurs\/#primaryimage"},"thumbnailUrl":"https:\/\/www.macapflag.com\/blog\/wp-content\/uploads\/2021\/04\/les-tendances-couleurs-de-lannee-2021.jpg","articleSection":["Le monde de la Com'"],"inLanguage":"fr-FR"},{"@type":"WebPage","@id":"https:\/\/www.macapflag.com\/blog\/couleurs\/","url":"https:\/\/www.macapflag.com\/blog\/couleurs\/","name":"Toutes les tendances couleurs 2021 : d\u00e9co, agencement, mode, publicit\u00e9","isPartOf":{"@id":"https:\/\/www.macapflag.com\/blog\/#website"},"primaryImageOfPage":{"@id":"https:\/\/www.macapflag.com\/blog\/couleurs\/#primaryimage"},"image":{"@id":"https:\/\/www.macapflag.com\/blog\/couleurs\/#primaryimage"},"thumbnailUrl":"https:\/\/www.macapflag.com\/blog\/wp-content\/uploads\/2021\/04\/les-tendances-couleurs-de-lannee-2021.jpg","datePublished":"2021-04-06T09:09:27+00:00","dateModified":"2022-04-19T09:18:42+00:00","description":"Quelles sont les couleurs de l'ann\u00e9e 2021 ? Mode, d\u00e9co, agencement, illustration, on vous dit tout sur les coloris tendances du moment","breadcrumb":{"@id":"https:\/\/www.macapflag.com\/blog\/couleurs\/#breadcrumb"},"inLanguage":"fr-FR","potentialAction":[{"@type":"ReadAction","target":["https:\/\/www.macapflag.com\/blog\/couleurs\/"]}]},{"@type":"ImageObject","inLanguage":"fr-FR","@id":"https:\/\/www.macapflag.com\/blog\/couleurs\/#primaryimage","url":"https:\/\/www.macapflag.com\/blog\/wp-content\/uploads\/2021\/04\/les-tendances-couleurs-de-lannee-2021.jpg","contentUrl":"https:\/\/www.macapflag.com\/blog\/wp-content\/uploads\/2021\/04\/les-tendances-couleurs-de-lannee-2021.jpg","width":870,"height":600,"caption":"Les tendances couleurs de l'ann\u00e9e 2021"},{"@type":"BreadcrumbList","@id":"https:\/\/www.macapflag.com\/blog\/couleurs\/#breadcrumb","itemListElement":[{"@type":"ListItem","position":1,"name":"Accueil","item":"https:\/\/www.macapflag.com\/blog\/"},{"@type":"ListItem","position":2,"name":"Quelles sont les tendances couleurs en 2021 ?"}]},{"@type":"WebSite","@id":"https:\/\/www.macapflag.com\/blog\/#website","url":"https:\/\/www.macapflag.com\/blog\/","name":"Blog - Macap","description":"Tous nos articles","publisher":{"@id":"https:\/\/www.macapflag.com\/blog\/#organization"},"potentialAction":[{"@type":"SearchAction","target":{"@type":"EntryPoint","urlTemplate":"https:\/\/www.macapflag.com\/blog\/?s={search_term_string}"},"query-input":{"@type":"PropertyValueSpecification","valueRequired":true,"valueName":"search_term_string"}}],"inLanguage":"fr-FR"},{"@type":"Organization","@id":"https:\/\/www.macapflag.com\/blog\/#organization","name":"macapflag","url":"https:\/\/www.macapflag.com\/blog\/","logo":{"@type":"ImageObject","inLanguage":"fr-FR","@id":"https:\/\/www.macapflag.com\/blog\/#\/schema\/logo\/image\/","url":"https:\/\/www.macapflag.com\/blog\/wp-content\/uploads\/2020\/12\/cropped-M-512-1.png","contentUrl":"https:\/\/www.macapflag.com\/blog\/wp-content\/uploads\/2020\/12\/cropped-M-512-1.png","width":512,"height":512,"caption":"macapflag"},"image":{"@id":"https:\/\/www.macapflag.com\/blog\/#\/schema\/logo\/image\/"},"sameAs":["https:\/\/www.facebook.com\/macap.pavoisement\/","https:\/\/www.instagram.com\/macapflag\/?hl=fr","https:\/\/www.linkedin.com\/company\/macap\/?originalSubdomain=fr","https:\/\/www.youtube.com\/channel\/UCXNzTIdZh9poEBjSXEqDtNw"]},{"@type":"Person","@id":"https:\/\/www.macapflag.com\/blog\/#\/schema\/person\/3fea701f2603875e651e6b662578fc3c","name":"Blog Macap","image":{"@type":"ImageObject","inLanguage":"fr-FR","@id":"https:\/\/www.macapflag.com\/blog\/#\/schema\/person\/image\/","url":"https:\/\/secure.gravatar.com\/avatar\/c12551f2dc51f0db049633b03e7856985477a70da834cc8967dea4ce54bdd6a2?s=96&d=mm&r=g","contentUrl":"https:\/\/secure.gravatar.com\/avatar\/c12551f2dc51f0db049633b03e7856985477a70da834cc8967dea4ce54bdd6a2?s=96&d=mm&r=g","caption":"Blog Macap"},"url":"https:\/\/www.macapflag.com\/blog\/author\/macap\/"}]}},"_links":{"self":[{"href":"https:\/\/www.macapflag.com\/blog\/wp-json\/wp\/v2\/posts\/6949","targetHints":{"allow":["GET"]}}],"collection":[{"href":"https:\/\/www.macapflag.com\/blog\/wp-json\/wp\/v2\/posts"}],"about":[{"href":"https:\/\/www.macapflag.com\/blog\/wp-json\/wp\/v2\/types\/post"}],"author":[{"embeddable":true,"href":"https:\/\/www.macapflag.com\/blog\/wp-json\/wp\/v2\/users\/2"}],"replies":[{"embeddable":true,"href":"https:\/\/www.macapflag.com\/blog\/wp-json\/wp\/v2\/comments?post=6949"}],"version-history":[{"count":35,"href":"https:\/\/www.macapflag.com\/blog\/wp-json\/wp\/v2\/posts\/6949\/revisions"}],"predecessor-version":[{"id":10140,"href":"https:\/\/www.macapflag.com\/blog\/wp-json\/wp\/v2\/posts\/6949\/revisions\/10140"}],"wp:featuredmedia":[{"embeddable":true,"href":"https:\/\/www.macapflag.com\/blog\/wp-json\/wp\/v2\/media\/8445"}],"wp:attachment":[{"href":"https:\/\/www.macapflag.com\/blog\/wp-json\/wp\/v2\/media?parent=6949"}],"wp:term":[{"taxonomy":"category","embeddable":true,"href":"https:\/\/www.macapflag.com\/blog\/wp-json\/wp\/v2\/categories?post=6949"},{"taxonomy":"post_tag","embeddable":true,"href":"https:\/\/www.macapflag.com\/blog\/wp-json\/wp\/v2\/tags?post=6949"}],"curies":[{"name":"wp","href":"https:\/\/api.w.org\/{rel}","templated":true}]}}