{"id":7267,"date":"2021-05-10T15:02:27","date_gmt":"2021-05-10T13:02:27","guid":{"rendered":"https:\/\/www.macapflag.com\/blog\/?p=7267"},"modified":"2021-05-17T09:02:42","modified_gmt":"2021-05-17T07:02:42","slug":"lanniversaire-napoleonien","status":"publish","type":"post","link":"https:\/\/www.macapflag.com\/blog\/lanniversaire-napoleonien\/","title":{"rendered":"L&#8217;anniversaire napol\u00e9onien"},"content":{"rendered":"\t\t<div data-elementor-type=\"wp-post\" data-elementor-id=\"7267\" class=\"elementor elementor-7267\">\n\t\t\t\t\t\t<section class=\"elementor-section elementor-top-section elementor-element elementor-element-6d94da9 elementor-section-boxed elementor-section-height-default elementor-section-height-default\" data-id=\"6d94da9\" data-element_type=\"section\">\n\t\t\t\t\t\t<div class=\"elementor-container elementor-column-gap-default\">\n\t\t\t\t\t<div class=\"elementor-column elementor-col-100 elementor-top-column elementor-element elementor-element-a355a5e\" data-id=\"a355a5e\" data-element_type=\"column\">\n\t\t\t<div class=\"elementor-widget-wrap elementor-element-populated\">\n\t\t\t\t\t\t<div class=\"elementor-element elementor-element-c3f82a1 elementor-widget elementor-widget-text-editor\" data-id=\"c3f82a1\" data-element_type=\"widget\" data-widget_type=\"text-editor.default\">\n\t\t\t\t<div class=\"elementor-widget-container\">\n\t\t\t\t\t\t\t\t\t<p>2021\u2026 ann\u00e9e de Napol\u00e9on Bonaparte. Cette ann\u00e9e, nous comm\u00e9morons les 200 ans de la mort de l\u2019Empereur.<\/p><p>Napol\u00e9on Bonaparte, n\u00e9 le 15 ao\u00fbt 1769 \u00e0 Ajaccio, est un militaire et homme d\u2019\u00c9tat fran\u00e7ais. Grand strat\u00e8ge, il revient d&#8217;Italie pour la France en 1799. Il prend le pouvoir gr\u00e2ce au coup d\u2019\u00c9tat du 18 brumaire. Le 18 mai 1804, Napol\u00e9on Bonaparte se proclame Empereur et devient Napol\u00e9on Ier. Il multiplie les batailles historiques telles que Austerlitz, Wagram ou encore Waterloo.<br \/>N\u00e9anmoins, Napol\u00e9on Ier s\u2019effondre en 1815 lors de cette fameuse bataille de Waterloo et est contraint \u00e0 l\u2019exil. Il mourra en 1821 sur l\u2019\u00eele de Sainte-H\u00e9l\u00e8ne.<\/p>\t\t\t\t\t\t\t\t<\/div>\n\t\t\t\t<\/div>\n\t\t\t\t\t<\/div>\n\t\t<\/div>\n\t\t\t\t\t<\/div>\n\t\t<\/section>\n\t\t\t\t<section class=\"elementor-section elementor-top-section elementor-element elementor-element-64968a0 elementor-section-boxed elementor-section-height-default elementor-section-height-default\" data-id=\"64968a0\" data-element_type=\"section\">\n\t\t\t\t\t\t<div class=\"elementor-container elementor-column-gap-default\">\n\t\t\t\t\t<div class=\"elementor-column elementor-col-100 elementor-top-column elementor-element elementor-element-887b8a5\" data-id=\"887b8a5\" data-element_type=\"column\">\n\t\t\t<div class=\"elementor-widget-wrap elementor-element-populated\">\n\t\t\t\t\t\t<div class=\"elementor-element elementor-element-2e028b8 elementor-widget elementor-widget-image\" data-id=\"2e028b8\" data-element_type=\"widget\" data-widget_type=\"image.default\">\n\t\t\t\t<div class=\"elementor-widget-container\">\n\t\t\t\t\t\t\t\t\t\t\t\t\t\t\t<img fetchpriority=\"high\" decoding=\"async\" width=\"700\" height=\"534\" src=\"https:\/\/www.macapflag.com\/blog\/wp-content\/uploads\/2021\/05\/drapeau-napoleonien.jpg\" class=\"attachment-large size-large wp-image-7283\" alt=\"Napol\u00e9on Bonaparte porte un drapeau\" srcset=\"https:\/\/www.macapflag.com\/blog\/wp-content\/uploads\/2021\/05\/drapeau-napoleonien.jpg 700w, https:\/\/www.macapflag.com\/blog\/wp-content\/uploads\/2021\/05\/drapeau-napoleonien-300x229.jpg 300w\" sizes=\"(max-width: 700px) 100vw, 700px\" \/>\t\t\t\t\t\t\t\t\t\t\t\t\t\t\t<\/div>\n\t\t\t\t<\/div>\n\t\t\t\t\t<\/div>\n\t\t<\/div>\n\t\t\t\t\t<\/div>\n\t\t<\/section>\n\t\t\t\t<section class=\"elementor-section elementor-top-section elementor-element elementor-element-70ab921 elementor-section-boxed elementor-section-height-default elementor-section-height-default\" data-id=\"70ab921\" data-element_type=\"section\">\n\t\t\t\t\t\t<div class=\"elementor-container elementor-column-gap-default\">\n\t\t\t\t\t<div class=\"elementor-column elementor-col-100 elementor-top-column elementor-element elementor-element-88023c3\" data-id=\"88023c3\" data-element_type=\"column\">\n\t\t\t<div class=\"elementor-widget-wrap elementor-element-populated\">\n\t\t\t\t\t\t<div class=\"elementor-element elementor-element-d607745 elementor-widget elementor-widget-text-editor\" data-id=\"d607745\" data-element_type=\"widget\" data-widget_type=\"text-editor.default\">\n\t\t\t\t<div class=\"elementor-widget-container\">\n\t\t\t\t\t\t\t\t\t<p>Consid\u00e9r\u00e9 comme l\u2019un des plus grands communicants et strat\u00e8ges de l\u2019Histoire de la France, Napol\u00e9on Ier a toujours voulu glorifier une France victorieuse \u00e0 travers ses discours et ses actes. Il manie la magnificence et la propagande par le biais de la presse pour asseoir sa l\u00e9gitimit\u00e9.<\/p>\t\t\t\t\t\t\t\t<\/div>\n\t\t\t\t<\/div>\n\t\t\t\t\t<\/div>\n\t\t<\/div>\n\t\t\t\t\t<\/div>\n\t\t<\/section>\n\t\t\t\t<section class=\"elementor-section elementor-top-section elementor-element elementor-element-e219bf2 elementor-section-boxed elementor-section-height-default elementor-section-height-default\" data-id=\"e219bf2\" data-element_type=\"section\">\n\t\t\t\t\t\t<div class=\"elementor-container elementor-column-gap-default\">\n\t\t\t\t\t<div class=\"elementor-column elementor-col-100 elementor-top-column elementor-element elementor-element-9f76626\" data-id=\"9f76626\" data-element_type=\"column\">\n\t\t\t<div class=\"elementor-widget-wrap elementor-element-populated\">\n\t\t\t\t\t\t<div class=\"elementor-element elementor-element-815ec9f elementor-widget elementor-widget-image\" data-id=\"815ec9f\" data-element_type=\"widget\" data-widget_type=\"image.default\">\n\t\t\t\t<div class=\"elementor-widget-container\">\n\t\t\t\t\t\t\t\t\t\t\t\t<figure class=\"wp-caption\">\n\t\t\t\t\t\t\t\t\t\t<img decoding=\"async\" width=\"700\" height=\"534\" src=\"https:\/\/www.macapflag.com\/blog\/wp-content\/uploads\/2021\/05\/sacre-de-napoleon.jpg\" class=\"attachment-large size-large wp-image-7285\" alt=\"Le sacre de Napol\u00e9on, un tableau immense de Jacques Louis David\" srcset=\"https:\/\/www.macapflag.com\/blog\/wp-content\/uploads\/2021\/05\/sacre-de-napoleon.jpg 700w, https:\/\/www.macapflag.com\/blog\/wp-content\/uploads\/2021\/05\/sacre-de-napoleon-300x229.jpg 300w\" sizes=\"(max-width: 700px) 100vw, 700px\" \/>\t\t\t\t\t\t\t\t\t\t\t<figcaption class=\"widget-image-caption wp-caption-text\">\"Le sacre de Napol\u00e9on\" par Jacques-Louis David<\/figcaption>\n\t\t\t\t\t\t\t\t\t\t<\/figure>\n\t\t\t\t\t\t\t\t\t<\/div>\n\t\t\t\t<\/div>\n\t\t\t\t\t<\/div>\n\t\t<\/div>\n\t\t\t\t\t<\/div>\n\t\t<\/section>\n\t\t\t\t<section class=\"elementor-section elementor-top-section elementor-element elementor-element-9573671 elementor-section-boxed elementor-section-height-default elementor-section-height-default\" data-id=\"9573671\" data-element_type=\"section\">\n\t\t\t\t\t\t<div class=\"elementor-container elementor-column-gap-default\">\n\t\t\t\t\t<div class=\"elementor-column elementor-col-100 elementor-top-column elementor-element elementor-element-6b9b16f\" data-id=\"6b9b16f\" data-element_type=\"column\">\n\t\t\t<div class=\"elementor-widget-wrap elementor-element-populated\">\n\t\t\t\t\t\t<div class=\"elementor-element elementor-element-f98dbc0 elementor-widget elementor-widget-text-editor\" data-id=\"f98dbc0\" data-element_type=\"widget\" data-widget_type=\"text-editor.default\">\n\t\t\t\t<div class=\"elementor-widget-container\">\n\t\t\t\t\t\t\t\t\t<p>Le tableau du \u00ab Sacre de Napol\u00e9on \u00bb, r\u00e9alis\u00e9 par Jacques-Louis David, mesure 6 m\u00e8tres de haut par 9 m\u00e8tres de long. Il est le parfait exemple de sa c\u00e9l\u00e9bration.<\/p>\t\t\t\t\t\t\t\t<\/div>\n\t\t\t\t<\/div>\n\t\t\t\t\t<\/div>\n\t\t<\/div>\n\t\t\t\t\t<\/div>\n\t\t<\/section>\n\t\t\t\t<section class=\"elementor-section elementor-top-section elementor-element elementor-element-5892500 elementor-section-boxed elementor-section-height-default elementor-section-height-default\" data-id=\"5892500\" data-element_type=\"section\">\n\t\t\t\t\t\t<div class=\"elementor-container elementor-column-gap-default\">\n\t\t\t\t\t<div class=\"elementor-column elementor-col-100 elementor-top-column elementor-element elementor-element-3a067b6\" data-id=\"3a067b6\" data-element_type=\"column\">\n\t\t\t<div class=\"elementor-widget-wrap elementor-element-populated\">\n\t\t\t\t\t\t<div class=\"elementor-element elementor-element-48d6725 elementor-widget elementor-widget-text-editor\" data-id=\"48d6725\" data-element_type=\"widget\" data-widget_type=\"text-editor.default\">\n\t\t\t\t<div class=\"elementor-widget-container\">\n\t\t\t\t\t\t\t\t\t<h2>La cr\u00e9ation des armoiries<\/h2>\t\t\t\t\t\t\t\t<\/div>\n\t\t\t\t<\/div>\n\t\t\t\t\t<\/div>\n\t\t<\/div>\n\t\t\t\t\t<\/div>\n\t\t<\/section>\n\t\t\t\t<section class=\"elementor-section elementor-top-section elementor-element elementor-element-8d541ff elementor-section-boxed elementor-section-height-default elementor-section-height-default\" data-id=\"8d541ff\" data-element_type=\"section\">\n\t\t\t\t\t\t<div class=\"elementor-container elementor-column-gap-default\">\n\t\t\t\t\t<div class=\"elementor-column elementor-col-100 elementor-top-column elementor-element elementor-element-431b990\" data-id=\"431b990\" data-element_type=\"column\">\n\t\t\t<div class=\"elementor-widget-wrap elementor-element-populated\">\n\t\t\t\t\t\t<div class=\"elementor-element elementor-element-e3819a5 elementor-widget elementor-widget-text-editor\" data-id=\"e3819a5\" data-element_type=\"widget\" data-widget_type=\"text-editor.default\">\n\t\t\t\t<div class=\"elementor-widget-container\">\n\t\t\t\t\t\t\t\t\t<h3>Pourquoi les armoiries ont-elles \u00e9t\u00e9 cr\u00e9\u00e9es ?<\/h3>\t\t\t\t\t\t\t\t<\/div>\n\t\t\t\t<\/div>\n\t\t\t\t\t<\/div>\n\t\t<\/div>\n\t\t\t\t\t<\/div>\n\t\t<\/section>\n\t\t\t\t<section class=\"elementor-section elementor-top-section elementor-element elementor-element-156b456 elementor-section-boxed elementor-section-height-default elementor-section-height-default\" data-id=\"156b456\" data-element_type=\"section\">\n\t\t\t\t\t\t<div class=\"elementor-container elementor-column-gap-default\">\n\t\t\t\t\t<div class=\"elementor-column elementor-col-100 elementor-top-column elementor-element elementor-element-65a0312\" data-id=\"65a0312\" data-element_type=\"column\">\n\t\t\t<div class=\"elementor-widget-wrap elementor-element-populated\">\n\t\t\t\t\t\t<div class=\"elementor-element elementor-element-da6f455 elementor-widget elementor-widget-text-editor\" data-id=\"da6f455\" data-element_type=\"widget\" data-widget_type=\"text-editor.default\">\n\t\t\t\t<div class=\"elementor-widget-container\">\n\t\t\t\t\t\t\t\t\t<p>Ces symboles pr\u00e9sents sur le drapeau napol\u00e9onien vont rompre tout lien avec la monarchie d\u2019Ancien R\u00e9gime, pr\u00e9sente sur le territoire fran\u00e7ais pendant plus d\u2019un si\u00e8cle.<\/p>\t\t\t\t\t\t\t\t<\/div>\n\t\t\t\t<\/div>\n\t\t\t\t\t<\/div>\n\t\t<\/div>\n\t\t\t\t\t<\/div>\n\t\t<\/section>\n\t\t\t\t<section class=\"elementor-section elementor-top-section elementor-element elementor-element-609c37b elementor-section-boxed elementor-section-height-default elementor-section-height-default\" data-id=\"609c37b\" data-element_type=\"section\">\n\t\t\t\t\t\t<div class=\"elementor-container elementor-column-gap-default\">\n\t\t\t\t\t<div class=\"elementor-column elementor-col-100 elementor-top-column elementor-element elementor-element-f3a85e9\" data-id=\"f3a85e9\" data-element_type=\"column\">\n\t\t\t<div class=\"elementor-widget-wrap elementor-element-populated\">\n\t\t\t\t\t\t<div class=\"elementor-element elementor-element-e075a4e elementor-widget elementor-widget-text-editor\" data-id=\"e075a4e\" data-element_type=\"widget\" data-widget_type=\"text-editor.default\">\n\t\t\t\t<div class=\"elementor-widget-container\">\n\t\t\t\t\t\t\t\t\t<h3>Quand les armoiries ont-elles \u00e9t\u00e9 cr\u00e9\u00e9es ?<\/h3>\t\t\t\t\t\t\t\t<\/div>\n\t\t\t\t<\/div>\n\t\t\t\t\t<\/div>\n\t\t<\/div>\n\t\t\t\t\t<\/div>\n\t\t<\/section>\n\t\t\t\t<section class=\"elementor-section elementor-top-section elementor-element elementor-element-6cb7daf elementor-section-boxed elementor-section-height-default elementor-section-height-default\" data-id=\"6cb7daf\" data-element_type=\"section\">\n\t\t\t\t\t\t<div class=\"elementor-container elementor-column-gap-default\">\n\t\t\t\t\t<div class=\"elementor-column elementor-col-100 elementor-top-column elementor-element elementor-element-c6f9f69\" data-id=\"c6f9f69\" data-element_type=\"column\">\n\t\t\t<div class=\"elementor-widget-wrap elementor-element-populated\">\n\t\t\t\t\t\t<div class=\"elementor-element elementor-element-2c323f0 elementor-widget elementor-widget-text-editor\" data-id=\"2c323f0\" data-element_type=\"widget\" data-widget_type=\"text-editor.default\">\n\t\t\t\t<div class=\"elementor-widget-container\">\n\t\t\t\t\t\t\t\t\t<p>Le projet napol\u00e9onien de cr\u00e9ation d\u2019armoiries imp\u00e9riales na\u00eet lors d\u2019une s\u00e9ance au Conseil d\u2019\u00c9tat le 12 juin 1804. Il aborde pour la premi\u00e8re fois la probl\u00e9matique de la souverainet\u00e9 o\u00f9 la Premi\u00e8re R\u00e9publique n\u2019a plus sa l\u00e9gitimit\u00e9 au sein du pays, laissant place \u00e0 l\u2019Empire Fran\u00e7ais.<\/p>\t\t\t\t\t\t\t\t<\/div>\n\t\t\t\t<\/div>\n\t\t\t\t\t<\/div>\n\t\t<\/div>\n\t\t\t\t\t<\/div>\n\t\t<\/section>\n\t\t\t\t<section class=\"elementor-section elementor-top-section elementor-element elementor-element-e9f20e0 elementor-section-boxed elementor-section-height-default elementor-section-height-default\" data-id=\"e9f20e0\" data-element_type=\"section\">\n\t\t\t\t\t\t<div class=\"elementor-container elementor-column-gap-default\">\n\t\t\t\t\t<div class=\"elementor-column elementor-col-100 elementor-top-column elementor-element elementor-element-9663d2a\" data-id=\"9663d2a\" data-element_type=\"column\">\n\t\t\t<div class=\"elementor-widget-wrap elementor-element-populated\">\n\t\t\t\t\t\t<div class=\"elementor-element elementor-element-bbb6398 elementor-widget elementor-widget-text-editor\" data-id=\"bbb6398\" data-element_type=\"widget\" data-widget_type=\"text-editor.default\">\n\t\t\t\t<div class=\"elementor-widget-container\">\n\t\t\t\t\t\t\t\t\t<h3>Comment les armoiries ont-elles \u00e9t\u00e9 cr\u00e9\u00e9es ?<\/h3>\t\t\t\t\t\t\t\t<\/div>\n\t\t\t\t<\/div>\n\t\t\t\t\t<\/div>\n\t\t<\/div>\n\t\t\t\t\t<\/div>\n\t\t<\/section>\n\t\t\t\t<section class=\"elementor-section elementor-top-section elementor-element elementor-element-fa60dba elementor-section-boxed elementor-section-height-default elementor-section-height-default\" data-id=\"fa60dba\" data-element_type=\"section\">\n\t\t\t\t\t\t<div class=\"elementor-container elementor-column-gap-default\">\n\t\t\t\t\t<div class=\"elementor-column elementor-col-100 elementor-top-column elementor-element elementor-element-99e959b\" data-id=\"99e959b\" data-element_type=\"column\">\n\t\t\t<div class=\"elementor-widget-wrap elementor-element-populated\">\n\t\t\t\t\t\t<div class=\"elementor-element elementor-element-33e65aa elementor-widget elementor-widget-text-editor\" data-id=\"33e65aa\" data-element_type=\"widget\" data-widget_type=\"text-editor.default\">\n\t\t\t\t<div class=\"elementor-widget-container\">\n\t\t\t\t\t\t\t\t\t<p>Pour marquer son territoire, il proc\u00e8de \u00e0 la cr\u00e9ation de plusieurs embl\u00e8mes qui repr\u00e9sentent la puissance de l\u2019\u00c9tat. Ces armoiries symboliques de l\u2019\u00c9tat se composent de cinq \u00e9l\u00e9ments forts : l\u2019aigle, les abeilles, le collier de la L\u00e9gion d\u2019honneur, la main de Justice, le sceptre et enfin la couronne et le manteau imp\u00e9rial.<\/p>\t\t\t\t\t\t\t\t<\/div>\n\t\t\t\t<\/div>\n\t\t\t\t\t<\/div>\n\t\t<\/div>\n\t\t\t\t\t<\/div>\n\t\t<\/section>\n\t\t\t\t<section class=\"elementor-section elementor-top-section elementor-element elementor-element-7c5129a elementor-section-boxed elementor-section-height-default elementor-section-height-default\" data-id=\"7c5129a\" data-element_type=\"section\">\n\t\t\t\t\t\t<div class=\"elementor-container elementor-column-gap-default\">\n\t\t\t\t\t<div class=\"elementor-column elementor-col-33 elementor-top-column elementor-element elementor-element-dfa1952\" data-id=\"dfa1952\" data-element_type=\"column\">\n\t\t\t<div class=\"elementor-widget-wrap elementor-element-populated\">\n\t\t\t\t\t\t<div class=\"elementor-element elementor-element-69d5e68 elementor-widget elementor-widget-image\" data-id=\"69d5e68\" data-element_type=\"widget\" data-widget_type=\"image.default\">\n\t\t\t\t<div class=\"elementor-widget-container\">\n\t\t\t\t\t\t\t\t\t\t\t\t<figure class=\"wp-caption\">\n\t\t\t\t\t\t\t\t\t\t<img decoding=\"async\" width=\"700\" height=\"534\" src=\"https:\/\/www.macapflag.com\/blog\/wp-content\/uploads\/2021\/05\/aigle-symbole-royal.jpg\" class=\"attachment-large size-large wp-image-7277\" alt=\"L&#039;aigle est l&#039;un des symboles royaux mis en avant par Napol\u00e9on Bonaparte\" srcset=\"https:\/\/www.macapflag.com\/blog\/wp-content\/uploads\/2021\/05\/aigle-symbole-royal.jpg 700w, https:\/\/www.macapflag.com\/blog\/wp-content\/uploads\/2021\/05\/aigle-symbole-royal-300x229.jpg 300w\" sizes=\"(max-width: 700px) 100vw, 700px\" \/>\t\t\t\t\t\t\t\t\t\t\t<figcaption class=\"widget-image-caption wp-caption-text\">L'aigle royal<\/figcaption>\n\t\t\t\t\t\t\t\t\t\t<\/figure>\n\t\t\t\t\t\t\t\t\t<\/div>\n\t\t\t\t<\/div>\n\t\t\t\t\t<\/div>\n\t\t<\/div>\n\t\t\t\t<div class=\"elementor-column elementor-col-33 elementor-top-column elementor-element elementor-element-1e5df17\" data-id=\"1e5df17\" data-element_type=\"column\">\n\t\t\t<div class=\"elementor-widget-wrap elementor-element-populated\">\n\t\t\t\t\t\t<div class=\"elementor-element elementor-element-c2db7d3 elementor-widget elementor-widget-image\" data-id=\"c2db7d3\" data-element_type=\"widget\" data-widget_type=\"image.default\">\n\t\t\t\t<div class=\"elementor-widget-container\">\n\t\t\t\t\t\t\t\t\t\t\t\t<figure class=\"wp-caption\">\n\t\t\t\t\t\t\t\t\t\t<img loading=\"lazy\" decoding=\"async\" width=\"700\" height=\"534\" src=\"https:\/\/www.macapflag.com\/blog\/wp-content\/uploads\/2021\/05\/abeilles-symbole-imperial.jpg\" class=\"attachment-large size-large wp-image-7276\" alt=\"Les dessins d&#039;abeilles font partie des symboles imp\u00e9riaux\" srcset=\"https:\/\/www.macapflag.com\/blog\/wp-content\/uploads\/2021\/05\/abeilles-symbole-imperial.jpg 700w, https:\/\/www.macapflag.com\/blog\/wp-content\/uploads\/2021\/05\/abeilles-symbole-imperial-300x229.jpg 300w\" sizes=\"(max-width: 700px) 100vw, 700px\" \/>\t\t\t\t\t\t\t\t\t\t\t<figcaption class=\"widget-image-caption wp-caption-text\">Les abeilles<\/figcaption>\n\t\t\t\t\t\t\t\t\t\t<\/figure>\n\t\t\t\t\t\t\t\t\t<\/div>\n\t\t\t\t<\/div>\n\t\t\t\t\t<\/div>\n\t\t<\/div>\n\t\t\t\t<div class=\"elementor-column elementor-col-33 elementor-top-column elementor-element elementor-element-33388fe\" data-id=\"33388fe\" data-element_type=\"column\">\n\t\t\t<div class=\"elementor-widget-wrap elementor-element-populated\">\n\t\t\t\t\t\t<div class=\"elementor-element elementor-element-683d158 elementor-widget elementor-widget-image\" data-id=\"683d158\" data-element_type=\"widget\" data-widget_type=\"image.default\">\n\t\t\t\t<div class=\"elementor-widget-container\">\n\t\t\t\t\t\t\t\t\t\t\t\t<figure class=\"wp-caption\">\n\t\t\t\t\t\t\t\t\t\t<img loading=\"lazy\" decoding=\"async\" width=\"700\" height=\"534\" src=\"https:\/\/www.macapflag.com\/blog\/wp-content\/uploads\/2021\/05\/collier-legion-d-honneur.jpg\" class=\"attachment-large size-large wp-image-7279\" alt=\"Le collier de l\u00e9gion d&#039;honneur r\u00e9compense les actes de bravoure\" srcset=\"https:\/\/www.macapflag.com\/blog\/wp-content\/uploads\/2021\/05\/collier-legion-d-honneur.jpg 700w, https:\/\/www.macapflag.com\/blog\/wp-content\/uploads\/2021\/05\/collier-legion-d-honneur-300x229.jpg 300w\" sizes=\"(max-width: 700px) 100vw, 700px\" \/>\t\t\t\t\t\t\t\t\t\t\t<figcaption class=\"widget-image-caption wp-caption-text\">Le collier de la l\u00e9gion d'honneur<\/figcaption>\n\t\t\t\t\t\t\t\t\t\t<\/figure>\n\t\t\t\t\t\t\t\t\t<\/div>\n\t\t\t\t<\/div>\n\t\t\t\t\t<\/div>\n\t\t<\/div>\n\t\t\t\t\t<\/div>\n\t\t<\/section>\n\t\t\t\t<section class=\"elementor-section elementor-top-section elementor-element elementor-element-05f830f elementor-section-boxed elementor-section-height-default elementor-section-height-default\" data-id=\"05f830f\" data-element_type=\"section\">\n\t\t\t\t\t\t<div class=\"elementor-container elementor-column-gap-default\">\n\t\t\t\t\t<div class=\"elementor-column elementor-col-100 elementor-top-column elementor-element elementor-element-6a4a744\" data-id=\"6a4a744\" data-element_type=\"column\">\n\t\t\t<div class=\"elementor-widget-wrap elementor-element-populated\">\n\t\t\t\t\t\t<div class=\"elementor-element elementor-element-a8de018 elementor-widget elementor-widget-text-editor\" data-id=\"a8de018\" data-element_type=\"widget\" data-widget_type=\"text-editor.default\">\n\t\t\t\t<div class=\"elementor-widget-container\">\n\t\t\t\t\t\t\t\t\t<h4>1 &#8211; L&#8217;aigle<\/h4>\t\t\t\t\t\t\t\t<\/div>\n\t\t\t\t<\/div>\n\t\t\t\t\t<\/div>\n\t\t<\/div>\n\t\t\t\t\t<\/div>\n\t\t<\/section>\n\t\t\t\t<section class=\"elementor-section elementor-top-section elementor-element elementor-element-13e243a elementor-section-boxed elementor-section-height-default elementor-section-height-default\" data-id=\"13e243a\" data-element_type=\"section\">\n\t\t\t\t\t\t<div class=\"elementor-container elementor-column-gap-default\">\n\t\t\t\t\t<div class=\"elementor-column elementor-col-100 elementor-top-column elementor-element elementor-element-7e0a1f8\" data-id=\"7e0a1f8\" data-element_type=\"column\">\n\t\t\t<div class=\"elementor-widget-wrap elementor-element-populated\">\n\t\t\t\t\t\t<div class=\"elementor-element elementor-element-0f70cec elementor-widget elementor-widget-text-editor\" data-id=\"0f70cec\" data-element_type=\"widget\" data-widget_type=\"text-editor.default\">\n\t\t\t\t<div class=\"elementor-widget-container\">\n\t\t\t\t\t\t\t\t\t<p>L\u2019aigle est l\u2019un des symboles principaux du nouveau blason napol\u00e9onien. Inspir\u00e9 de l\u2019aigle carolingien, Napol\u00e9on va l\u2019associer aux plus grandes victoires militaires et le fait placer au sommet de la hampe des drapeaux de ses arm\u00e9es, d\u00e8s le lendemain de son sacre.<\/p>\t\t\t\t\t\t\t\t<\/div>\n\t\t\t\t<\/div>\n\t\t\t\t\t<\/div>\n\t\t<\/div>\n\t\t\t\t\t<\/div>\n\t\t<\/section>\n\t\t\t\t<section class=\"elementor-section elementor-top-section elementor-element elementor-element-29b0823 elementor-section-boxed elementor-section-height-default elementor-section-height-default\" data-id=\"29b0823\" data-element_type=\"section\">\n\t\t\t\t\t\t<div class=\"elementor-container elementor-column-gap-default\">\n\t\t\t\t\t<div class=\"elementor-column elementor-col-100 elementor-top-column elementor-element elementor-element-de259ff\" data-id=\"de259ff\" data-element_type=\"column\">\n\t\t\t<div class=\"elementor-widget-wrap elementor-element-populated\">\n\t\t\t\t\t\t<div class=\"elementor-element elementor-element-da1e125 elementor-widget elementor-widget-text-editor\" data-id=\"da1e125\" data-element_type=\"widget\" data-widget_type=\"text-editor.default\">\n\t\t\t\t<div class=\"elementor-widget-container\">\n\t\t\t\t\t\t\t\t\t<h4>2 &#8211; Les abeilles<\/h4>\t\t\t\t\t\t\t\t<\/div>\n\t\t\t\t<\/div>\n\t\t\t\t\t<\/div>\n\t\t<\/div>\n\t\t\t\t\t<\/div>\n\t\t<\/section>\n\t\t\t\t<section class=\"elementor-section elementor-top-section elementor-element elementor-element-4637e86 elementor-section-boxed elementor-section-height-default elementor-section-height-default\" data-id=\"4637e86\" data-element_type=\"section\">\n\t\t\t\t\t\t<div class=\"elementor-container elementor-column-gap-default\">\n\t\t\t\t\t<div class=\"elementor-column elementor-col-100 elementor-top-column elementor-element elementor-element-3b3e1ce\" data-id=\"3b3e1ce\" data-element_type=\"column\">\n\t\t\t<div class=\"elementor-widget-wrap elementor-element-populated\">\n\t\t\t\t\t\t<div class=\"elementor-element elementor-element-013f723 elementor-widget elementor-widget-text-editor\" data-id=\"013f723\" data-element_type=\"widget\" data-widget_type=\"text-editor.default\">\n\t\t\t\t<div class=\"elementor-widget-container\">\n\t\t\t\t\t\t\t\t\t<p>Les abeilles, symbole d\u2019immortalit\u00e9 et de r\u00e9surrection, viennent signifier le retour aux origines de la France. Comme une ruche, les abeilles symbolisent l\u2019organisation de l\u2019\u00c9tat autour d\u2019un chef. <\/p>\t\t\t\t\t\t\t\t<\/div>\n\t\t\t\t<\/div>\n\t\t\t\t\t<\/div>\n\t\t<\/div>\n\t\t\t\t\t<\/div>\n\t\t<\/section>\n\t\t\t\t<section class=\"elementor-section elementor-top-section elementor-element elementor-element-5e51c10 elementor-section-boxed elementor-section-height-default elementor-section-height-default\" data-id=\"5e51c10\" data-element_type=\"section\">\n\t\t\t\t\t\t<div class=\"elementor-container elementor-column-gap-default\">\n\t\t\t\t\t<div class=\"elementor-column elementor-col-100 elementor-top-column elementor-element elementor-element-31e97f6\" data-id=\"31e97f6\" data-element_type=\"column\">\n\t\t\t<div class=\"elementor-widget-wrap elementor-element-populated\">\n\t\t\t\t\t\t<div class=\"elementor-element elementor-element-16dde8f elementor-widget elementor-widget-text-editor\" data-id=\"16dde8f\" data-element_type=\"widget\" data-widget_type=\"text-editor.default\">\n\t\t\t\t<div class=\"elementor-widget-container\">\n\t\t\t\t\t\t\t\t\t<h4>3 &#8211; Le collier de la l\u00e9gion d&#8217;honneur<\/h4>\t\t\t\t\t\t\t\t<\/div>\n\t\t\t\t<\/div>\n\t\t\t\t\t<\/div>\n\t\t<\/div>\n\t\t\t\t\t<\/div>\n\t\t<\/section>\n\t\t\t\t<section class=\"elementor-section elementor-top-section elementor-element elementor-element-53553f6 elementor-section-boxed elementor-section-height-default elementor-section-height-default\" data-id=\"53553f6\" data-element_type=\"section\">\n\t\t\t\t\t\t<div class=\"elementor-container elementor-column-gap-default\">\n\t\t\t\t\t<div class=\"elementor-column elementor-col-100 elementor-top-column elementor-element elementor-element-91a6a66\" data-id=\"91a6a66\" data-element_type=\"column\">\n\t\t\t<div class=\"elementor-widget-wrap elementor-element-populated\">\n\t\t\t\t\t\t<div class=\"elementor-element elementor-element-dd01d43 elementor-widget elementor-widget-text-editor\" data-id=\"dd01d43\" data-element_type=\"widget\" data-widget_type=\"text-editor.default\">\n\t\t\t\t<div class=\"elementor-widget-container\">\n\t\t\t\t\t\t\t\t\t<p>Le collier de la L\u00e9gion d\u2019honneur a \u00e9t\u00e9 cr\u00e9\u00e9 le 19 mai 1802. Il est le symbole de r\u00e9compense pour les civils et militaires s\u2019\u00e9tant distingu\u00e9s par leurs actes de bravoure.<\/p>\t\t\t\t\t\t\t\t<\/div>\n\t\t\t\t<\/div>\n\t\t\t\t\t<\/div>\n\t\t<\/div>\n\t\t\t\t\t<\/div>\n\t\t<\/section>\n\t\t\t\t<section class=\"elementor-section elementor-top-section elementor-element elementor-element-03ee941 elementor-section-boxed elementor-section-height-default elementor-section-height-default\" data-id=\"03ee941\" data-element_type=\"section\">\n\t\t\t\t\t\t<div class=\"elementor-container elementor-column-gap-default\">\n\t\t\t\t\t<div class=\"elementor-column elementor-col-33 elementor-top-column elementor-element elementor-element-21abed1\" data-id=\"21abed1\" data-element_type=\"column\">\n\t\t\t<div class=\"elementor-widget-wrap elementor-element-populated\">\n\t\t\t\t\t\t<div class=\"elementor-element elementor-element-b0fc3e1 elementor-widget elementor-widget-image\" data-id=\"b0fc3e1\" data-element_type=\"widget\" data-widget_type=\"image.default\">\n\t\t\t\t<div class=\"elementor-widget-container\">\n\t\t\t\t\t\t\t\t\t\t\t\t<figure class=\"wp-caption\">\n\t\t\t\t\t\t\t\t\t\t<img loading=\"lazy\" decoding=\"async\" width=\"700\" height=\"534\" src=\"https:\/\/www.macapflag.com\/blog\/wp-content\/uploads\/2021\/05\/sceptre-et-main-de-la-justice.jpg\" class=\"attachment-large size-large wp-image-7286\" alt=\"Le sceptre et la main de justice sont deux symboles de Napol\u00e9on\" srcset=\"https:\/\/www.macapflag.com\/blog\/wp-content\/uploads\/2021\/05\/sceptre-et-main-de-la-justice.jpg 700w, https:\/\/www.macapflag.com\/blog\/wp-content\/uploads\/2021\/05\/sceptre-et-main-de-la-justice-300x229.jpg 300w\" sizes=\"(max-width: 700px) 100vw, 700px\" \/>\t\t\t\t\t\t\t\t\t\t\t<figcaption class=\"widget-image-caption wp-caption-text\">La main de justice et le sceptre<\/figcaption>\n\t\t\t\t\t\t\t\t\t\t<\/figure>\n\t\t\t\t\t\t\t\t\t<\/div>\n\t\t\t\t<\/div>\n\t\t\t\t\t<\/div>\n\t\t<\/div>\n\t\t\t\t<div class=\"elementor-column elementor-col-33 elementor-top-column elementor-element elementor-element-8459354\" data-id=\"8459354\" data-element_type=\"column\">\n\t\t\t<div class=\"elementor-widget-wrap elementor-element-populated\">\n\t\t\t\t\t\t<div class=\"elementor-element elementor-element-a4bea26 elementor-widget elementor-widget-image\" data-id=\"a4bea26\" data-element_type=\"widget\" data-widget_type=\"image.default\">\n\t\t\t\t<div class=\"elementor-widget-container\">\n\t\t\t\t\t\t\t\t\t\t\t\t<figure class=\"wp-caption\">\n\t\t\t\t\t\t\t\t\t\t<img loading=\"lazy\" decoding=\"async\" width=\"700\" height=\"534\" src=\"https:\/\/www.macapflag.com\/blog\/wp-content\/uploads\/2021\/05\/couronne-imperiale.jpg\" class=\"attachment-large size-large wp-image-7280\" alt=\"La couronne imp\u00e9riale est un symbole des armoiries napol\u00e9oniennes\" srcset=\"https:\/\/www.macapflag.com\/blog\/wp-content\/uploads\/2021\/05\/couronne-imperiale.jpg 700w, https:\/\/www.macapflag.com\/blog\/wp-content\/uploads\/2021\/05\/couronne-imperiale-300x229.jpg 300w\" sizes=\"(max-width: 700px) 100vw, 700px\" \/>\t\t\t\t\t\t\t\t\t\t\t<figcaption class=\"widget-image-caption wp-caption-text\">La couronne<\/figcaption>\n\t\t\t\t\t\t\t\t\t\t<\/figure>\n\t\t\t\t\t\t\t\t\t<\/div>\n\t\t\t\t<\/div>\n\t\t\t\t\t<\/div>\n\t\t<\/div>\n\t\t\t\t<div class=\"elementor-column elementor-col-33 elementor-top-column elementor-element elementor-element-3965db3\" data-id=\"3965db3\" data-element_type=\"column\">\n\t\t\t<div class=\"elementor-widget-wrap elementor-element-populated\">\n\t\t\t\t\t\t<div class=\"elementor-element elementor-element-bb16800 elementor-widget elementor-widget-image\" data-id=\"bb16800\" data-element_type=\"widget\" data-widget_type=\"image.default\">\n\t\t\t\t<div class=\"elementor-widget-container\">\n\t\t\t\t\t\t\t\t\t\t\t\t<figure class=\"wp-caption\">\n\t\t\t\t\t\t\t\t\t\t<img loading=\"lazy\" decoding=\"async\" width=\"700\" height=\"534\" src=\"https:\/\/www.macapflag.com\/blog\/wp-content\/uploads\/2021\/05\/manteau-imperial.jpg\" class=\"attachment-large size-large wp-image-7284\" alt=\"Le manteau imp\u00e9rial est l&#039;un des symboles des armoiries de Napol\u00e9on\" srcset=\"https:\/\/www.macapflag.com\/blog\/wp-content\/uploads\/2021\/05\/manteau-imperial.jpg 700w, https:\/\/www.macapflag.com\/blog\/wp-content\/uploads\/2021\/05\/manteau-imperial-300x229.jpg 300w\" sizes=\"(max-width: 700px) 100vw, 700px\" \/>\t\t\t\t\t\t\t\t\t\t\t<figcaption class=\"widget-image-caption wp-caption-text\">Le manteau imp\u00e9rial<\/figcaption>\n\t\t\t\t\t\t\t\t\t\t<\/figure>\n\t\t\t\t\t\t\t\t\t<\/div>\n\t\t\t\t<\/div>\n\t\t\t\t\t<\/div>\n\t\t<\/div>\n\t\t\t\t\t<\/div>\n\t\t<\/section>\n\t\t\t\t<section class=\"elementor-section elementor-top-section elementor-element elementor-element-0c879d6 elementor-section-boxed elementor-section-height-default elementor-section-height-default\" data-id=\"0c879d6\" data-element_type=\"section\">\n\t\t\t\t\t\t<div class=\"elementor-container elementor-column-gap-default\">\n\t\t\t\t\t<div class=\"elementor-column elementor-col-100 elementor-top-column elementor-element elementor-element-2493428\" data-id=\"2493428\" data-element_type=\"column\">\n\t\t\t<div class=\"elementor-widget-wrap elementor-element-populated\">\n\t\t\t\t\t\t<div class=\"elementor-element elementor-element-67f0971 elementor-widget elementor-widget-text-editor\" data-id=\"67f0971\" data-element_type=\"widget\" data-widget_type=\"text-editor.default\">\n\t\t\t\t<div class=\"elementor-widget-container\">\n\t\t\t\t\t\t\t\t\t<h4>4 &#8211; La main de justice et le sceptre<\/h4>\t\t\t\t\t\t\t\t<\/div>\n\t\t\t\t<\/div>\n\t\t\t\t\t<\/div>\n\t\t<\/div>\n\t\t\t\t\t<\/div>\n\t\t<\/section>\n\t\t\t\t<section class=\"elementor-section elementor-top-section elementor-element elementor-element-dd68ac2 elementor-section-boxed elementor-section-height-default elementor-section-height-default\" data-id=\"dd68ac2\" data-element_type=\"section\">\n\t\t\t\t\t\t<div class=\"elementor-container elementor-column-gap-default\">\n\t\t\t\t\t<div class=\"elementor-column elementor-col-100 elementor-top-column elementor-element elementor-element-36b5048\" data-id=\"36b5048\" data-element_type=\"column\">\n\t\t\t<div class=\"elementor-widget-wrap elementor-element-populated\">\n\t\t\t\t\t\t<div class=\"elementor-element elementor-element-5849236 elementor-widget elementor-widget-text-editor\" data-id=\"5849236\" data-element_type=\"widget\" data-widget_type=\"text-editor.default\">\n\t\t\t\t<div class=\"elementor-widget-container\">\n\t\t\t\t\t\t\t\t\t<p>La main de Justice et le sceptre, tous deux d\u00e9finis comme attributs royaux, viennent s\u2019entrecroiser sur le drapeau napol\u00e9onien. D\u2019un c\u00f4t\u00e9, le sceptre est porteur de l\u2019autorit\u00e9 supr\u00eame de l\u2019Empereur. De l\u2019autre c\u00f4t\u00e9, la main de la Justice vient symboliser son impartialit\u00e9.<\/p>\t\t\t\t\t\t\t\t<\/div>\n\t\t\t\t<\/div>\n\t\t\t\t\t<\/div>\n\t\t<\/div>\n\t\t\t\t\t<\/div>\n\t\t<\/section>\n\t\t\t\t<section class=\"elementor-section elementor-top-section elementor-element elementor-element-bf9a695 elementor-section-boxed elementor-section-height-default elementor-section-height-default\" data-id=\"bf9a695\" data-element_type=\"section\">\n\t\t\t\t\t\t<div class=\"elementor-container elementor-column-gap-default\">\n\t\t\t\t\t<div class=\"elementor-column elementor-col-100 elementor-top-column elementor-element elementor-element-d491184\" data-id=\"d491184\" data-element_type=\"column\">\n\t\t\t<div class=\"elementor-widget-wrap elementor-element-populated\">\n\t\t\t\t\t\t<div class=\"elementor-element elementor-element-e76a451 elementor-widget elementor-widget-text-editor\" data-id=\"e76a451\" data-element_type=\"widget\" data-widget_type=\"text-editor.default\">\n\t\t\t\t<div class=\"elementor-widget-container\">\n\t\t\t\t\t\t\t\t\t<h4>5 &#8211; La couronne et le manteau imp\u00e9rial<\/h4>\t\t\t\t\t\t\t\t<\/div>\n\t\t\t\t<\/div>\n\t\t\t\t\t<\/div>\n\t\t<\/div>\n\t\t\t\t\t<\/div>\n\t\t<\/section>\n\t\t\t\t<section class=\"elementor-section elementor-top-section elementor-element elementor-element-08579e2 elementor-section-boxed elementor-section-height-default elementor-section-height-default\" data-id=\"08579e2\" data-element_type=\"section\">\n\t\t\t\t\t\t<div class=\"elementor-container elementor-column-gap-default\">\n\t\t\t\t\t<div class=\"elementor-column elementor-col-100 elementor-top-column elementor-element elementor-element-dddd565\" data-id=\"dddd565\" data-element_type=\"column\">\n\t\t\t<div class=\"elementor-widget-wrap elementor-element-populated\">\n\t\t\t\t\t\t<div class=\"elementor-element elementor-element-6b1f8d7 elementor-widget elementor-widget-text-editor\" data-id=\"6b1f8d7\" data-element_type=\"widget\" data-widget_type=\"text-editor.default\">\n\t\t\t\t<div class=\"elementor-widget-container\">\n\t\t\t\t\t\t\t\t\t<p>L\u2019ensemble des symboles napol\u00e9oniens sont appos\u00e9s sur le blason imp\u00e9rial. Cette structure symbolique est couronn\u00e9e et maintenue par la couronne imp\u00e9riale. Le manteau imp\u00e9rial est dot\u00e9 de velours d\u00e9cor\u00e9 d\u2019abeilles, de franges dor\u00e9es et bord\u00e9 d\u2019hermine.<\/p>\t\t\t\t\t\t\t\t<\/div>\n\t\t\t\t<\/div>\n\t\t\t\t\t<\/div>\n\t\t<\/div>\n\t\t\t\t\t<\/div>\n\t\t<\/section>\n\t\t\t\t<section class=\"elementor-section elementor-top-section elementor-element elementor-element-3ca3990 elementor-section-boxed elementor-section-height-default elementor-section-height-default\" data-id=\"3ca3990\" data-element_type=\"section\">\n\t\t\t\t\t\t<div class=\"elementor-container elementor-column-gap-default\">\n\t\t\t\t\t<div class=\"elementor-column elementor-col-100 elementor-top-column elementor-element elementor-element-5bb865c\" data-id=\"5bb865c\" data-element_type=\"column\">\n\t\t\t<div class=\"elementor-widget-wrap elementor-element-populated\">\n\t\t\t\t\t\t<div class=\"elementor-element elementor-element-9b2f5ff elementor-widget-divider--view-line elementor-widget elementor-widget-divider\" data-id=\"9b2f5ff\" data-element_type=\"widget\" data-widget_type=\"divider.default\">\n\t\t\t\t<div class=\"elementor-widget-container\">\n\t\t\t\t\t\t\t<div class=\"elementor-divider\">\n\t\t\t<span class=\"elementor-divider-separator\">\n\t\t\t\t\t\t<\/span>\n\t\t<\/div>\n\t\t\t\t\t\t<\/div>\n\t\t\t\t<\/div>\n\t\t\t\t\t<\/div>\n\t\t<\/div>\n\t\t\t\t\t<\/div>\n\t\t<\/section>\n\t\t\t\t<section class=\"elementor-section elementor-top-section elementor-element elementor-element-ed63944 elementor-section-boxed elementor-section-height-default elementor-section-height-default\" data-id=\"ed63944\" data-element_type=\"section\">\n\t\t\t\t\t\t<div class=\"elementor-container elementor-column-gap-default\">\n\t\t\t\t\t<div class=\"elementor-column elementor-col-100 elementor-top-column elementor-element elementor-element-5baabdf\" data-id=\"5baabdf\" data-element_type=\"column\">\n\t\t\t<div class=\"elementor-widget-wrap elementor-element-populated\">\n\t\t\t\t\t\t<div class=\"elementor-element elementor-element-c60040e elementor-widget elementor-widget-text-editor\" data-id=\"c60040e\" data-element_type=\"widget\" data-widget_type=\"text-editor.default\">\n\t\t\t\t<div class=\"elementor-widget-container\">\n\t\t\t\t\t\t\t\t\t<h2>La symbolique du drapeau<\/h2>\t\t\t\t\t\t\t\t<\/div>\n\t\t\t\t<\/div>\n\t\t\t\t\t<\/div>\n\t\t<\/div>\n\t\t\t\t\t<\/div>\n\t\t<\/section>\n\t\t\t\t<section class=\"elementor-section elementor-top-section elementor-element elementor-element-972f28a elementor-section-boxed elementor-section-height-default elementor-section-height-default\" data-id=\"972f28a\" data-element_type=\"section\">\n\t\t\t\t\t\t<div class=\"elementor-container elementor-column-gap-default\">\n\t\t\t\t\t<div class=\"elementor-column elementor-col-100 elementor-top-column elementor-element elementor-element-4a212a8\" data-id=\"4a212a8\" data-element_type=\"column\">\n\t\t\t<div class=\"elementor-widget-wrap elementor-element-populated\">\n\t\t\t\t\t\t<div class=\"elementor-element elementor-element-7baf4d4 elementor-widget elementor-widget-text-editor\" data-id=\"7baf4d4\" data-element_type=\"widget\" data-widget_type=\"text-editor.default\">\n\t\t\t\t<div class=\"elementor-widget-container\">\n\t\t\t\t\t\t\t\t\t<p>Tous ces embl\u00e8mes constituent un ensemble de rep\u00e8res historiques appos\u00e9s sur le plus grand symbole du pays : le drapeau bleu-blanc-rouge. Le drapeau fran\u00e7ais a une charge symbolique importante car il est le signe d\u2019unit\u00e9 et d\u2019appartenance \u00e0 une nation. Brandir le drapeau fran\u00e7ais est porteur de sens car il permet au peuple d\u2019adh\u00e9rer aux valeurs, \u00e0 l\u2019histoire et \u00e0 la culture du pays.<br \/><em><strong><br \/>Cette th\u00e9matique vous int\u00e9resse ? <a href=\"https:\/\/www.macapflag.com\/blog\/symbole-drapeau\/\"><span style=\"color: #3366ff;\">Consultez notre article sur ce sujet !\u00a0<\/span><\/a><\/strong><\/em><\/p>\t\t\t\t\t\t\t\t<\/div>\n\t\t\t\t<\/div>\n\t\t\t\t\t<\/div>\n\t\t<\/div>\n\t\t\t\t\t<\/div>\n\t\t<\/section>\n\t\t\t\t<section class=\"elementor-section elementor-top-section elementor-element elementor-element-953a97e elementor-section-boxed elementor-section-height-default elementor-section-height-default\" data-id=\"953a97e\" data-element_type=\"section\">\n\t\t\t\t\t\t<div class=\"elementor-container elementor-column-gap-default\">\n\t\t\t\t\t<div class=\"elementor-column elementor-col-100 elementor-top-column elementor-element elementor-element-0f129d8\" data-id=\"0f129d8\" data-element_type=\"column\">\n\t\t\t<div class=\"elementor-widget-wrap elementor-element-populated\">\n\t\t\t\t\t\t<div class=\"elementor-element elementor-element-82c2783 elementor-widget elementor-widget-text-editor\" data-id=\"82c2783\" data-element_type=\"widget\" data-widget_type=\"text-editor.default\">\n\t\t\t\t<div class=\"elementor-widget-container\">\n\t\t\t\t\t\t\t\t\t<p>Riche en d\u00e9tails, le drapeau napol\u00e9onien \u00e9tait fabriqu\u00e9 gr\u00e2ce \u00e0 des techniques de broderie \u00e0 la main. Aujourd\u2019hui, chez <a href=\"https:\/\/www.macapflag.com\/\"><span style=\"color: #3366ff;\"><strong>Macap<\/strong><\/span><\/a>, la confection de ce type de drapeaux se fait gr\u00e2ce \u00e0 un savoir-faire alliant techniques de broderie, confection manuelle et impression num\u00e9rique.<\/p>\t\t\t\t\t\t\t\t<\/div>\n\t\t\t\t<\/div>\n\t\t\t\t\t<\/div>\n\t\t<\/div>\n\t\t\t\t\t<\/div>\n\t\t<\/section>\n\t\t\t\t<section class=\"elementor-section elementor-top-section elementor-element elementor-element-39b1696 elementor-section-boxed elementor-section-height-default elementor-section-height-default\" data-id=\"39b1696\" data-element_type=\"section\">\n\t\t\t\t\t\t<div class=\"elementor-container elementor-column-gap-default\">\n\t\t\t\t\t<div class=\"elementor-column elementor-col-50 elementor-top-column elementor-element elementor-element-2cb46f2\" data-id=\"2cb46f2\" data-element_type=\"column\">\n\t\t\t<div class=\"elementor-widget-wrap elementor-element-populated\">\n\t\t\t\t\t\t<div class=\"elementor-element elementor-element-e16dbef elementor-widget elementor-widget-image\" data-id=\"e16dbef\" data-element_type=\"widget\" data-widget_type=\"image.default\">\n\t\t\t\t<div class=\"elementor-widget-container\">\n\t\t\t\t\t\t\t\t\t\t\t\t<figure class=\"wp-caption\">\n\t\t\t\t\t\t\t\t\t\t<img loading=\"lazy\" decoding=\"async\" width=\"700\" height=\"534\" src=\"https:\/\/www.macapflag.com\/blog\/wp-content\/uploads\/2021\/05\/drapeau-garde-imperiale.jpg\" class=\"attachment-large size-large wp-image-7281\" alt=\"Le drapeau de la garde imp\u00e9riale sous Napol\u00e9on Bonaparte\" srcset=\"https:\/\/www.macapflag.com\/blog\/wp-content\/uploads\/2021\/05\/drapeau-garde-imperiale.jpg 700w, https:\/\/www.macapflag.com\/blog\/wp-content\/uploads\/2021\/05\/drapeau-garde-imperiale-300x229.jpg 300w\" sizes=\"(max-width: 700px) 100vw, 700px\" \/>\t\t\t\t\t\t\t\t\t\t\t<figcaption class=\"widget-image-caption wp-caption-text\">Drapeau de la garde imp\u00e9riale<\/figcaption>\n\t\t\t\t\t\t\t\t\t\t<\/figure>\n\t\t\t\t\t\t\t\t\t<\/div>\n\t\t\t\t<\/div>\n\t\t\t\t\t<\/div>\n\t\t<\/div>\n\t\t\t\t<div class=\"elementor-column elementor-col-50 elementor-top-column elementor-element elementor-element-b4bb1b4\" data-id=\"b4bb1b4\" data-element_type=\"column\">\n\t\t\t<div class=\"elementor-widget-wrap elementor-element-populated\">\n\t\t\t\t\t\t<div class=\"elementor-element elementor-element-c398312 elementor-widget elementor-widget-image\" data-id=\"c398312\" data-element_type=\"widget\" data-widget_type=\"image.default\">\n\t\t\t\t<div class=\"elementor-widget-container\">\n\t\t\t\t\t\t\t\t\t\t\t\t<figure class=\"wp-caption\">\n\t\t\t\t\t\t\t\t\t\t<img loading=\"lazy\" decoding=\"async\" width=\"700\" height=\"534\" src=\"https:\/\/www.macapflag.com\/blog\/wp-content\/uploads\/2021\/05\/broderie-drapeau.jpg\" class=\"attachment-large size-large wp-image-7278\" alt=\"Le drapeau tricolore de d\u00e9fil\u00e9 et de c\u00e9r\u00e9monie est brod\u00e9\" srcset=\"https:\/\/www.macapflag.com\/blog\/wp-content\/uploads\/2021\/05\/broderie-drapeau.jpg 700w, https:\/\/www.macapflag.com\/blog\/wp-content\/uploads\/2021\/05\/broderie-drapeau-300x229.jpg 300w\" sizes=\"(max-width: 700px) 100vw, 700px\" \/>\t\t\t\t\t\t\t\t\t\t\t<figcaption class=\"widget-image-caption wp-caption-text\">Techniques de broderie chez Macap<\/figcaption>\n\t\t\t\t\t\t\t\t\t\t<\/figure>\n\t\t\t\t\t\t\t\t\t<\/div>\n\t\t\t\t<\/div>\n\t\t\t\t\t<\/div>\n\t\t<\/div>\n\t\t\t\t\t<\/div>\n\t\t<\/section>\n\t\t\t\t<\/div>\n\t\t","protected":false},"excerpt":{"rendered":"<div class=\"tmnf_excerpt\"><p>2021\u2026 ann\u00e9e de Napol\u00e9on Bonaparte. Cette ann\u00e9e, nous comm\u00e9morons les 200 ans de la mort de l\u2019Empereur. Napol\u00e9on Bonaparte, n\u00e9 le 15 ao\u00fbt 1769 \u00e0 Ajaccio, est un militaire et homme d\u2019\u00c9tat fran\u00e7ais. Grand strat\u00e8ge, il revient d&#8217;Italie pour la France en 1799. Il prend le pouvoir gr\u00e2ce au coup d\u2019\u00c9tat du 18 brumaire. Le &hellip;<\/p>\n<\/div>","protected":false},"author":2,"featured_media":7269,"comment_status":"closed","ping_status":"open","sticky":false,"template":"template-fullwidth.php","format":"standard","meta":{"footnotes":""},"categories":[92],"tags":[],"class_list":["post-7267","post","type-post","status-publish","format-standard","has-post-thumbnail","hentry","category-news"],"yoast_head":"<!-- This site is optimized with the Yoast SEO plugin v26.4 - https:\/\/yoast.com\/wordpress\/plugins\/seo\/ -->\n<title>Les 200 ans de l&#039;anniversaire du d\u00e9c\u00e8s de Napol\u00e9on<\/title>\n<meta name=\"description\" content=\"En 2021, la France comm\u00e9more le bicentenaire de la mort de l&#039;empereur Napol\u00e9on. Un anniversaire important pour l&#039;histoire de France\" \/>\n<meta name=\"robots\" content=\"index, follow, max-snippet:-1, max-image-preview:large, max-video-preview:-1\" \/>\n<link rel=\"canonical\" href=\"https:\/\/www.macapflag.com\/blog\/lanniversaire-napoleonien\/\" \/>\n<meta property=\"og:locale\" content=\"fr_FR\" \/>\n<meta property=\"og:type\" content=\"article\" \/>\n<meta property=\"og:title\" content=\"Les 200 ans de l&#039;anniversaire du d\u00e9c\u00e8s de Napol\u00e9on\" \/>\n<meta property=\"og:description\" content=\"En 2021, la France comm\u00e9more le bicentenaire de la mort de l&#039;empereur Napol\u00e9on. Un anniversaire important pour l&#039;histoire de France\" \/>\n<meta property=\"og:url\" content=\"https:\/\/www.macapflag.com\/blog\/lanniversaire-napoleonien\/\" \/>\n<meta property=\"og:site_name\" content=\"Blog - Macap\" \/>\n<meta property=\"article:publisher\" content=\"https:\/\/www.facebook.com\/macap.pavoisement\/\" \/>\n<meta property=\"article:published_time\" content=\"2021-05-10T13:02:27+00:00\" \/>\n<meta property=\"article:modified_time\" content=\"2021-05-17T07:02:42+00:00\" \/>\n<meta property=\"og:image\" content=\"https:\/\/www.macapflag.com\/blog\/wp-content\/uploads\/2021\/05\/Napoleon.jpg\" \/>\n\t<meta property=\"og:image:width\" content=\"870\" \/>\n\t<meta property=\"og:image:height\" content=\"600\" \/>\n\t<meta property=\"og:image:type\" content=\"image\/jpeg\" \/>\n<meta name=\"author\" content=\"Blog Macap\" \/>\n<meta name=\"twitter:card\" content=\"summary_large_image\" \/>\n<meta name=\"twitter:label1\" content=\"\u00c9crit par\" \/>\n\t<meta name=\"twitter:data1\" content=\"Blog Macap\" \/>\n\t<meta name=\"twitter:label2\" content=\"Dur\u00e9e de lecture estim\u00e9e\" \/>\n\t<meta name=\"twitter:data2\" content=\"6 minutes\" \/>\n<script type=\"application\/ld+json\" class=\"yoast-schema-graph\">{\"@context\":\"https:\/\/schema.org\",\"@graph\":[{\"@type\":\"Article\",\"@id\":\"https:\/\/www.macapflag.com\/blog\/lanniversaire-napoleonien\/#article\",\"isPartOf\":{\"@id\":\"https:\/\/www.macapflag.com\/blog\/lanniversaire-napoleonien\/\"},\"author\":{\"name\":\"Blog Macap\",\"@id\":\"https:\/\/www.macapflag.com\/blog\/#\/schema\/person\/3fea701f2603875e651e6b662578fc3c\"},\"headline\":\"L&#8217;anniversaire napol\u00e9onien\",\"datePublished\":\"2021-05-10T13:02:27+00:00\",\"dateModified\":\"2021-05-17T07:02:42+00:00\",\"mainEntityOfPage\":{\"@id\":\"https:\/\/www.macapflag.com\/blog\/lanniversaire-napoleonien\/\"},\"wordCount\":800,\"publisher\":{\"@id\":\"https:\/\/www.macapflag.com\/blog\/#organization\"},\"image\":{\"@id\":\"https:\/\/www.macapflag.com\/blog\/lanniversaire-napoleonien\/#primaryimage\"},\"thumbnailUrl\":\"https:\/\/www.macapflag.com\/blog\/wp-content\/uploads\/2021\/05\/Napoleon.jpg\",\"articleSection\":[\"News &amp; Actu\"],\"inLanguage\":\"fr-FR\"},{\"@type\":\"WebPage\",\"@id\":\"https:\/\/www.macapflag.com\/blog\/lanniversaire-napoleonien\/\",\"url\":\"https:\/\/www.macapflag.com\/blog\/lanniversaire-napoleonien\/\",\"name\":\"Les 200 ans de l'anniversaire du d\u00e9c\u00e8s de Napol\u00e9on\",\"isPartOf\":{\"@id\":\"https:\/\/www.macapflag.com\/blog\/#website\"},\"primaryImageOfPage\":{\"@id\":\"https:\/\/www.macapflag.com\/blog\/lanniversaire-napoleonien\/#primaryimage\"},\"image\":{\"@id\":\"https:\/\/www.macapflag.com\/blog\/lanniversaire-napoleonien\/#primaryimage\"},\"thumbnailUrl\":\"https:\/\/www.macapflag.com\/blog\/wp-content\/uploads\/2021\/05\/Napoleon.jpg\",\"datePublished\":\"2021-05-10T13:02:27+00:00\",\"dateModified\":\"2021-05-17T07:02:42+00:00\",\"description\":\"En 2021, la France comm\u00e9more le bicentenaire de la mort de l'empereur Napol\u00e9on. Un anniversaire important pour l'histoire de France\",\"breadcrumb\":{\"@id\":\"https:\/\/www.macapflag.com\/blog\/lanniversaire-napoleonien\/#breadcrumb\"},\"inLanguage\":\"fr-FR\",\"potentialAction\":[{\"@type\":\"ReadAction\",\"target\":[\"https:\/\/www.macapflag.com\/blog\/lanniversaire-napoleonien\/\"]}]},{\"@type\":\"ImageObject\",\"inLanguage\":\"fr-FR\",\"@id\":\"https:\/\/www.macapflag.com\/blog\/lanniversaire-napoleonien\/#primaryimage\",\"url\":\"https:\/\/www.macapflag.com\/blog\/wp-content\/uploads\/2021\/05\/Napoleon.jpg\",\"contentUrl\":\"https:\/\/www.macapflag.com\/blog\/wp-content\/uploads\/2021\/05\/Napoleon.jpg\",\"width\":870,\"height\":600,\"caption\":\"Napol\u00e9on Bonaparte est un homme d'Etat fran\u00e7ais\"},{\"@type\":\"BreadcrumbList\",\"@id\":\"https:\/\/www.macapflag.com\/blog\/lanniversaire-napoleonien\/#breadcrumb\",\"itemListElement\":[{\"@type\":\"ListItem\",\"position\":1,\"name\":\"Accueil\",\"item\":\"https:\/\/www.macapflag.com\/blog\/\"},{\"@type\":\"ListItem\",\"position\":2,\"name\":\"L&#8217;anniversaire napol\u00e9onien\"}]},{\"@type\":\"WebSite\",\"@id\":\"https:\/\/www.macapflag.com\/blog\/#website\",\"url\":\"https:\/\/www.macapflag.com\/blog\/\",\"name\":\"Blog - Macap\",\"description\":\"Tous nos articles\",\"publisher\":{\"@id\":\"https:\/\/www.macapflag.com\/blog\/#organization\"},\"potentialAction\":[{\"@type\":\"SearchAction\",\"target\":{\"@type\":\"EntryPoint\",\"urlTemplate\":\"https:\/\/www.macapflag.com\/blog\/?s={search_term_string}\"},\"query-input\":{\"@type\":\"PropertyValueSpecification\",\"valueRequired\":true,\"valueName\":\"search_term_string\"}}],\"inLanguage\":\"fr-FR\"},{\"@type\":\"Organization\",\"@id\":\"https:\/\/www.macapflag.com\/blog\/#organization\",\"name\":\"macapflag\",\"url\":\"https:\/\/www.macapflag.com\/blog\/\",\"logo\":{\"@type\":\"ImageObject\",\"inLanguage\":\"fr-FR\",\"@id\":\"https:\/\/www.macapflag.com\/blog\/#\/schema\/logo\/image\/\",\"url\":\"https:\/\/www.macapflag.com\/blog\/wp-content\/uploads\/2020\/12\/cropped-M-512-1.png\",\"contentUrl\":\"https:\/\/www.macapflag.com\/blog\/wp-content\/uploads\/2020\/12\/cropped-M-512-1.png\",\"width\":512,\"height\":512,\"caption\":\"macapflag\"},\"image\":{\"@id\":\"https:\/\/www.macapflag.com\/blog\/#\/schema\/logo\/image\/\"},\"sameAs\":[\"https:\/\/www.facebook.com\/macap.pavoisement\/\",\"https:\/\/www.instagram.com\/macapflag\/?hl=fr\",\"https:\/\/www.linkedin.com\/company\/macap\/?originalSubdomain=fr\",\"https:\/\/www.youtube.com\/channel\/UCXNzTIdZh9poEBjSXEqDtNw\"]},{\"@type\":\"Person\",\"@id\":\"https:\/\/www.macapflag.com\/blog\/#\/schema\/person\/3fea701f2603875e651e6b662578fc3c\",\"name\":\"Blog Macap\",\"image\":{\"@type\":\"ImageObject\",\"inLanguage\":\"fr-FR\",\"@id\":\"https:\/\/www.macapflag.com\/blog\/#\/schema\/person\/image\/\",\"url\":\"https:\/\/secure.gravatar.com\/avatar\/c12551f2dc51f0db049633b03e7856985477a70da834cc8967dea4ce54bdd6a2?s=96&d=mm&r=g\",\"contentUrl\":\"https:\/\/secure.gravatar.com\/avatar\/c12551f2dc51f0db049633b03e7856985477a70da834cc8967dea4ce54bdd6a2?s=96&d=mm&r=g\",\"caption\":\"Blog Macap\"},\"url\":\"https:\/\/www.macapflag.com\/blog\/author\/macap\/\"}]}<\/script>\n<!-- \/ Yoast SEO plugin. -->","yoast_head_json":{"title":"Les 200 ans de l'anniversaire du d\u00e9c\u00e8s de Napol\u00e9on","description":"En 2021, la France comm\u00e9more le bicentenaire de la mort de l'empereur Napol\u00e9on. Un anniversaire important pour l'histoire de France","robots":{"index":"index","follow":"follow","max-snippet":"max-snippet:-1","max-image-preview":"max-image-preview:large","max-video-preview":"max-video-preview:-1"},"canonical":"https:\/\/www.macapflag.com\/blog\/lanniversaire-napoleonien\/","og_locale":"fr_FR","og_type":"article","og_title":"Les 200 ans de l'anniversaire du d\u00e9c\u00e8s de Napol\u00e9on","og_description":"En 2021, la France comm\u00e9more le bicentenaire de la mort de l'empereur Napol\u00e9on. Un anniversaire important pour l'histoire de France","og_url":"https:\/\/www.macapflag.com\/blog\/lanniversaire-napoleonien\/","og_site_name":"Blog - Macap","article_publisher":"https:\/\/www.facebook.com\/macap.pavoisement\/","article_published_time":"2021-05-10T13:02:27+00:00","article_modified_time":"2021-05-17T07:02:42+00:00","og_image":[{"width":870,"height":600,"url":"https:\/\/www.macapflag.com\/blog\/wp-content\/uploads\/2021\/05\/Napoleon.jpg","type":"image\/jpeg"}],"author":"Blog Macap","twitter_card":"summary_large_image","twitter_misc":{"\u00c9crit par":"Blog Macap","Dur\u00e9e de lecture estim\u00e9e":"6 minutes"},"schema":{"@context":"https:\/\/schema.org","@graph":[{"@type":"Article","@id":"https:\/\/www.macapflag.com\/blog\/lanniversaire-napoleonien\/#article","isPartOf":{"@id":"https:\/\/www.macapflag.com\/blog\/lanniversaire-napoleonien\/"},"author":{"name":"Blog Macap","@id":"https:\/\/www.macapflag.com\/blog\/#\/schema\/person\/3fea701f2603875e651e6b662578fc3c"},"headline":"L&#8217;anniversaire napol\u00e9onien","datePublished":"2021-05-10T13:02:27+00:00","dateModified":"2021-05-17T07:02:42+00:00","mainEntityOfPage":{"@id":"https:\/\/www.macapflag.com\/blog\/lanniversaire-napoleonien\/"},"wordCount":800,"publisher":{"@id":"https:\/\/www.macapflag.com\/blog\/#organization"},"image":{"@id":"https:\/\/www.macapflag.com\/blog\/lanniversaire-napoleonien\/#primaryimage"},"thumbnailUrl":"https:\/\/www.macapflag.com\/blog\/wp-content\/uploads\/2021\/05\/Napoleon.jpg","articleSection":["News &amp; Actu"],"inLanguage":"fr-FR"},{"@type":"WebPage","@id":"https:\/\/www.macapflag.com\/blog\/lanniversaire-napoleonien\/","url":"https:\/\/www.macapflag.com\/blog\/lanniversaire-napoleonien\/","name":"Les 200 ans de l'anniversaire du d\u00e9c\u00e8s de Napol\u00e9on","isPartOf":{"@id":"https:\/\/www.macapflag.com\/blog\/#website"},"primaryImageOfPage":{"@id":"https:\/\/www.macapflag.com\/blog\/lanniversaire-napoleonien\/#primaryimage"},"image":{"@id":"https:\/\/www.macapflag.com\/blog\/lanniversaire-napoleonien\/#primaryimage"},"thumbnailUrl":"https:\/\/www.macapflag.com\/blog\/wp-content\/uploads\/2021\/05\/Napoleon.jpg","datePublished":"2021-05-10T13:02:27+00:00","dateModified":"2021-05-17T07:02:42+00:00","description":"En 2021, la France comm\u00e9more le bicentenaire de la mort de l'empereur Napol\u00e9on. Un anniversaire important pour l'histoire de France","breadcrumb":{"@id":"https:\/\/www.macapflag.com\/blog\/lanniversaire-napoleonien\/#breadcrumb"},"inLanguage":"fr-FR","potentialAction":[{"@type":"ReadAction","target":["https:\/\/www.macapflag.com\/blog\/lanniversaire-napoleonien\/"]}]},{"@type":"ImageObject","inLanguage":"fr-FR","@id":"https:\/\/www.macapflag.com\/blog\/lanniversaire-napoleonien\/#primaryimage","url":"https:\/\/www.macapflag.com\/blog\/wp-content\/uploads\/2021\/05\/Napoleon.jpg","contentUrl":"https:\/\/www.macapflag.com\/blog\/wp-content\/uploads\/2021\/05\/Napoleon.jpg","width":870,"height":600,"caption":"Napol\u00e9on Bonaparte est un homme d'Etat fran\u00e7ais"},{"@type":"BreadcrumbList","@id":"https:\/\/www.macapflag.com\/blog\/lanniversaire-napoleonien\/#breadcrumb","itemListElement":[{"@type":"ListItem","position":1,"name":"Accueil","item":"https:\/\/www.macapflag.com\/blog\/"},{"@type":"ListItem","position":2,"name":"L&#8217;anniversaire napol\u00e9onien"}]},{"@type":"WebSite","@id":"https:\/\/www.macapflag.com\/blog\/#website","url":"https:\/\/www.macapflag.com\/blog\/","name":"Blog - Macap","description":"Tous nos articles","publisher":{"@id":"https:\/\/www.macapflag.com\/blog\/#organization"},"potentialAction":[{"@type":"SearchAction","target":{"@type":"EntryPoint","urlTemplate":"https:\/\/www.macapflag.com\/blog\/?s={search_term_string}"},"query-input":{"@type":"PropertyValueSpecification","valueRequired":true,"valueName":"search_term_string"}}],"inLanguage":"fr-FR"},{"@type":"Organization","@id":"https:\/\/www.macapflag.com\/blog\/#organization","name":"macapflag","url":"https:\/\/www.macapflag.com\/blog\/","logo":{"@type":"ImageObject","inLanguage":"fr-FR","@id":"https:\/\/www.macapflag.com\/blog\/#\/schema\/logo\/image\/","url":"https:\/\/www.macapflag.com\/blog\/wp-content\/uploads\/2020\/12\/cropped-M-512-1.png","contentUrl":"https:\/\/www.macapflag.com\/blog\/wp-content\/uploads\/2020\/12\/cropped-M-512-1.png","width":512,"height":512,"caption":"macapflag"},"image":{"@id":"https:\/\/www.macapflag.com\/blog\/#\/schema\/logo\/image\/"},"sameAs":["https:\/\/www.facebook.com\/macap.pavoisement\/","https:\/\/www.instagram.com\/macapflag\/?hl=fr","https:\/\/www.linkedin.com\/company\/macap\/?originalSubdomain=fr","https:\/\/www.youtube.com\/channel\/UCXNzTIdZh9poEBjSXEqDtNw"]},{"@type":"Person","@id":"https:\/\/www.macapflag.com\/blog\/#\/schema\/person\/3fea701f2603875e651e6b662578fc3c","name":"Blog Macap","image":{"@type":"ImageObject","inLanguage":"fr-FR","@id":"https:\/\/www.macapflag.com\/blog\/#\/schema\/person\/image\/","url":"https:\/\/secure.gravatar.com\/avatar\/c12551f2dc51f0db049633b03e7856985477a70da834cc8967dea4ce54bdd6a2?s=96&d=mm&r=g","contentUrl":"https:\/\/secure.gravatar.com\/avatar\/c12551f2dc51f0db049633b03e7856985477a70da834cc8967dea4ce54bdd6a2?s=96&d=mm&r=g","caption":"Blog Macap"},"url":"https:\/\/www.macapflag.com\/blog\/author\/macap\/"}]}},"_links":{"self":[{"href":"https:\/\/www.macapflag.com\/blog\/wp-json\/wp\/v2\/posts\/7267","targetHints":{"allow":["GET"]}}],"collection":[{"href":"https:\/\/www.macapflag.com\/blog\/wp-json\/wp\/v2\/posts"}],"about":[{"href":"https:\/\/www.macapflag.com\/blog\/wp-json\/wp\/v2\/types\/post"}],"author":[{"embeddable":true,"href":"https:\/\/www.macapflag.com\/blog\/wp-json\/wp\/v2\/users\/2"}],"replies":[{"embeddable":true,"href":"https:\/\/www.macapflag.com\/blog\/wp-json\/wp\/v2\/comments?post=7267"}],"version-history":[{"count":34,"href":"https:\/\/www.macapflag.com\/blog\/wp-json\/wp\/v2\/posts\/7267\/revisions"}],"predecessor-version":[{"id":7314,"href":"https:\/\/www.macapflag.com\/blog\/wp-json\/wp\/v2\/posts\/7267\/revisions\/7314"}],"wp:featuredmedia":[{"embeddable":true,"href":"https:\/\/www.macapflag.com\/blog\/wp-json\/wp\/v2\/media\/7269"}],"wp:attachment":[{"href":"https:\/\/www.macapflag.com\/blog\/wp-json\/wp\/v2\/media?parent=7267"}],"wp:term":[{"taxonomy":"category","embeddable":true,"href":"https:\/\/www.macapflag.com\/blog\/wp-json\/wp\/v2\/categories?post=7267"},{"taxonomy":"post_tag","embeddable":true,"href":"https:\/\/www.macapflag.com\/blog\/wp-json\/wp\/v2\/tags?post=7267"}],"curies":[{"name":"wp","href":"https:\/\/api.w.org\/{rel}","templated":true}]}}