{"id":7706,"date":"2021-08-02T10:21:14","date_gmt":"2021-08-02T08:21:14","guid":{"rendered":"https:\/\/www.macapflag.com\/blog\/?p=7706"},"modified":"2021-10-28T14:47:41","modified_gmt":"2021-10-28T12:47:41","slug":"marque","status":"publish","type":"post","link":"https:\/\/www.macapflag.com\/blog\/marque\/","title":{"rendered":"Comment prot\u00e9ger sa marque ?"},"content":{"rendered":"\t\t<div data-elementor-type=\"wp-post\" data-elementor-id=\"7706\" class=\"elementor elementor-7706\">\n\t\t\t\t\t\t<section class=\"elementor-section elementor-top-section elementor-element elementor-element-114bc29 elementor-section-boxed elementor-section-height-default elementor-section-height-default\" data-id=\"114bc29\" data-element_type=\"section\">\n\t\t\t\t\t\t<div class=\"elementor-container elementor-column-gap-default\">\n\t\t\t\t\t<div class=\"elementor-column elementor-col-100 elementor-top-column elementor-element elementor-element-3fe9f7a\" data-id=\"3fe9f7a\" data-element_type=\"column\">\n\t\t\t<div class=\"elementor-widget-wrap elementor-element-populated\">\n\t\t\t\t\t\t<div class=\"elementor-element elementor-element-014e565 elementor-widget elementor-widget-text-editor\" data-id=\"014e565\" data-element_type=\"widget\" data-widget_type=\"text-editor.default\">\n\t\t\t\t<div class=\"elementor-widget-container\">\n\t\t\t\t\t\t\t\t\t<p>Bienvenue dans l\u2019univers, complexe mais passionnant, de la protection des marques. Vous souhaitez cr\u00e9er une marque et en prot\u00e9ger l\u2019exploitation ?<br \/>D\u00e9cryptage, marche \u00e0 suivre et astuces, on vous dit tout, ou presque, pour comprendre et faciliter ces d\u00e9marches !<\/p>\t\t\t\t\t\t\t\t<\/div>\n\t\t\t\t<\/div>\n\t\t\t\t\t<\/div>\n\t\t<\/div>\n\t\t\t\t\t<\/div>\n\t\t<\/section>\n\t\t\t\t<section class=\"elementor-section elementor-top-section elementor-element elementor-element-88e5956 elementor-section-boxed elementor-section-height-default elementor-section-height-default\" data-id=\"88e5956\" data-element_type=\"section\">\n\t\t\t\t\t\t<div class=\"elementor-container elementor-column-gap-default\">\n\t\t\t\t\t<div class=\"elementor-column elementor-col-100 elementor-top-column elementor-element elementor-element-57991bb\" data-id=\"57991bb\" data-element_type=\"column\">\n\t\t\t<div class=\"elementor-widget-wrap elementor-element-populated\">\n\t\t\t\t\t\t<div class=\"elementor-element elementor-element-680fab6 elementor-widget elementor-widget-text-editor\" data-id=\"680fab6\" data-element_type=\"widget\" data-widget_type=\"text-editor.default\">\n\t\t\t\t<div class=\"elementor-widget-container\">\n\t\t\t\t\t\t\t\t\t<h2>Qu\u2019est-ce qu\u2019une marque et un d\u00e9p\u00f4t de marque ?<\/h2>\t\t\t\t\t\t\t\t<\/div>\n\t\t\t\t<\/div>\n\t\t\t\t\t<\/div>\n\t\t<\/div>\n\t\t\t\t\t<\/div>\n\t\t<\/section>\n\t\t\t\t<section class=\"elementor-section elementor-top-section elementor-element elementor-element-44c2ccf elementor-section-boxed elementor-section-height-default elementor-section-height-default\" data-id=\"44c2ccf\" data-element_type=\"section\">\n\t\t\t\t\t\t<div class=\"elementor-container elementor-column-gap-default\">\n\t\t\t\t\t<div class=\"elementor-column elementor-col-100 elementor-top-column elementor-element elementor-element-1cf13a6\" data-id=\"1cf13a6\" data-element_type=\"column\">\n\t\t\t<div class=\"elementor-widget-wrap elementor-element-populated\">\n\t\t\t\t\t\t<div class=\"elementor-element elementor-element-877f77b elementor-widget elementor-widget-text-editor\" data-id=\"877f77b\" data-element_type=\"widget\" data-widget_type=\"text-editor.default\">\n\t\t\t\t<div class=\"elementor-widget-container\">\n\t\t\t\t\t\t\t\t\t<h3>\u2022 Comment d\u00e9finit-on une marque ?<\/h3>\t\t\t\t\t\t\t\t<\/div>\n\t\t\t\t<\/div>\n\t\t\t\t\t<\/div>\n\t\t<\/div>\n\t\t\t\t\t<\/div>\n\t\t<\/section>\n\t\t\t\t<section class=\"elementor-section elementor-top-section elementor-element elementor-element-a72a467 elementor-section-boxed elementor-section-height-default elementor-section-height-default\" data-id=\"a72a467\" data-element_type=\"section\">\n\t\t\t\t\t\t<div class=\"elementor-container elementor-column-gap-default\">\n\t\t\t\t\t<div class=\"elementor-column elementor-col-100 elementor-top-column elementor-element elementor-element-8f07b35\" data-id=\"8f07b35\" data-element_type=\"column\">\n\t\t\t<div class=\"elementor-widget-wrap elementor-element-populated\">\n\t\t\t\t\t\t<div class=\"elementor-element elementor-element-a29c471 elementor-widget elementor-widget-text-editor\" data-id=\"a29c471\" data-element_type=\"widget\" data-widget_type=\"text-editor.default\">\n\t\t\t\t<div class=\"elementor-widget-container\">\n\t\t\t\t\t\t\t\t\t<p>Une marque est un signe qui vous permet de distinguer vos produits et services de ceux de la concurrence. Ce signe peut prendre plusieurs formes : celle d\u2019un ou de plusieurs mots, de plusieurs \u00e9l\u00e9ments figuratifs, mais aussi d\u2019une forme en 3D (un flacon de parfum) ou m\u00eame sonore (un jingle) .<\/p><p>La marque est telle une signature, une identit\u00e9 qui repr\u00e9sente, dans l\u2019esprit des gens, une entreprise ou un produit.<\/p><p>On parle de <strong>marque verbale<\/strong> lorsqu\u2019elle est compos\u00e9e de mots, lettres et chiffres sans graphisme ni couleurs sp\u00e9cifiques.<br \/>On parle de <strong>marque figurative<\/strong> lorsque celle-ci est compos\u00e9e de caract\u00e8res, styles, couleurs et ou d\u2019\u00e9l\u00e9ments figuratifs. <br \/>On parle de <strong>marque semi-figurative<\/strong> ou complexe lorsqu\u2019elle inclut aussi bien des \u00e9l\u00e9ments figuratifs (comme par exemple un logo) qu\u2019un nom, pour cr\u00e9er une v\u00e9ritable identit\u00e9 visuelle.<\/p>\t\t\t\t\t\t\t\t<\/div>\n\t\t\t\t<\/div>\n\t\t\t\t\t<\/div>\n\t\t<\/div>\n\t\t\t\t\t<\/div>\n\t\t<\/section>\n\t\t\t\t<section class=\"elementor-section elementor-top-section elementor-element elementor-element-9748b57 elementor-section-boxed elementor-section-height-default elementor-section-height-default\" data-id=\"9748b57\" data-element_type=\"section\">\n\t\t\t\t\t\t<div class=\"elementor-container elementor-column-gap-default\">\n\t\t\t\t\t<div class=\"elementor-column elementor-col-100 elementor-top-column elementor-element elementor-element-3708e40\" data-id=\"3708e40\" data-element_type=\"column\">\n\t\t\t<div class=\"elementor-widget-wrap elementor-element-populated\">\n\t\t\t\t\t\t<div class=\"elementor-element elementor-element-4d8711d elementor-widget elementor-widget-text-editor\" data-id=\"4d8711d\" data-element_type=\"widget\" data-widget_type=\"text-editor.default\">\n\t\t\t\t<div class=\"elementor-widget-container\">\n\t\t\t\t\t\t\t\t\t<p>Illustration en images avec la marque Nike\u00ae :<\/p>\t\t\t\t\t\t\t\t<\/div>\n\t\t\t\t<\/div>\n\t\t\t\t\t<\/div>\n\t\t<\/div>\n\t\t\t\t\t<\/div>\n\t\t<\/section>\n\t\t\t\t<section class=\"elementor-section elementor-top-section elementor-element elementor-element-625d143 elementor-section-boxed elementor-section-height-default elementor-section-height-default\" data-id=\"625d143\" data-element_type=\"section\">\n\t\t\t\t\t\t<div class=\"elementor-container elementor-column-gap-default\">\n\t\t\t\t\t<div class=\"elementor-column elementor-col-33 elementor-top-column elementor-element elementor-element-8b02fb4\" data-id=\"8b02fb4\" data-element_type=\"column\">\n\t\t\t<div class=\"elementor-widget-wrap elementor-element-populated\">\n\t\t\t\t\t\t<div class=\"elementor-element elementor-element-3ec4d99 elementor-widget elementor-widget-image\" data-id=\"3ec4d99\" data-element_type=\"widget\" data-widget_type=\"image.default\">\n\t\t\t\t<div class=\"elementor-widget-container\">\n\t\t\t\t\t\t\t\t\t\t\t\t\t\t\t<img fetchpriority=\"high\" decoding=\"async\" width=\"534\" height=\"700\" src=\"https:\/\/www.macapflag.com\/blog\/wp-content\/uploads\/2021\/08\/marque-verbale.jpg\" class=\"attachment-large size-large wp-image-7724\" alt=\"Illustration de marque verbale ou figurative avec l&#039;exemple de Nike\" srcset=\"https:\/\/www.macapflag.com\/blog\/wp-content\/uploads\/2021\/08\/marque-verbale.jpg 534w, https:\/\/www.macapflag.com\/blog\/wp-content\/uploads\/2021\/08\/marque-verbale-229x300.jpg 229w\" sizes=\"(max-width: 534px) 100vw, 534px\" \/>\t\t\t\t\t\t\t\t\t\t\t\t\t\t\t<\/div>\n\t\t\t\t<\/div>\n\t\t\t\t\t<\/div>\n\t\t<\/div>\n\t\t\t\t<div class=\"elementor-column elementor-col-33 elementor-top-column elementor-element elementor-element-f2e4cc3\" data-id=\"f2e4cc3\" data-element_type=\"column\">\n\t\t\t<div class=\"elementor-widget-wrap elementor-element-populated\">\n\t\t\t\t\t\t<div class=\"elementor-element elementor-element-1bfd4bf elementor-widget elementor-widget-image\" data-id=\"1bfd4bf\" data-element_type=\"widget\" data-widget_type=\"image.default\">\n\t\t\t\t<div class=\"elementor-widget-container\">\n\t\t\t\t\t\t\t\t\t\t\t\t\t\t\t<img decoding=\"async\" width=\"534\" height=\"700\" src=\"https:\/\/www.macapflag.com\/blog\/wp-content\/uploads\/2021\/08\/marqeu-semi-figurative.jpg\" class=\"attachment-large size-large wp-image-7717\" alt=\"Exemple de marque semi figurative avec la virgule de Nike\" srcset=\"https:\/\/www.macapflag.com\/blog\/wp-content\/uploads\/2021\/08\/marqeu-semi-figurative.jpg 534w, https:\/\/www.macapflag.com\/blog\/wp-content\/uploads\/2021\/08\/marqeu-semi-figurative-229x300.jpg 229w\" sizes=\"(max-width: 534px) 100vw, 534px\" \/>\t\t\t\t\t\t\t\t\t\t\t\t\t\t\t<\/div>\n\t\t\t\t<\/div>\n\t\t\t\t\t<\/div>\n\t\t<\/div>\n\t\t\t\t<div class=\"elementor-column elementor-col-33 elementor-top-column elementor-element elementor-element-076b80f\" data-id=\"076b80f\" data-element_type=\"column\">\n\t\t\t<div class=\"elementor-widget-wrap elementor-element-populated\">\n\t\t\t\t\t\t<div class=\"elementor-element elementor-element-52015ab elementor-widget elementor-widget-image\" data-id=\"52015ab\" data-element_type=\"widget\" data-widget_type=\"image.default\">\n\t\t\t\t<div class=\"elementor-widget-container\">\n\t\t\t\t\t\t\t\t\t\t\t\t\t\t\t<img decoding=\"async\" width=\"534\" height=\"700\" src=\"https:\/\/www.macapflag.com\/blog\/wp-content\/uploads\/2021\/08\/marque-figurative.jpg\" class=\"attachment-large size-large wp-image-7721\" alt=\"Exemple de marque figurative avec la fameuse marque Nike\" srcset=\"https:\/\/www.macapflag.com\/blog\/wp-content\/uploads\/2021\/08\/marque-figurative.jpg 534w, https:\/\/www.macapflag.com\/blog\/wp-content\/uploads\/2021\/08\/marque-figurative-229x300.jpg 229w\" sizes=\"(max-width: 534px) 100vw, 534px\" \/>\t\t\t\t\t\t\t\t\t\t\t\t\t\t\t<\/div>\n\t\t\t\t<\/div>\n\t\t\t\t\t<\/div>\n\t\t<\/div>\n\t\t\t\t\t<\/div>\n\t\t<\/section>\n\t\t\t\t<section class=\"elementor-section elementor-top-section elementor-element elementor-element-4fdaa33 elementor-section-boxed elementor-section-height-default elementor-section-height-default\" data-id=\"4fdaa33\" data-element_type=\"section\">\n\t\t\t\t\t\t<div class=\"elementor-container elementor-column-gap-default\">\n\t\t\t\t\t<div class=\"elementor-column elementor-col-100 elementor-top-column elementor-element elementor-element-02870ed\" data-id=\"02870ed\" data-element_type=\"column\">\n\t\t\t<div class=\"elementor-widget-wrap elementor-element-populated\">\n\t\t\t\t\t\t<div class=\"elementor-element elementor-element-9a82dfa elementor-widget elementor-widget-spacer\" data-id=\"9a82dfa\" data-element_type=\"widget\" data-widget_type=\"spacer.default\">\n\t\t\t\t<div class=\"elementor-widget-container\">\n\t\t\t\t\t\t\t<div class=\"elementor-spacer\">\n\t\t\t<div class=\"elementor-spacer-inner\"><\/div>\n\t\t<\/div>\n\t\t\t\t\t\t<\/div>\n\t\t\t\t<\/div>\n\t\t\t\t\t<\/div>\n\t\t<\/div>\n\t\t\t\t\t<\/div>\n\t\t<\/section>\n\t\t\t\t<section class=\"elementor-section elementor-top-section elementor-element elementor-element-7c7fea3 elementor-section-boxed elementor-section-height-default elementor-section-height-default\" data-id=\"7c7fea3\" data-element_type=\"section\">\n\t\t\t\t\t\t<div class=\"elementor-container elementor-column-gap-default\">\n\t\t\t\t\t<div class=\"elementor-column elementor-col-100 elementor-top-column elementor-element elementor-element-f4bff6c\" data-id=\"f4bff6c\" data-element_type=\"column\">\n\t\t\t<div class=\"elementor-widget-wrap elementor-element-populated\">\n\t\t\t\t\t\t<div class=\"elementor-element elementor-element-22a29b5 elementor-widget elementor-widget-text-editor\" data-id=\"22a29b5\" data-element_type=\"widget\" data-widget_type=\"text-editor.default\">\n\t\t\t\t<div class=\"elementor-widget-container\">\n\t\t\t\t\t\t\t\t\t<p>De nombreuses autres formes de marques existent : <br \/>. La <strong>marque tridimensionnelle<\/strong> qui concerne la forme d\u2019un objet, le design particulier d\u2019un produit ou d\u2019un emballage.<br \/>. La <strong>marque de position<\/strong> qui se caract\u00e9rise par l\u2019emplacement sp\u00e9cifique qu\u2019elle occupe sur un produit (exemples : les 3 bandes Adidas\u00ae sur les baskets.<br \/>. La <strong>marque de motif identifiable<\/strong> par la reproduction r\u00e9p\u00e9titive d\u2019un motif.<br \/>. La <strong>marque de couleur<\/strong> r\u00e9pertori\u00e9e gr\u00e2ce \u00e0 une r\u00e9f\u00e9rence Pantone.<br \/>. La <strong>marque de mouvement<\/strong>, qui concerne une s\u00e9rie d\u2019images ou une vid\u00e9o.<br \/>. La <strong>marque multim\u00e9dia<\/strong>, utilis\u00e9e pour une combinaison d\u2019images et de sons.<\/p>\t\t\t\t\t\t\t\t<\/div>\n\t\t\t\t<\/div>\n\t\t\t\t\t<\/div>\n\t\t<\/div>\n\t\t\t\t\t<\/div>\n\t\t<\/section>\n\t\t\t\t<section class=\"elementor-section elementor-top-section elementor-element elementor-element-3048c75 elementor-section-boxed elementor-section-height-default elementor-section-height-default\" data-id=\"3048c75\" data-element_type=\"section\">\n\t\t\t\t\t\t<div class=\"elementor-container elementor-column-gap-default\">\n\t\t\t\t\t<div class=\"elementor-column elementor-col-33 elementor-top-column elementor-element elementor-element-a258be1\" data-id=\"a258be1\" data-element_type=\"column\">\n\t\t\t<div class=\"elementor-widget-wrap elementor-element-populated\">\n\t\t\t\t\t\t<div class=\"elementor-element elementor-element-28f9b78 elementor-widget elementor-widget-image\" data-id=\"28f9b78\" data-element_type=\"widget\" data-widget_type=\"image.default\">\n\t\t\t\t<div class=\"elementor-widget-container\">\n\t\t\t\t\t\t\t\t\t\t\t\t\t\t\t<img loading=\"lazy\" decoding=\"async\" width=\"700\" height=\"534\" src=\"https:\/\/www.macapflag.com\/blog\/wp-content\/uploads\/2021\/08\/marque-de-position.jpg\" class=\"attachment-large size-large wp-image-7720\" alt=\"Exemple de marque d\u00e9pos\u00e9e en tant que marque de position\" srcset=\"https:\/\/www.macapflag.com\/blog\/wp-content\/uploads\/2021\/08\/marque-de-position.jpg 700w, https:\/\/www.macapflag.com\/blog\/wp-content\/uploads\/2021\/08\/marque-de-position-300x229.jpg 300w\" sizes=\"(max-width: 700px) 100vw, 700px\" \/>\t\t\t\t\t\t\t\t\t\t\t\t\t\t\t<\/div>\n\t\t\t\t<\/div>\n\t\t\t\t\t<\/div>\n\t\t<\/div>\n\t\t\t\t<div class=\"elementor-column elementor-col-33 elementor-top-column elementor-element elementor-element-a473d66\" data-id=\"a473d66\" data-element_type=\"column\">\n\t\t\t<div class=\"elementor-widget-wrap elementor-element-populated\">\n\t\t\t\t\t\t<div class=\"elementor-element elementor-element-c406c69 elementor-widget elementor-widget-image\" data-id=\"c406c69\" data-element_type=\"widget\" data-widget_type=\"image.default\">\n\t\t\t\t<div class=\"elementor-widget-container\">\n\t\t\t\t\t\t\t\t\t\t\t\t\t\t\t<img loading=\"lazy\" decoding=\"async\" width=\"700\" height=\"534\" src=\"https:\/\/www.macapflag.com\/blog\/wp-content\/uploads\/2021\/08\/marque-tridimensionnelle.jpg\" class=\"attachment-large size-large wp-image-7723\" alt=\"Le d\u00e9p\u00f4t d&#039;une marque tridimensionnelle concerne une forme particuli\u00e8re\" srcset=\"https:\/\/www.macapflag.com\/blog\/wp-content\/uploads\/2021\/08\/marque-tridimensionnelle.jpg 700w, https:\/\/www.macapflag.com\/blog\/wp-content\/uploads\/2021\/08\/marque-tridimensionnelle-300x229.jpg 300w\" sizes=\"(max-width: 700px) 100vw, 700px\" \/>\t\t\t\t\t\t\t\t\t\t\t\t\t\t\t<\/div>\n\t\t\t\t<\/div>\n\t\t\t\t\t<\/div>\n\t\t<\/div>\n\t\t\t\t<div class=\"elementor-column elementor-col-33 elementor-top-column elementor-element elementor-element-2c4c945\" data-id=\"2c4c945\" data-element_type=\"column\">\n\t\t\t<div class=\"elementor-widget-wrap elementor-element-populated\">\n\t\t\t\t\t\t<div class=\"elementor-element elementor-element-4103fb5 elementor-widget elementor-widget-image\" data-id=\"4103fb5\" data-element_type=\"widget\" data-widget_type=\"image.default\">\n\t\t\t\t<div class=\"elementor-widget-container\">\n\t\t\t\t\t\t\t\t\t\t\t\t\t\t\t<img loading=\"lazy\" decoding=\"async\" width=\"700\" height=\"534\" src=\"https:\/\/www.macapflag.com\/blog\/wp-content\/uploads\/2021\/08\/proteger-sa-marque-3.jpg\" class=\"attachment-large size-large wp-image-7727\" alt=\"Tous les grands groupes g\u00e8rent de pr\u00e8s la protection de leurs marques\" srcset=\"https:\/\/www.macapflag.com\/blog\/wp-content\/uploads\/2021\/08\/proteger-sa-marque-3.jpg 700w, https:\/\/www.macapflag.com\/blog\/wp-content\/uploads\/2021\/08\/proteger-sa-marque-3-300x229.jpg 300w\" sizes=\"(max-width: 700px) 100vw, 700px\" \/>\t\t\t\t\t\t\t\t\t\t\t\t\t\t\t<\/div>\n\t\t\t\t<\/div>\n\t\t\t\t\t<\/div>\n\t\t<\/div>\n\t\t\t\t\t<\/div>\n\t\t<\/section>\n\t\t\t\t<section class=\"elementor-section elementor-top-section elementor-element elementor-element-8cbfa7c elementor-section-boxed elementor-section-height-default elementor-section-height-default\" data-id=\"8cbfa7c\" data-element_type=\"section\">\n\t\t\t\t\t\t<div class=\"elementor-container elementor-column-gap-default\">\n\t\t\t\t\t<div class=\"elementor-column elementor-col-33 elementor-top-column elementor-element elementor-element-ea3b764\" data-id=\"ea3b764\" data-element_type=\"column\">\n\t\t\t<div class=\"elementor-widget-wrap elementor-element-populated\">\n\t\t\t\t\t\t<div class=\"elementor-element elementor-element-0cc36e1 elementor-widget elementor-widget-image\" data-id=\"0cc36e1\" data-element_type=\"widget\" data-widget_type=\"image.default\">\n\t\t\t\t<div class=\"elementor-widget-container\">\n\t\t\t\t\t\t\t\t\t\t\t\t\t\t\t<img loading=\"lazy\" decoding=\"async\" width=\"700\" height=\"534\" src=\"https:\/\/www.macapflag.com\/blog\/wp-content\/uploads\/2021\/08\/marque-de-mouvement.jpg\" class=\"attachment-large size-large wp-image-7719\" alt=\"Les diff\u00e9rentes formes de d\u00e9p\u00f4ts de marques\" srcset=\"https:\/\/www.macapflag.com\/blog\/wp-content\/uploads\/2021\/08\/marque-de-mouvement.jpg 700w, https:\/\/www.macapflag.com\/blog\/wp-content\/uploads\/2021\/08\/marque-de-mouvement-300x229.jpg 300w\" sizes=\"(max-width: 700px) 100vw, 700px\" \/>\t\t\t\t\t\t\t\t\t\t\t\t\t\t\t<\/div>\n\t\t\t\t<\/div>\n\t\t\t\t\t<\/div>\n\t\t<\/div>\n\t\t\t\t<div class=\"elementor-column elementor-col-33 elementor-top-column elementor-element elementor-element-3c8a20b\" data-id=\"3c8a20b\" data-element_type=\"column\">\n\t\t\t<div class=\"elementor-widget-wrap elementor-element-populated\">\n\t\t\t\t\t\t<div class=\"elementor-element elementor-element-ad2c047 elementor-widget elementor-widget-image\" data-id=\"ad2c047\" data-element_type=\"widget\" data-widget_type=\"image.default\">\n\t\t\t\t<div class=\"elementor-widget-container\">\n\t\t\t\t\t\t\t\t\t\t\t\t\t\t\t<img loading=\"lazy\" decoding=\"async\" width=\"700\" height=\"534\" src=\"https:\/\/www.macapflag.com\/blog\/wp-content\/uploads\/2021\/08\/marque-de-couleur.jpg\" class=\"attachment-large size-large wp-image-7718\" alt=\"Exemple de d\u00e9p\u00f4t de marque de couleur avec la marque Orange\" srcset=\"https:\/\/www.macapflag.com\/blog\/wp-content\/uploads\/2021\/08\/marque-de-couleur.jpg 700w, https:\/\/www.macapflag.com\/blog\/wp-content\/uploads\/2021\/08\/marque-de-couleur-300x229.jpg 300w\" sizes=\"(max-width: 700px) 100vw, 700px\" \/>\t\t\t\t\t\t\t\t\t\t\t\t\t\t\t<\/div>\n\t\t\t\t<\/div>\n\t\t\t\t\t<\/div>\n\t\t<\/div>\n\t\t\t\t<div class=\"elementor-column elementor-col-33 elementor-top-column elementor-element elementor-element-ab5b9cf\" data-id=\"ab5b9cf\" data-element_type=\"column\">\n\t\t\t<div class=\"elementor-widget-wrap elementor-element-populated\">\n\t\t\t\t\t\t<div class=\"elementor-element elementor-element-b4ba342 elementor-widget elementor-widget-image\" data-id=\"b4ba342\" data-element_type=\"widget\" data-widget_type=\"image.default\">\n\t\t\t\t<div class=\"elementor-widget-container\">\n\t\t\t\t\t\t\t\t\t\t\t\t\t\t\t<img loading=\"lazy\" decoding=\"async\" width=\"700\" height=\"534\" src=\"https:\/\/www.macapflag.com\/blog\/wp-content\/uploads\/2021\/08\/marque-multimedia.jpg\" class=\"attachment-large size-large wp-image-7722\" alt=\"Les diff\u00e9rentes formes d&#039;un d\u00e9p\u00f4t de marque\" srcset=\"https:\/\/www.macapflag.com\/blog\/wp-content\/uploads\/2021\/08\/marque-multimedia.jpg 700w, https:\/\/www.macapflag.com\/blog\/wp-content\/uploads\/2021\/08\/marque-multimedia-300x229.jpg 300w\" sizes=\"(max-width: 700px) 100vw, 700px\" \/>\t\t\t\t\t\t\t\t\t\t\t\t\t\t\t<\/div>\n\t\t\t\t<\/div>\n\t\t\t\t\t<\/div>\n\t\t<\/div>\n\t\t\t\t\t<\/div>\n\t\t<\/section>\n\t\t\t\t<section class=\"elementor-section elementor-top-section elementor-element elementor-element-14e6184 elementor-section-boxed elementor-section-height-default elementor-section-height-default\" data-id=\"14e6184\" data-element_type=\"section\">\n\t\t\t\t\t\t<div class=\"elementor-container elementor-column-gap-default\">\n\t\t\t\t\t<div class=\"elementor-column elementor-col-100 elementor-top-column elementor-element elementor-element-9689def\" data-id=\"9689def\" data-element_type=\"column\">\n\t\t\t<div class=\"elementor-widget-wrap elementor-element-populated\">\n\t\t\t\t\t\t<div class=\"elementor-element elementor-element-c1d4de8 elementor-widget elementor-widget-spacer\" data-id=\"c1d4de8\" data-element_type=\"widget\" data-widget_type=\"spacer.default\">\n\t\t\t\t<div class=\"elementor-widget-container\">\n\t\t\t\t\t\t\t<div class=\"elementor-spacer\">\n\t\t\t<div class=\"elementor-spacer-inner\"><\/div>\n\t\t<\/div>\n\t\t\t\t\t\t<\/div>\n\t\t\t\t<\/div>\n\t\t\t\t\t<\/div>\n\t\t<\/div>\n\t\t\t\t\t<\/div>\n\t\t<\/section>\n\t\t\t\t<section class=\"elementor-section elementor-top-section elementor-element elementor-element-6f2dada elementor-section-boxed elementor-section-height-default elementor-section-height-default\" data-id=\"6f2dada\" data-element_type=\"section\">\n\t\t\t\t\t\t<div class=\"elementor-container elementor-column-gap-default\">\n\t\t\t\t\t<div class=\"elementor-column elementor-col-100 elementor-top-column elementor-element elementor-element-40a9066\" data-id=\"40a9066\" data-element_type=\"column\">\n\t\t\t<div class=\"elementor-widget-wrap elementor-element-populated\">\n\t\t\t\t\t\t<div class=\"elementor-element elementor-element-ec4f578 elementor-widget elementor-widget-text-editor\" data-id=\"ec4f578\" data-element_type=\"widget\" data-widget_type=\"text-editor.default\">\n\t\t\t\t<div class=\"elementor-widget-container\">\n\t\t\t\t\t\t\t\t\t<h3>\u2022 Qu&#8217;entend-on par &#8220;d\u00e9p\u00f4t de marque&#8221; ?<\/h3>\t\t\t\t\t\t\t\t<\/div>\n\t\t\t\t<\/div>\n\t\t\t\t\t<\/div>\n\t\t<\/div>\n\t\t\t\t\t<\/div>\n\t\t<\/section>\n\t\t\t\t<section class=\"elementor-section elementor-top-section elementor-element elementor-element-331068c elementor-section-boxed elementor-section-height-default elementor-section-height-default\" data-id=\"331068c\" data-element_type=\"section\">\n\t\t\t\t\t\t<div class=\"elementor-container elementor-column-gap-default\">\n\t\t\t\t\t<div class=\"elementor-column elementor-col-50 elementor-top-column elementor-element elementor-element-7d1e907\" data-id=\"7d1e907\" data-element_type=\"column\">\n\t\t\t<div class=\"elementor-widget-wrap elementor-element-populated\">\n\t\t\t\t\t\t<div class=\"elementor-element elementor-element-4a43e39 elementor-widget elementor-widget-text-editor\" data-id=\"4a43e39\" data-element_type=\"widget\" data-widget_type=\"text-editor.default\">\n\t\t\t\t<div class=\"elementor-widget-container\">\n\t\t\t\t\t\t\t\t\t<p style=\"text-align: justify;\">D\u00e9poser une marque revient \u00e0 en revendiquer la propri\u00e9t\u00e9 et l\u2019usage exclusif pour une cat\u00e9gorie de produits et de services, dans une zone g\u00e9ographique d\u00e9termin\u00e9e.\nLe d\u00e9p\u00f4t d\u2019une marque permet d\u2019en prot\u00e9ger l\u2019exploitation et de se r\u00e9server ainsi l\u2019exclusivit\u00e9 de son utilisation.\nEn France, la gestion des marques sur le territoire national est g\u00e9r\u00e9e par l\u2019INPI (Institut national de la propri\u00e9t\u00e9 industrielle).<\/p>\t\t\t\t\t\t\t\t<\/div>\n\t\t\t\t<\/div>\n\t\t\t\t\t<\/div>\n\t\t<\/div>\n\t\t\t\t<div class=\"elementor-column elementor-col-50 elementor-top-column elementor-element elementor-element-f919e16\" data-id=\"f919e16\" data-element_type=\"column\">\n\t\t\t<div class=\"elementor-widget-wrap elementor-element-populated\">\n\t\t\t\t\t\t<div class=\"elementor-element elementor-element-b477da0 elementor-widget elementor-widget-image\" data-id=\"b477da0\" data-element_type=\"widget\" data-widget_type=\"image.default\">\n\t\t\t\t<div class=\"elementor-widget-container\">\n\t\t\t\t\t\t\t\t\t\t\t\t\t\t\t<img loading=\"lazy\" decoding=\"async\" width=\"700\" height=\"534\" src=\"https:\/\/www.macapflag.com\/blog\/wp-content\/uploads\/2021\/08\/inpi-protection-des-marques.jpg\" class=\"attachment-large size-large wp-image-7716\" alt=\"\" srcset=\"https:\/\/www.macapflag.com\/blog\/wp-content\/uploads\/2021\/08\/inpi-protection-des-marques.jpg 700w, https:\/\/www.macapflag.com\/blog\/wp-content\/uploads\/2021\/08\/inpi-protection-des-marques-300x229.jpg 300w\" sizes=\"(max-width: 700px) 100vw, 700px\" \/>\t\t\t\t\t\t\t\t\t\t\t\t\t\t\t<\/div>\n\t\t\t\t<\/div>\n\t\t\t\t\t<\/div>\n\t\t<\/div>\n\t\t\t\t\t<\/div>\n\t\t<\/section>\n\t\t\t\t<section class=\"elementor-section elementor-top-section elementor-element elementor-element-cd4a55a elementor-section-boxed elementor-section-height-default elementor-section-height-default\" data-id=\"cd4a55a\" data-element_type=\"section\">\n\t\t\t\t\t\t<div class=\"elementor-container elementor-column-gap-default\">\n\t\t\t\t\t<div class=\"elementor-column elementor-col-100 elementor-top-column elementor-element elementor-element-e4032d2\" data-id=\"e4032d2\" data-element_type=\"column\">\n\t\t\t<div class=\"elementor-widget-wrap elementor-element-populated\">\n\t\t\t\t\t\t<div class=\"elementor-element elementor-element-faf853a elementor-widget elementor-widget-text-editor\" data-id=\"faf853a\" data-element_type=\"widget\" data-widget_type=\"text-editor.default\">\n\t\t\t\t<div class=\"elementor-widget-container\">\n\t\t\t\t\t\t\t\t\t<p style=\"text-align: justify;\">La dur\u00e9e de protection d\u2019une marque apr\u00e8s son d\u00e9p\u00f4t est de 10 ans. Pendant cette p\u00e9riode, le propri\u00e9taire de la marque peut l\u2019exploiter librement et m\u00eame la vendre \u00e0 une autre personne physique ou morale s\u2019il le souhaite.\n\u00c0 l\u2019issue de ces 10 ann\u00e9es, il suffit simplement de renouveler le d\u00e9p\u00f4t pour une dur\u00e9e identique.\nLes marques sont d\u00e9pos\u00e9es dans des classes (cat\u00e9gories de produits et services) d\u00e9termin\u00e9es par <strong>la classification de Nice<\/strong>.<\/p>\t\t\t\t\t\t\t\t<\/div>\n\t\t\t\t<\/div>\n\t\t\t\t\t<\/div>\n\t\t<\/div>\n\t\t\t\t\t<\/div>\n\t\t<\/section>\n\t\t\t\t<section class=\"elementor-section elementor-top-section elementor-element elementor-element-d845e18 elementor-section-boxed elementor-section-height-default elementor-section-height-default\" data-id=\"d845e18\" data-element_type=\"section\">\n\t\t\t\t\t\t<div class=\"elementor-container elementor-column-gap-default\">\n\t\t\t\t\t<div class=\"elementor-column elementor-col-33 elementor-top-column elementor-element elementor-element-3859603\" data-id=\"3859603\" data-element_type=\"column\">\n\t\t\t<div class=\"elementor-widget-wrap elementor-element-populated\">\n\t\t\t\t\t\t<div class=\"elementor-element elementor-element-938afd7 elementor-widget elementor-widget-image\" data-id=\"938afd7\" data-element_type=\"widget\" data-widget_type=\"image.default\">\n\t\t\t\t<div class=\"elementor-widget-container\">\n\t\t\t\t\t\t\t\t\t\t\t\t\t\t\t<img loading=\"lazy\" decoding=\"async\" width=\"700\" height=\"534\" src=\"https:\/\/www.macapflag.com\/blog\/wp-content\/uploads\/2021\/08\/ompi-protection-des-marques.jpg\" class=\"attachment-large size-large wp-image-7726\" alt=\"L&#039;OMPI se charge de la protection des marques dans le monde\" srcset=\"https:\/\/www.macapflag.com\/blog\/wp-content\/uploads\/2021\/08\/ompi-protection-des-marques.jpg 700w, https:\/\/www.macapflag.com\/blog\/wp-content\/uploads\/2021\/08\/ompi-protection-des-marques-300x229.jpg 300w\" sizes=\"(max-width: 700px) 100vw, 700px\" \/>\t\t\t\t\t\t\t\t\t\t\t\t\t\t\t<\/div>\n\t\t\t\t<\/div>\n\t\t\t\t\t<\/div>\n\t\t<\/div>\n\t\t\t\t<div class=\"elementor-column elementor-col-66 elementor-top-column elementor-element elementor-element-bbe920b\" data-id=\"bbe920b\" data-element_type=\"column\">\n\t\t\t<div class=\"elementor-widget-wrap elementor-element-populated\">\n\t\t\t\t\t\t<div class=\"elementor-element elementor-element-95abea2 elementor-widget elementor-widget-text-editor\" data-id=\"95abea2\" data-element_type=\"widget\" data-widget_type=\"text-editor.default\">\n\t\t\t\t<div class=\"elementor-widget-container\">\n\t\t\t\t\t\t\t\t\t<p style=\"text-align: justify;\">La classification de Nice a \u00e9t\u00e9 cr\u00e9\u00e9e en 1957. C\u2019est une classification internationale des produits et des services destin\u00e9s \u00e0 l\u2019enregistrement des marques commerciales. Elle est g\u00e9r\u00e9e et r\u00e9guli\u00e8rement r\u00e9actualis\u00e9e par l\u2019<a href=\"https:\/\/www.wipo.int\/portal\/fr\/\"><span style=\"color: #3366ff;\"><strong>OMPI<\/strong><\/span><\/a> (Organisation Mondiale de la Propri\u00e9t\u00e9 Intellectuelle).<\/p>\t\t\t\t\t\t\t\t<\/div>\n\t\t\t\t<\/div>\n\t\t\t\t\t<\/div>\n\t\t<\/div>\n\t\t\t\t\t<\/div>\n\t\t<\/section>\n\t\t\t\t<section class=\"elementor-section elementor-top-section elementor-element elementor-element-87561ca elementor-section-boxed elementor-section-height-default elementor-section-height-default\" data-id=\"87561ca\" data-element_type=\"section\">\n\t\t\t\t\t\t<div class=\"elementor-container elementor-column-gap-default\">\n\t\t\t\t\t<div class=\"elementor-column elementor-col-100 elementor-top-column elementor-element elementor-element-2e032d6\" data-id=\"2e032d6\" data-element_type=\"column\">\n\t\t\t<div class=\"elementor-widget-wrap elementor-element-populated\">\n\t\t\t\t\t\t<div class=\"elementor-element elementor-element-0c9cd74 elementor-widget elementor-widget-text-editor\" data-id=\"0c9cd74\" data-element_type=\"widget\" data-widget_type=\"text-editor.default\">\n\t\t\t\t<div class=\"elementor-widget-container\">\n\t\t\t\t\t\t\t\t\t<p style=\"text-align: justify;\">La classification compte actuellement 34 classes de produits num\u00e9rot\u00e9es de 1 \u00e0 34 et 11 classes de services num\u00e9rot\u00e9es de 35 \u00e0 45. Elle est disponible en version simplifi\u00e9e sur le site de l\u2019<a href=\"https:\/\/www.inpi.fr\/fr\/classifications-internationales\"><span style=\"color: #3366ff;\"><strong>INPI<\/strong><\/span><\/a> \u00e0 la page des classifications internationales.<\/p>\t\t\t\t\t\t\t\t<\/div>\n\t\t\t\t<\/div>\n\t\t\t\t\t<\/div>\n\t\t<\/div>\n\t\t\t\t\t<\/div>\n\t\t<\/section>\n\t\t\t\t<section class=\"elementor-section elementor-top-section elementor-element elementor-element-45c70a2 elementor-section-boxed elementor-section-height-default elementor-section-height-default\" data-id=\"45c70a2\" data-element_type=\"section\">\n\t\t\t\t\t\t<div class=\"elementor-container elementor-column-gap-default\">\n\t\t\t\t\t<div class=\"elementor-column elementor-col-100 elementor-top-column elementor-element elementor-element-52f5e1a\" data-id=\"52f5e1a\" data-element_type=\"column\">\n\t\t\t<div class=\"elementor-widget-wrap elementor-element-populated\">\n\t\t\t\t\t\t<div class=\"elementor-element elementor-element-c3edcba elementor-widget elementor-widget-spacer\" data-id=\"c3edcba\" data-element_type=\"widget\" data-widget_type=\"spacer.default\">\n\t\t\t\t<div class=\"elementor-widget-container\">\n\t\t\t\t\t\t\t<div class=\"elementor-spacer\">\n\t\t\t<div class=\"elementor-spacer-inner\"><\/div>\n\t\t<\/div>\n\t\t\t\t\t\t<\/div>\n\t\t\t\t<\/div>\n\t\t\t\t\t<\/div>\n\t\t<\/div>\n\t\t\t\t\t<\/div>\n\t\t<\/section>\n\t\t\t\t<section class=\"elementor-section elementor-top-section elementor-element elementor-element-3d12a95 elementor-section-boxed elementor-section-height-default elementor-section-height-default\" data-id=\"3d12a95\" data-element_type=\"section\">\n\t\t\t\t\t\t<div class=\"elementor-container elementor-column-gap-default\">\n\t\t\t\t\t<div class=\"elementor-column elementor-col-100 elementor-top-column elementor-element elementor-element-a1e888b\" data-id=\"a1e888b\" data-element_type=\"column\">\n\t\t\t<div class=\"elementor-widget-wrap elementor-element-populated\">\n\t\t\t\t\t\t<div class=\"elementor-element elementor-element-cfba0ca elementor-widget elementor-widget-text-editor\" data-id=\"cfba0ca\" data-element_type=\"widget\" data-widget_type=\"text-editor.default\">\n\t\t\t\t<div class=\"elementor-widget-container\">\n\t\t\t\t\t\t\t\t\t<h3>\u2022 Qu&#8217;est-ce que l&#8217;INPI ?<\/h3>\t\t\t\t\t\t\t\t<\/div>\n\t\t\t\t<\/div>\n\t\t\t\t\t<\/div>\n\t\t<\/div>\n\t\t\t\t\t<\/div>\n\t\t<\/section>\n\t\t\t\t<section class=\"elementor-section elementor-top-section elementor-element elementor-element-7377843 elementor-section-boxed elementor-section-height-default elementor-section-height-default\" data-id=\"7377843\" data-element_type=\"section\">\n\t\t\t\t\t\t<div class=\"elementor-container elementor-column-gap-default\">\n\t\t\t\t\t<div class=\"elementor-column elementor-col-100 elementor-top-column elementor-element elementor-element-45428bf\" data-id=\"45428bf\" data-element_type=\"column\">\n\t\t\t<div class=\"elementor-widget-wrap elementor-element-populated\">\n\t\t\t\t\t\t<div class=\"elementor-element elementor-element-af591f3 elementor-widget elementor-widget-text-editor\" data-id=\"af591f3\" data-element_type=\"widget\" data-widget_type=\"text-editor.default\">\n\t\t\t\t<div class=\"elementor-widget-container\">\n\t\t\t\t\t\t\t\t\t<p style=\"text-align: justify;\">L\u2019INPI est un \u00e9tablissement public, sous tutelle du minist\u00e8re fran\u00e7ais de l&#8217;\u00c9conomie, de l&#8217;Industrie et du Num\u00e9rique. Sa mission principale est de recevoir des d\u00e9p\u00f4ts et de d\u00e9livrer des titres de propri\u00e9t\u00e9 nationaux pour les marques, brevets, dessins et mod\u00e8les.<\/p>\t\t\t\t\t\t\t\t<\/div>\n\t\t\t\t<\/div>\n\t\t\t\t\t<\/div>\n\t\t<\/div>\n\t\t\t\t\t<\/div>\n\t\t<\/section>\n\t\t\t\t<section class=\"elementor-section elementor-top-section elementor-element elementor-element-641f2d1 elementor-section-boxed elementor-section-height-default elementor-section-height-default\" data-id=\"641f2d1\" data-element_type=\"section\" data-settings=\"{&quot;background_background&quot;:&quot;classic&quot;}\">\n\t\t\t\t\t\t<div class=\"elementor-container elementor-column-gap-default\">\n\t\t\t\t\t<div class=\"elementor-column elementor-col-100 elementor-top-column elementor-element elementor-element-ca96100\" data-id=\"ca96100\" data-element_type=\"column\">\n\t\t\t<div class=\"elementor-widget-wrap elementor-element-populated\">\n\t\t\t\t\t\t<div class=\"elementor-element elementor-element-1b01396 elementor-widget elementor-widget-text-editor\" data-id=\"1b01396\" data-element_type=\"widget\" data-widget_type=\"text-editor.default\">\n\t\t\t\t<div class=\"elementor-widget-container\">\n\t\t\t\t\t\t\t\t\t<p style=\"text-align: justify;\"><span style=\"font-size: 12pt;\"><em>Exemple : Un jeune viticulteur souhaite cr\u00e9er la marque \u201cCh\u00e2teau Iciquedubonvin\u201d sur le domaine viticole qu\u2019il vient d\u2019acqu\u00e9rir.<br \/>Avant toute exploitation commerciale de sa marque, il devra v\u00e9rifier si celle-ci n\u2019est pas d\u00e9j\u00e0 la propri\u00e9t\u00e9 d\u2019une autre personne et, si tel n\u2019est pas le cas, la d\u00e9poser aupr\u00e8s de l\u2019INPI.<br \/><\/em><\/span><span style=\"font-size: 12pt;\"><em>Il demandera alors le d\u00e9p\u00f4t d\u2019une marque figurative pour le logo et le nom de cette entit\u00e9. Il demandera \u00e9galement le d\u00e9p\u00f4t d\u2019une marque verbale pour le nom \u201cCh\u00e2teau Iciquedubonvin\u201d.<br \/><\/em><\/span><br \/><span style=\"font-size: 12pt;\"><em>S\u2019il souhaite cr\u00e9er une cuv\u00e9e de vin nominative comme par exemple \u201cCuv\u00e9e des cailloux\u201d, il devra \u00e9galement d\u00e9poser cette marque, sous forme verbale cette fois.<\/em><\/span><br \/><span style=\"font-size: 12pt;\"><em>Si pour se d\u00e9marquer de ses concurrents, il fait fabriquer un mod\u00e8le de bouteille sp\u00e9cifique \u00e0 un verrier, il devra d\u00e9poser ce mod\u00e8le sous la forme d\u2019une marque tridimensionnelle.<\/em><\/span><\/p><p style=\"text-align: justify;\"><span style=\"font-size: 12pt;\"><em>Comme c&#8217;est du vin que notre jeune viticulteur commercialise, il devra demander le d\u00e9p\u00f4t de ses marques dans la classe 33, celle des boissons alcoolis\u00e9es (\u00e0 l&#8217;exception des bi\u00e8res) ; vins ; vins d\u2019appellation d\u2019origine prot\u00e9g\u00e9e ; vins \u00e0 indication <\/em><\/span><span style=\"font-size: 12pt;\"><em>g\u00e9ographique prot\u00e9g\u00e9e.<\/em><\/span><\/p>\t\t\t\t\t\t\t\t<\/div>\n\t\t\t\t<\/div>\n\t\t\t\t\t<\/div>\n\t\t<\/div>\n\t\t\t\t\t<\/div>\n\t\t<\/section>\n\t\t\t\t<section class=\"elementor-section elementor-top-section elementor-element elementor-element-8f9603d elementor-section-boxed elementor-section-height-default elementor-section-height-default\" data-id=\"8f9603d\" data-element_type=\"section\">\n\t\t\t\t\t\t<div class=\"elementor-container elementor-column-gap-default\">\n\t\t\t\t\t<div class=\"elementor-column elementor-col-100 elementor-top-column elementor-element elementor-element-1810c0f\" data-id=\"1810c0f\" data-element_type=\"column\">\n\t\t\t<div class=\"elementor-widget-wrap elementor-element-populated\">\n\t\t\t\t\t\t<div class=\"elementor-element elementor-element-eb428cf elementor-widget elementor-widget-spacer\" data-id=\"eb428cf\" data-element_type=\"widget\" data-widget_type=\"spacer.default\">\n\t\t\t\t<div class=\"elementor-widget-container\">\n\t\t\t\t\t\t\t<div class=\"elementor-spacer\">\n\t\t\t<div class=\"elementor-spacer-inner\"><\/div>\n\t\t<\/div>\n\t\t\t\t\t\t<\/div>\n\t\t\t\t<\/div>\n\t\t\t\t\t<\/div>\n\t\t<\/div>\n\t\t\t\t\t<\/div>\n\t\t<\/section>\n\t\t\t\t<section class=\"elementor-section elementor-top-section elementor-element elementor-element-7639cf0 elementor-section-boxed elementor-section-height-default elementor-section-height-default\" data-id=\"7639cf0\" data-element_type=\"section\">\n\t\t\t\t\t\t<div class=\"elementor-container elementor-column-gap-default\">\n\t\t\t\t\t<div class=\"elementor-column elementor-col-100 elementor-top-column elementor-element elementor-element-ef6a5ee\" data-id=\"ef6a5ee\" data-element_type=\"column\">\n\t\t\t<div class=\"elementor-widget-wrap elementor-element-populated\">\n\t\t\t\t\t\t<div class=\"elementor-element elementor-element-c7cba0b elementor-widget elementor-widget-text-editor\" data-id=\"c7cba0b\" data-element_type=\"widget\" data-widget_type=\"text-editor.default\">\n\t\t\t\t<div class=\"elementor-widget-container\">\n\t\t\t\t\t\t\t\t\t<h2>Pourquoi faut-il imp\u00e9rativement d\u00e9poser sa marque ?<\/h2>\t\t\t\t\t\t\t\t<\/div>\n\t\t\t\t<\/div>\n\t\t\t\t\t<\/div>\n\t\t<\/div>\n\t\t\t\t\t<\/div>\n\t\t<\/section>\n\t\t\t\t<section class=\"elementor-section elementor-top-section elementor-element elementor-element-068f3e5 elementor-section-boxed elementor-section-height-default elementor-section-height-default\" data-id=\"068f3e5\" data-element_type=\"section\">\n\t\t\t\t\t\t<div class=\"elementor-container elementor-column-gap-default\">\n\t\t\t\t\t<div class=\"elementor-column elementor-col-100 elementor-top-column elementor-element elementor-element-8132a08\" data-id=\"8132a08\" data-element_type=\"column\">\n\t\t\t<div class=\"elementor-widget-wrap elementor-element-populated\">\n\t\t\t\t\t\t<div class=\"elementor-element elementor-element-0fd58b1 elementor-widget elementor-widget-text-editor\" data-id=\"0fd58b1\" data-element_type=\"widget\" data-widget_type=\"text-editor.default\">\n\t\t\t\t<div class=\"elementor-widget-container\">\n\t\t\t\t\t\t\t\t\t<p style=\"text-align: justify;\">Le d\u00e9positaire d\u2019une marque en devient le propri\u00e9taire. Cette propri\u00e9t\u00e9 lui assure une protection juridique et un monopole d\u2019exploitation qui lui permet de se d\u00e9fendre de toute contrefa\u00e7on.<\/p>\t\t\t\t\t\t\t\t<\/div>\n\t\t\t\t<\/div>\n\t\t\t\t\t<\/div>\n\t\t<\/div>\n\t\t\t\t\t<\/div>\n\t\t<\/section>\n\t\t\t\t<section class=\"elementor-section elementor-top-section elementor-element elementor-element-65e21ea elementor-section-boxed elementor-section-height-default elementor-section-height-default\" data-id=\"65e21ea\" data-element_type=\"section\" data-settings=\"{&quot;background_background&quot;:&quot;classic&quot;}\">\n\t\t\t\t\t\t<div class=\"elementor-container elementor-column-gap-default\">\n\t\t\t\t\t<div class=\"elementor-column elementor-col-100 elementor-top-column elementor-element elementor-element-e9b9bb6\" data-id=\"e9b9bb6\" data-element_type=\"column\">\n\t\t\t<div class=\"elementor-widget-wrap elementor-element-populated\">\n\t\t\t\t\t\t<div class=\"elementor-element elementor-element-059f271 elementor-widget elementor-widget-text-editor\" data-id=\"059f271\" data-element_type=\"widget\" data-widget_type=\"text-editor.default\">\n\t\t\t\t<div class=\"elementor-widget-container\">\n\t\t\t\t\t\t\t\t\t<p style=\"text-align: justify;\"><span style=\"font-size: 12pt;\"><em>Reprenons l\u2019exemple de notre viticulteur. <br \/>Puisqu\u2019il a correctement d\u00e9pos\u00e9 ses diff\u00e9rentes marques aupr\u00e8s de l\u2019INPI qui les a valid\u00e9es, il est assur\u00e9 d\u2019\u00eatre le seul \u00e0 pouvoir exploiter en France la marque \u201cCh\u00e2teau Iciquedubonvin\u201d pour la production de vin. Il est \u00e9galement le seul \u00e0 pouvoir commercialiser sa bouteille \u00e9tiquet\u00e9e &#8220;cuv\u00e9e des cailloux&#8221;.\u00a0<\/em><\/span><i style=\"font-size: 16px;\">S&#8217;il a d\u00e9pos\u00e9 une forme originale de bouteille, il reste \u00e9galement le seul \u00e0 pouvoir l&#8217;utiliser comme contenant de ses vins.<\/i><\/p>\t\t\t\t\t\t\t\t<\/div>\n\t\t\t\t<\/div>\n\t\t\t\t\t<\/div>\n\t\t<\/div>\n\t\t\t\t\t<\/div>\n\t\t<\/section>\n\t\t\t\t<section class=\"elementor-section elementor-top-section elementor-element elementor-element-a2a6f21 elementor-section-boxed elementor-section-height-default elementor-section-height-default\" data-id=\"a2a6f21\" data-element_type=\"section\">\n\t\t\t\t\t\t<div class=\"elementor-container elementor-column-gap-default\">\n\t\t\t\t\t<div class=\"elementor-column elementor-col-100 elementor-top-column elementor-element elementor-element-1b9395b\" data-id=\"1b9395b\" data-element_type=\"column\">\n\t\t\t<div class=\"elementor-widget-wrap elementor-element-populated\">\n\t\t\t\t\t\t<div class=\"elementor-element elementor-element-5bc791c elementor-widget elementor-widget-spacer\" data-id=\"5bc791c\" data-element_type=\"widget\" data-widget_type=\"spacer.default\">\n\t\t\t\t<div class=\"elementor-widget-container\">\n\t\t\t\t\t\t\t<div class=\"elementor-spacer\">\n\t\t\t<div class=\"elementor-spacer-inner\"><\/div>\n\t\t<\/div>\n\t\t\t\t\t\t<\/div>\n\t\t\t\t<\/div>\n\t\t\t\t\t<\/div>\n\t\t<\/div>\n\t\t\t\t\t<\/div>\n\t\t<\/section>\n\t\t\t\t<section class=\"elementor-section elementor-top-section elementor-element elementor-element-ac5633d elementor-section-boxed elementor-section-height-default elementor-section-height-default\" data-id=\"ac5633d\" data-element_type=\"section\">\n\t\t\t\t\t\t<div class=\"elementor-container elementor-column-gap-default\">\n\t\t\t\t\t<div class=\"elementor-column elementor-col-100 elementor-top-column elementor-element elementor-element-47671d6\" data-id=\"47671d6\" data-element_type=\"column\">\n\t\t\t<div class=\"elementor-widget-wrap elementor-element-populated\">\n\t\t\t\t\t\t<div class=\"elementor-element elementor-element-33daa7b elementor-widget elementor-widget-text-editor\" data-id=\"33daa7b\" data-element_type=\"widget\" data-widget_type=\"text-editor.default\">\n\t\t\t\t<div class=\"elementor-widget-container\">\n\t\t\t\t\t\t\t\t\t<h2>Comment d\u00e9poser sa marque aupr\u00e8s de l&#8217;INPI?<\/h2>\t\t\t\t\t\t\t\t<\/div>\n\t\t\t\t<\/div>\n\t\t\t\t\t<\/div>\n\t\t<\/div>\n\t\t\t\t\t<\/div>\n\t\t<\/section>\n\t\t\t\t<section class=\"elementor-section elementor-top-section elementor-element elementor-element-006a4ce elementor-section-boxed elementor-section-height-default elementor-section-height-default\" data-id=\"006a4ce\" data-element_type=\"section\">\n\t\t\t\t\t\t<div class=\"elementor-container elementor-column-gap-default\">\n\t\t\t\t\t<div class=\"elementor-column elementor-col-100 elementor-top-column elementor-element elementor-element-cb252bf\" data-id=\"cb252bf\" data-element_type=\"column\">\n\t\t\t<div class=\"elementor-widget-wrap elementor-element-populated\">\n\t\t\t\t\t\t<div class=\"elementor-element elementor-element-0676d19 elementor-widget elementor-widget-text-editor\" data-id=\"0676d19\" data-element_type=\"widget\" data-widget_type=\"text-editor.default\">\n\t\t\t\t<div class=\"elementor-widget-container\">\n\t\t\t\t\t\t\t\t\t<p>1 &#8211; Pour d\u00e9poser une marque, quelle que soit sa forme (verbale, figurative, tridimensionnelle etc\u2026), <strong>d\u00e9terminez au pr\u00e9alable dans quelles classes de produits et\/ou services vous souhaitez les prot\u00e9ger<\/strong> en consultant la fameuse classification de Nice.<\/p><p>2 &#8211; <strong>V\u00e9rifiez la disponibilit\u00e9 de la marque<\/strong> sur le site de l\u2019INPI \u00e0 la page \u201crecherche de disponibilit\u00e9\u201d.<\/p><p>3 &#8211; <strong>D\u00e9posez la marque<\/strong> gr\u00e2ce au formulaire de d\u00e9p\u00f4t en ligne et conservez pr\u00e9cieusement le r\u00e9c\u00e9piss\u00e9 de d\u00e9p\u00f4t re\u00e7u par email.<\/p><p><em>L\u2019ensemble de ces informations et d\u00e9marche est accessible sur le site de l\u2019INPI \u00e0 la page \u201c<a href=\"https:\/\/www.inpi.fr\/fr\/comprendre-la-propriete-intellectuelle\/la-marque\"><strong><span style=\"color: #3366ff;\">Comprendre la marque<\/span><\/strong><\/a>\u201d.\u00a0<\/em><\/p><p>4 &#8211; <strong>Attendez la publication du d\u00e9p\u00f4t de marque<\/strong> de l\u2019INPI dans le bulletin officiel de la propri\u00e9t\u00e9 industrielle (BOPI) sous un d\u00e9lai d\u2019environ 6 semaines.<\/p><p>5 &#8211; <strong>Recevez ensuite les \u00e9ventuelles objections, remarques ou oppositions<\/strong> qui viennent entraver la validation du d\u00e9p\u00f4t de votre marque. Ces \u00e9l\u00e9ments rel\u00e8vent de l\u2019examen par l\u2019INPI mais peuvent \u00e9galement provenir de toute personne ext\u00e9rieure ayant des remarques \u00e0 apporter \u00e0 votre d\u00e9p\u00f4t.<\/p><p>6 &#8211; Si les \u00e9ventuelles objections et les oppositions sont lev\u00e9es, l\u2019<strong>INPI publie alors l\u2019enregistrement de la marque au BOPI<\/strong> (bulletin officiel de la propri\u00e9t\u00e9 intellectuelle) et vous adresse ainsi votre certificat d\u2019enregistrement.<\/p>\t\t\t\t\t\t\t\t<\/div>\n\t\t\t\t<\/div>\n\t\t\t\t\t<\/div>\n\t\t<\/div>\n\t\t\t\t\t<\/div>\n\t\t<\/section>\n\t\t\t\t<section class=\"elementor-section elementor-top-section elementor-element elementor-element-774c26e elementor-section-boxed elementor-section-height-default elementor-section-height-default\" data-id=\"774c26e\" data-element_type=\"section\">\n\t\t\t\t\t\t<div class=\"elementor-container elementor-column-gap-default\">\n\t\t\t\t\t<div class=\"elementor-column elementor-col-100 elementor-top-column elementor-element elementor-element-aed43df\" data-id=\"aed43df\" data-element_type=\"column\">\n\t\t\t<div class=\"elementor-widget-wrap elementor-element-populated\">\n\t\t\t\t\t\t<div class=\"elementor-element elementor-element-e07b8a7 elementor-widget elementor-widget-spacer\" data-id=\"e07b8a7\" data-element_type=\"widget\" data-widget_type=\"spacer.default\">\n\t\t\t\t<div class=\"elementor-widget-container\">\n\t\t\t\t\t\t\t<div class=\"elementor-spacer\">\n\t\t\t<div class=\"elementor-spacer-inner\"><\/div>\n\t\t<\/div>\n\t\t\t\t\t\t<\/div>\n\t\t\t\t<\/div>\n\t\t\t\t\t<\/div>\n\t\t<\/div>\n\t\t\t\t\t<\/div>\n\t\t<\/section>\n\t\t\t\t<section class=\"elementor-section elementor-top-section elementor-element elementor-element-13e79ab elementor-section-boxed elementor-section-height-default elementor-section-height-default\" data-id=\"13e79ab\" data-element_type=\"section\">\n\t\t\t\t\t\t<div class=\"elementor-container elementor-column-gap-default\">\n\t\t\t\t\t<div class=\"elementor-column elementor-col-100 elementor-top-column elementor-element elementor-element-4230ad6\" data-id=\"4230ad6\" data-element_type=\"column\">\n\t\t\t<div class=\"elementor-widget-wrap elementor-element-populated\">\n\t\t\t\t\t\t<div class=\"elementor-element elementor-element-55df8c0 elementor-widget elementor-widget-text-editor\" data-id=\"55df8c0\" data-element_type=\"widget\" data-widget_type=\"text-editor.default\">\n\t\t\t\t<div class=\"elementor-widget-container\">\n\t\t\t\t\t\t\t\t\t<h2>Comment d\u00e9poser sa marque \u00e0 l&#8217;\u00e9tranger?<\/h2>\t\t\t\t\t\t\t\t<\/div>\n\t\t\t\t<\/div>\n\t\t\t\t\t<\/div>\n\t\t<\/div>\n\t\t\t\t\t<\/div>\n\t\t<\/section>\n\t\t\t\t<section class=\"elementor-section elementor-top-section elementor-element elementor-element-561c915 elementor-section-boxed elementor-section-height-default elementor-section-height-default\" data-id=\"561c915\" data-element_type=\"section\">\n\t\t\t\t\t\t<div class=\"elementor-container elementor-column-gap-default\">\n\t\t\t\t\t<div class=\"elementor-column elementor-col-66 elementor-top-column elementor-element elementor-element-def3a83\" data-id=\"def3a83\" data-element_type=\"column\">\n\t\t\t<div class=\"elementor-widget-wrap elementor-element-populated\">\n\t\t\t\t\t\t<div class=\"elementor-element elementor-element-bd88f9f elementor-widget elementor-widget-text-editor\" data-id=\"bd88f9f\" data-element_type=\"widget\" data-widget_type=\"text-editor.default\">\n\t\t\t\t<div class=\"elementor-widget-container\">\n\t\t\t\t\t\t\t\t\t<p style=\"text-align: justify;\">. Nous l\u2019avons vu pr\u00e9c\u00e9demment, d\u00e9poser sa marque aupr\u00e8s de l\u2019INPI permet de la prot\u00e9ger sur le territoire fran\u00e7ais, cela ne suffit pas pour en assurer la protection dans d\u2019autres pays.\n. Une marque peut \u00eatre prot\u00e9g\u00e9e sur l\u2019ensemble du territoire de l\u2019union europ\u00e9enne en effectuant cette demande aupr\u00e8s de l\u2019<a href=\"https:\/\/euipo.europa.eu\/ohimportal\/fr\"><span style=\"color: #3366ff;\"><strong>EUIPO.<\/strong><\/span><\/a><\/p>\t\t\t\t\t\t\t\t<\/div>\n\t\t\t\t<\/div>\n\t\t\t\t\t<\/div>\n\t\t<\/div>\n\t\t\t\t<div class=\"elementor-column elementor-col-33 elementor-top-column elementor-element elementor-element-985c222\" data-id=\"985c222\" data-element_type=\"column\">\n\t\t\t<div class=\"elementor-widget-wrap elementor-element-populated\">\n\t\t\t\t\t\t<div class=\"elementor-element elementor-element-bb305d3 elementor-widget elementor-widget-image\" data-id=\"bb305d3\" data-element_type=\"widget\" data-widget_type=\"image.default\">\n\t\t\t\t<div class=\"elementor-widget-container\">\n\t\t\t\t\t\t\t\t\t\t\t\t\t\t\t<img loading=\"lazy\" decoding=\"async\" width=\"700\" height=\"534\" src=\"https:\/\/www.macapflag.com\/blog\/wp-content\/uploads\/2021\/08\/euipo-protection-marques.jpg\" class=\"attachment-large size-large wp-image-7715\" alt=\"EUIPO pour la protection des marques dans l&#039;union europ\u00e9enne\" srcset=\"https:\/\/www.macapflag.com\/blog\/wp-content\/uploads\/2021\/08\/euipo-protection-marques.jpg 700w, https:\/\/www.macapflag.com\/blog\/wp-content\/uploads\/2021\/08\/euipo-protection-marques-300x229.jpg 300w\" sizes=\"(max-width: 700px) 100vw, 700px\" \/>\t\t\t\t\t\t\t\t\t\t\t\t\t\t\t<\/div>\n\t\t\t\t<\/div>\n\t\t\t\t\t<\/div>\n\t\t<\/div>\n\t\t\t\t\t<\/div>\n\t\t<\/section>\n\t\t\t\t<section class=\"elementor-section elementor-top-section elementor-element elementor-element-26cc4ae elementor-section-boxed elementor-section-height-default elementor-section-height-default\" data-id=\"26cc4ae\" data-element_type=\"section\">\n\t\t\t\t\t\t<div class=\"elementor-container elementor-column-gap-default\">\n\t\t\t\t\t<div class=\"elementor-column elementor-col-33 elementor-top-column elementor-element elementor-element-7ca50d1\" data-id=\"7ca50d1\" data-element_type=\"column\">\n\t\t\t<div class=\"elementor-widget-wrap elementor-element-populated\">\n\t\t\t\t\t\t<div class=\"elementor-element elementor-element-fb34fb4 elementor-widget elementor-widget-image\" data-id=\"fb34fb4\" data-element_type=\"widget\" data-widget_type=\"image.default\">\n\t\t\t\t<div class=\"elementor-widget-container\">\n\t\t\t\t\t\t\t\t\t\t\t\t\t\t\t<img loading=\"lazy\" decoding=\"async\" width=\"700\" height=\"534\" src=\"https:\/\/www.macapflag.com\/blog\/wp-content\/uploads\/2021\/08\/oapi-protection-marques.jpg\" class=\"attachment-large size-large wp-image-7725\" alt=\"L&#039;OAPI est l&#039;organisation africaine de la propri\u00e9t\u00e9 intellectuelle\" srcset=\"https:\/\/www.macapflag.com\/blog\/wp-content\/uploads\/2021\/08\/oapi-protection-marques.jpg 700w, https:\/\/www.macapflag.com\/blog\/wp-content\/uploads\/2021\/08\/oapi-protection-marques-300x229.jpg 300w\" sizes=\"(max-width: 700px) 100vw, 700px\" \/>\t\t\t\t\t\t\t\t\t\t\t\t\t\t\t<\/div>\n\t\t\t\t<\/div>\n\t\t\t\t\t<\/div>\n\t\t<\/div>\n\t\t\t\t<div class=\"elementor-column elementor-col-66 elementor-top-column elementor-element elementor-element-2a7100e\" data-id=\"2a7100e\" data-element_type=\"column\">\n\t\t\t<div class=\"elementor-widget-wrap elementor-element-populated\">\n\t\t\t\t\t\t<div class=\"elementor-element elementor-element-7093504 elementor-widget elementor-widget-text-editor\" data-id=\"7093504\" data-element_type=\"widget\" data-widget_type=\"text-editor.default\">\n\t\t\t\t<div class=\"elementor-widget-container\">\n\t\t\t\t\t\t\t\t\t<p style=\"text-align: justify;\"><span style=\"font-weight: 400;\">. Elle peut \u00e9galement faire l\u2019objet d\u2019une demande de d\u00e9p\u00f4t au niveau international dans un ou plusieurs pays membres de l\u2019OMPI (Organisation Mondiale de la Propri\u00e9t\u00e9 Intellectuelle) ou aupr\u00e8s de l\u2019<span style=\"color: #000000;\"><strong>OAPI<\/strong><\/span> (Organisation africaine de la propri\u00e9t\u00e9 intellectuelle) qui regroupe plusieurs pays africains francophones.<\/span><\/p>\t\t\t\t\t\t\t\t<\/div>\n\t\t\t\t<\/div>\n\t\t\t\t\t<\/div>\n\t\t<\/div>\n\t\t\t\t\t<\/div>\n\t\t<\/section>\n\t\t\t\t<section class=\"elementor-section elementor-top-section elementor-element elementor-element-a314c53 elementor-section-boxed elementor-section-height-default elementor-section-height-default\" data-id=\"a314c53\" data-element_type=\"section\">\n\t\t\t\t\t\t<div class=\"elementor-container elementor-column-gap-default\">\n\t\t\t\t\t<div class=\"elementor-column elementor-col-100 elementor-top-column elementor-element elementor-element-f1a1f21\" data-id=\"f1a1f21\" data-element_type=\"column\">\n\t\t\t<div class=\"elementor-widget-wrap elementor-element-populated\">\n\t\t\t\t\t\t<div class=\"elementor-element elementor-element-a7686be elementor-widget elementor-widget-spacer\" data-id=\"a7686be\" data-element_type=\"widget\" data-widget_type=\"spacer.default\">\n\t\t\t\t<div class=\"elementor-widget-container\">\n\t\t\t\t\t\t\t<div class=\"elementor-spacer\">\n\t\t\t<div class=\"elementor-spacer-inner\"><\/div>\n\t\t<\/div>\n\t\t\t\t\t\t<\/div>\n\t\t\t\t<\/div>\n\t\t\t\t\t<\/div>\n\t\t<\/div>\n\t\t\t\t\t<\/div>\n\t\t<\/section>\n\t\t\t\t<section class=\"elementor-section elementor-top-section elementor-element elementor-element-59e41e1 elementor-section-boxed elementor-section-height-default elementor-section-height-default\" data-id=\"59e41e1\" data-element_type=\"section\">\n\t\t\t\t\t\t<div class=\"elementor-container elementor-column-gap-default\">\n\t\t\t\t\t<div class=\"elementor-column elementor-col-100 elementor-top-column elementor-element elementor-element-78dff90\" data-id=\"78dff90\" data-element_type=\"column\">\n\t\t\t<div class=\"elementor-widget-wrap elementor-element-populated\">\n\t\t\t\t\t\t<div class=\"elementor-element elementor-element-dcd033f elementor-widget elementor-widget-text-editor\" data-id=\"dcd033f\" data-element_type=\"widget\" data-widget_type=\"text-editor.default\">\n\t\t\t\t<div class=\"elementor-widget-container\">\n\t\t\t\t\t\t\t\t\t<h2>Qui peut vous accompagner pour assurer la protection de vos marques ?<\/h2>\t\t\t\t\t\t\t\t<\/div>\n\t\t\t\t<\/div>\n\t\t\t\t\t<\/div>\n\t\t<\/div>\n\t\t\t\t\t<\/div>\n\t\t<\/section>\n\t\t\t\t<section class=\"elementor-section elementor-top-section elementor-element elementor-element-e898589 elementor-section-boxed elementor-section-height-default elementor-section-height-default\" data-id=\"e898589\" data-element_type=\"section\">\n\t\t\t\t\t\t<div class=\"elementor-container elementor-column-gap-default\">\n\t\t\t\t\t<div class=\"elementor-column elementor-col-100 elementor-top-column elementor-element elementor-element-855da16\" data-id=\"855da16\" data-element_type=\"column\">\n\t\t\t<div class=\"elementor-widget-wrap elementor-element-populated\">\n\t\t\t\t\t\t<div class=\"elementor-element elementor-element-d112e57 elementor-widget elementor-widget-text-editor\" data-id=\"d112e57\" data-element_type=\"widget\" data-widget_type=\"text-editor.default\">\n\t\t\t\t<div class=\"elementor-widget-container\">\n\t\t\t\t\t\t\t\t\t<p>De nombreuses entreprises font appel \u00e0 des cabinets de conseil en propri\u00e9t\u00e9 industrielle. Ces personnes, sp\u00e9cialistes de la question, se chargent de la protection des marques en France comme \u00e0 l\u2019\u00e9tranger : d\u00e9p\u00f4ts et renouvellements des marques, veille \u00e0 la contrefa\u00e7on, constats d\u2019utilisation abusive, suivi des dossiers, ils mettent tout en \u0153uvre pour assurer la bonne gestion du portefeuille des marques de leurs clients.<br \/>Si \u00e9videmment ces services ont un co\u00fbt, beaucoup d\u2019entreprises sont pr\u00eates \u00e0 en assumer le prix, celui de la tranquillit\u00e9 qui leur permet de d\u00e9velopper sereinement la pr\u00e9sence de leurs marques en limitant les risques de contrefa\u00e7ons.<\/p>\t\t\t\t\t\t\t\t<\/div>\n\t\t\t\t<\/div>\n\t\t\t\t\t<\/div>\n\t\t<\/div>\n\t\t\t\t\t<\/div>\n\t\t<\/section>\n\t\t\t\t<\/div>\n\t\t","protected":false},"excerpt":{"rendered":"<div class=\"tmnf_excerpt\"><p>Bienvenue dans l\u2019univers, complexe mais passionnant, de la protection des marques. Vous souhaitez cr\u00e9er une marque et en prot\u00e9ger l\u2019exploitation ? D\u00e9cryptage, marche \u00e0 suivre et astuces, on vous dit tout, ou presque, pour comprendre et faciliter ces d\u00e9marches ! Qu\u2019est-ce qu\u2019une marque et un d\u00e9p\u00f4t de marque ? \u2022 Comment d\u00e9finit-on une marque ? &hellip;<\/p>\n<\/div>","protected":false},"author":2,"featured_media":8546,"comment_status":"closed","ping_status":"open","sticky":false,"template":"template-fullwidth.php","format":"standard","meta":{"footnotes":""},"categories":[93],"tags":[],"class_list":["post-7706","post","type-post","status-publish","format-standard","has-post-thumbnail","hentry","category-com"],"yoast_head":"<!-- This site is optimized with the Yoast SEO plugin v26.4 - https:\/\/yoast.com\/wordpress\/plugins\/seo\/ -->\n<title>Comment prot\u00e9ger sa marque ? - Blog - Macap<\/title>\n<meta name=\"description\" content=\"Comment prot\u00e9ger sa marque ? Comment la d\u00e9poser et s&#039;assurer que personne d&#039;autre ne l&#039;utilise? On d\u00e9crypte pour vous cet univers complexe\" \/>\n<meta name=\"robots\" content=\"index, follow, max-snippet:-1, max-image-preview:large, max-video-preview:-1\" \/>\n<link rel=\"canonical\" href=\"https:\/\/www.macapflag.com\/blog\/marque\/\" \/>\n<meta property=\"og:locale\" content=\"fr_FR\" \/>\n<meta property=\"og:type\" content=\"article\" \/>\n<meta property=\"og:title\" content=\"Comment prot\u00e9ger sa marque ? - Blog - Macap\" \/>\n<meta property=\"og:description\" content=\"Comment prot\u00e9ger sa marque ? Comment la d\u00e9poser et s&#039;assurer que personne d&#039;autre ne l&#039;utilise? On d\u00e9crypte pour vous cet univers complexe\" \/>\n<meta property=\"og:url\" content=\"https:\/\/www.macapflag.com\/blog\/marque\/\" \/>\n<meta property=\"og:site_name\" content=\"Blog - Macap\" \/>\n<meta property=\"article:publisher\" content=\"https:\/\/www.facebook.com\/macap.pavoisement\/\" \/>\n<meta property=\"article:published_time\" content=\"2021-08-02T08:21:14+00:00\" \/>\n<meta property=\"article:modified_time\" content=\"2021-10-28T12:47:41+00:00\" \/>\n<meta property=\"og:image\" content=\"https:\/\/www.macapflag.com\/blog\/wp-content\/uploads\/2021\/08\/Comment-proteger-sa-marque.jpg\" \/>\n\t<meta property=\"og:image:width\" content=\"870\" \/>\n\t<meta property=\"og:image:height\" content=\"600\" \/>\n\t<meta property=\"og:image:type\" content=\"image\/jpeg\" \/>\n<meta name=\"author\" content=\"Blog Macap\" \/>\n<meta name=\"twitter:card\" content=\"summary_large_image\" \/>\n<meta name=\"twitter:label1\" content=\"\u00c9crit par\" \/>\n\t<meta name=\"twitter:data1\" content=\"Blog Macap\" \/>\n\t<meta name=\"twitter:label2\" content=\"Dur\u00e9e de lecture estim\u00e9e\" \/>\n\t<meta name=\"twitter:data2\" content=\"9 minutes\" \/>\n<script type=\"application\/ld+json\" class=\"yoast-schema-graph\">{\"@context\":\"https:\/\/schema.org\",\"@graph\":[{\"@type\":\"Article\",\"@id\":\"https:\/\/www.macapflag.com\/blog\/marque\/#article\",\"isPartOf\":{\"@id\":\"https:\/\/www.macapflag.com\/blog\/marque\/\"},\"author\":{\"name\":\"Blog Macap\",\"@id\":\"https:\/\/www.macapflag.com\/blog\/#\/schema\/person\/3fea701f2603875e651e6b662578fc3c\"},\"headline\":\"Comment prot\u00e9ger sa marque ?\",\"datePublished\":\"2021-08-02T08:21:14+00:00\",\"dateModified\":\"2021-10-28T12:47:41+00:00\",\"mainEntityOfPage\":{\"@id\":\"https:\/\/www.macapflag.com\/blog\/marque\/\"},\"wordCount\":1463,\"publisher\":{\"@id\":\"https:\/\/www.macapflag.com\/blog\/#organization\"},\"image\":{\"@id\":\"https:\/\/www.macapflag.com\/blog\/marque\/#primaryimage\"},\"thumbnailUrl\":\"https:\/\/www.macapflag.com\/blog\/wp-content\/uploads\/2021\/08\/Comment-proteger-sa-marque.jpg\",\"articleSection\":[\"Le monde de la Com'\"],\"inLanguage\":\"fr-FR\"},{\"@type\":\"WebPage\",\"@id\":\"https:\/\/www.macapflag.com\/blog\/marque\/\",\"url\":\"https:\/\/www.macapflag.com\/blog\/marque\/\",\"name\":\"Comment prot\u00e9ger sa marque ? - Blog - Macap\",\"isPartOf\":{\"@id\":\"https:\/\/www.macapflag.com\/blog\/#website\"},\"primaryImageOfPage\":{\"@id\":\"https:\/\/www.macapflag.com\/blog\/marque\/#primaryimage\"},\"image\":{\"@id\":\"https:\/\/www.macapflag.com\/blog\/marque\/#primaryimage\"},\"thumbnailUrl\":\"https:\/\/www.macapflag.com\/blog\/wp-content\/uploads\/2021\/08\/Comment-proteger-sa-marque.jpg\",\"datePublished\":\"2021-08-02T08:21:14+00:00\",\"dateModified\":\"2021-10-28T12:47:41+00:00\",\"description\":\"Comment prot\u00e9ger sa marque ? Comment la d\u00e9poser et s'assurer que personne d'autre ne l'utilise? On d\u00e9crypte pour vous cet univers complexe\",\"breadcrumb\":{\"@id\":\"https:\/\/www.macapflag.com\/blog\/marque\/#breadcrumb\"},\"inLanguage\":\"fr-FR\",\"potentialAction\":[{\"@type\":\"ReadAction\",\"target\":[\"https:\/\/www.macapflag.com\/blog\/marque\/\"]}]},{\"@type\":\"ImageObject\",\"inLanguage\":\"fr-FR\",\"@id\":\"https:\/\/www.macapflag.com\/blog\/marque\/#primaryimage\",\"url\":\"https:\/\/www.macapflag.com\/blog\/wp-content\/uploads\/2021\/08\/Comment-proteger-sa-marque.jpg\",\"contentUrl\":\"https:\/\/www.macapflag.com\/blog\/wp-content\/uploads\/2021\/08\/Comment-proteger-sa-marque.jpg\",\"width\":870,\"height\":600,\"caption\":\"Comment prot\u00e9ger sa marque?\"},{\"@type\":\"BreadcrumbList\",\"@id\":\"https:\/\/www.macapflag.com\/blog\/marque\/#breadcrumb\",\"itemListElement\":[{\"@type\":\"ListItem\",\"position\":1,\"name\":\"Accueil\",\"item\":\"https:\/\/www.macapflag.com\/blog\/\"},{\"@type\":\"ListItem\",\"position\":2,\"name\":\"Comment prot\u00e9ger sa marque ?\"}]},{\"@type\":\"WebSite\",\"@id\":\"https:\/\/www.macapflag.com\/blog\/#website\",\"url\":\"https:\/\/www.macapflag.com\/blog\/\",\"name\":\"Blog - Macap\",\"description\":\"Tous nos articles\",\"publisher\":{\"@id\":\"https:\/\/www.macapflag.com\/blog\/#organization\"},\"potentialAction\":[{\"@type\":\"SearchAction\",\"target\":{\"@type\":\"EntryPoint\",\"urlTemplate\":\"https:\/\/www.macapflag.com\/blog\/?s={search_term_string}\"},\"query-input\":{\"@type\":\"PropertyValueSpecification\",\"valueRequired\":true,\"valueName\":\"search_term_string\"}}],\"inLanguage\":\"fr-FR\"},{\"@type\":\"Organization\",\"@id\":\"https:\/\/www.macapflag.com\/blog\/#organization\",\"name\":\"macapflag\",\"url\":\"https:\/\/www.macapflag.com\/blog\/\",\"logo\":{\"@type\":\"ImageObject\",\"inLanguage\":\"fr-FR\",\"@id\":\"https:\/\/www.macapflag.com\/blog\/#\/schema\/logo\/image\/\",\"url\":\"https:\/\/www.macapflag.com\/blog\/wp-content\/uploads\/2020\/12\/cropped-M-512-1.png\",\"contentUrl\":\"https:\/\/www.macapflag.com\/blog\/wp-content\/uploads\/2020\/12\/cropped-M-512-1.png\",\"width\":512,\"height\":512,\"caption\":\"macapflag\"},\"image\":{\"@id\":\"https:\/\/www.macapflag.com\/blog\/#\/schema\/logo\/image\/\"},\"sameAs\":[\"https:\/\/www.facebook.com\/macap.pavoisement\/\",\"https:\/\/www.instagram.com\/macapflag\/?hl=fr\",\"https:\/\/www.linkedin.com\/company\/macap\/?originalSubdomain=fr\",\"https:\/\/www.youtube.com\/channel\/UCXNzTIdZh9poEBjSXEqDtNw\"]},{\"@type\":\"Person\",\"@id\":\"https:\/\/www.macapflag.com\/blog\/#\/schema\/person\/3fea701f2603875e651e6b662578fc3c\",\"name\":\"Blog Macap\",\"image\":{\"@type\":\"ImageObject\",\"inLanguage\":\"fr-FR\",\"@id\":\"https:\/\/www.macapflag.com\/blog\/#\/schema\/person\/image\/\",\"url\":\"https:\/\/secure.gravatar.com\/avatar\/c12551f2dc51f0db049633b03e7856985477a70da834cc8967dea4ce54bdd6a2?s=96&d=mm&r=g\",\"contentUrl\":\"https:\/\/secure.gravatar.com\/avatar\/c12551f2dc51f0db049633b03e7856985477a70da834cc8967dea4ce54bdd6a2?s=96&d=mm&r=g\",\"caption\":\"Blog Macap\"},\"url\":\"https:\/\/www.macapflag.com\/blog\/author\/macap\/\"}]}<\/script>\n<!-- \/ Yoast SEO plugin. -->","yoast_head_json":{"title":"Comment prot\u00e9ger sa marque ? - Blog - Macap","description":"Comment prot\u00e9ger sa marque ? Comment la d\u00e9poser et s'assurer que personne d'autre ne l'utilise? On d\u00e9crypte pour vous cet univers complexe","robots":{"index":"index","follow":"follow","max-snippet":"max-snippet:-1","max-image-preview":"max-image-preview:large","max-video-preview":"max-video-preview:-1"},"canonical":"https:\/\/www.macapflag.com\/blog\/marque\/","og_locale":"fr_FR","og_type":"article","og_title":"Comment prot\u00e9ger sa marque ? - Blog - Macap","og_description":"Comment prot\u00e9ger sa marque ? Comment la d\u00e9poser et s'assurer que personne d'autre ne l'utilise? On d\u00e9crypte pour vous cet univers complexe","og_url":"https:\/\/www.macapflag.com\/blog\/marque\/","og_site_name":"Blog - Macap","article_publisher":"https:\/\/www.facebook.com\/macap.pavoisement\/","article_published_time":"2021-08-02T08:21:14+00:00","article_modified_time":"2021-10-28T12:47:41+00:00","og_image":[{"width":870,"height":600,"url":"https:\/\/www.macapflag.com\/blog\/wp-content\/uploads\/2021\/08\/Comment-proteger-sa-marque.jpg","type":"image\/jpeg"}],"author":"Blog Macap","twitter_card":"summary_large_image","twitter_misc":{"\u00c9crit par":"Blog Macap","Dur\u00e9e de lecture estim\u00e9e":"9 minutes"},"schema":{"@context":"https:\/\/schema.org","@graph":[{"@type":"Article","@id":"https:\/\/www.macapflag.com\/blog\/marque\/#article","isPartOf":{"@id":"https:\/\/www.macapflag.com\/blog\/marque\/"},"author":{"name":"Blog Macap","@id":"https:\/\/www.macapflag.com\/blog\/#\/schema\/person\/3fea701f2603875e651e6b662578fc3c"},"headline":"Comment prot\u00e9ger sa marque ?","datePublished":"2021-08-02T08:21:14+00:00","dateModified":"2021-10-28T12:47:41+00:00","mainEntityOfPage":{"@id":"https:\/\/www.macapflag.com\/blog\/marque\/"},"wordCount":1463,"publisher":{"@id":"https:\/\/www.macapflag.com\/blog\/#organization"},"image":{"@id":"https:\/\/www.macapflag.com\/blog\/marque\/#primaryimage"},"thumbnailUrl":"https:\/\/www.macapflag.com\/blog\/wp-content\/uploads\/2021\/08\/Comment-proteger-sa-marque.jpg","articleSection":["Le monde de la Com'"],"inLanguage":"fr-FR"},{"@type":"WebPage","@id":"https:\/\/www.macapflag.com\/blog\/marque\/","url":"https:\/\/www.macapflag.com\/blog\/marque\/","name":"Comment prot\u00e9ger sa marque ? - Blog - Macap","isPartOf":{"@id":"https:\/\/www.macapflag.com\/blog\/#website"},"primaryImageOfPage":{"@id":"https:\/\/www.macapflag.com\/blog\/marque\/#primaryimage"},"image":{"@id":"https:\/\/www.macapflag.com\/blog\/marque\/#primaryimage"},"thumbnailUrl":"https:\/\/www.macapflag.com\/blog\/wp-content\/uploads\/2021\/08\/Comment-proteger-sa-marque.jpg","datePublished":"2021-08-02T08:21:14+00:00","dateModified":"2021-10-28T12:47:41+00:00","description":"Comment prot\u00e9ger sa marque ? Comment la d\u00e9poser et s'assurer que personne d'autre ne l'utilise? On d\u00e9crypte pour vous cet univers complexe","breadcrumb":{"@id":"https:\/\/www.macapflag.com\/blog\/marque\/#breadcrumb"},"inLanguage":"fr-FR","potentialAction":[{"@type":"ReadAction","target":["https:\/\/www.macapflag.com\/blog\/marque\/"]}]},{"@type":"ImageObject","inLanguage":"fr-FR","@id":"https:\/\/www.macapflag.com\/blog\/marque\/#primaryimage","url":"https:\/\/www.macapflag.com\/blog\/wp-content\/uploads\/2021\/08\/Comment-proteger-sa-marque.jpg","contentUrl":"https:\/\/www.macapflag.com\/blog\/wp-content\/uploads\/2021\/08\/Comment-proteger-sa-marque.jpg","width":870,"height":600,"caption":"Comment prot\u00e9ger sa marque?"},{"@type":"BreadcrumbList","@id":"https:\/\/www.macapflag.com\/blog\/marque\/#breadcrumb","itemListElement":[{"@type":"ListItem","position":1,"name":"Accueil","item":"https:\/\/www.macapflag.com\/blog\/"},{"@type":"ListItem","position":2,"name":"Comment prot\u00e9ger sa marque ?"}]},{"@type":"WebSite","@id":"https:\/\/www.macapflag.com\/blog\/#website","url":"https:\/\/www.macapflag.com\/blog\/","name":"Blog - Macap","description":"Tous nos articles","publisher":{"@id":"https:\/\/www.macapflag.com\/blog\/#organization"},"potentialAction":[{"@type":"SearchAction","target":{"@type":"EntryPoint","urlTemplate":"https:\/\/www.macapflag.com\/blog\/?s={search_term_string}"},"query-input":{"@type":"PropertyValueSpecification","valueRequired":true,"valueName":"search_term_string"}}],"inLanguage":"fr-FR"},{"@type":"Organization","@id":"https:\/\/www.macapflag.com\/blog\/#organization","name":"macapflag","url":"https:\/\/www.macapflag.com\/blog\/","logo":{"@type":"ImageObject","inLanguage":"fr-FR","@id":"https:\/\/www.macapflag.com\/blog\/#\/schema\/logo\/image\/","url":"https:\/\/www.macapflag.com\/blog\/wp-content\/uploads\/2020\/12\/cropped-M-512-1.png","contentUrl":"https:\/\/www.macapflag.com\/blog\/wp-content\/uploads\/2020\/12\/cropped-M-512-1.png","width":512,"height":512,"caption":"macapflag"},"image":{"@id":"https:\/\/www.macapflag.com\/blog\/#\/schema\/logo\/image\/"},"sameAs":["https:\/\/www.facebook.com\/macap.pavoisement\/","https:\/\/www.instagram.com\/macapflag\/?hl=fr","https:\/\/www.linkedin.com\/company\/macap\/?originalSubdomain=fr","https:\/\/www.youtube.com\/channel\/UCXNzTIdZh9poEBjSXEqDtNw"]},{"@type":"Person","@id":"https:\/\/www.macapflag.com\/blog\/#\/schema\/person\/3fea701f2603875e651e6b662578fc3c","name":"Blog Macap","image":{"@type":"ImageObject","inLanguage":"fr-FR","@id":"https:\/\/www.macapflag.com\/blog\/#\/schema\/person\/image\/","url":"https:\/\/secure.gravatar.com\/avatar\/c12551f2dc51f0db049633b03e7856985477a70da834cc8967dea4ce54bdd6a2?s=96&d=mm&r=g","contentUrl":"https:\/\/secure.gravatar.com\/avatar\/c12551f2dc51f0db049633b03e7856985477a70da834cc8967dea4ce54bdd6a2?s=96&d=mm&r=g","caption":"Blog Macap"},"url":"https:\/\/www.macapflag.com\/blog\/author\/macap\/"}]}},"_links":{"self":[{"href":"https:\/\/www.macapflag.com\/blog\/wp-json\/wp\/v2\/posts\/7706","targetHints":{"allow":["GET"]}}],"collection":[{"href":"https:\/\/www.macapflag.com\/blog\/wp-json\/wp\/v2\/posts"}],"about":[{"href":"https:\/\/www.macapflag.com\/blog\/wp-json\/wp\/v2\/types\/post"}],"author":[{"embeddable":true,"href":"https:\/\/www.macapflag.com\/blog\/wp-json\/wp\/v2\/users\/2"}],"replies":[{"embeddable":true,"href":"https:\/\/www.macapflag.com\/blog\/wp-json\/wp\/v2\/comments?post=7706"}],"version-history":[{"count":38,"href":"https:\/\/www.macapflag.com\/blog\/wp-json\/wp\/v2\/posts\/7706\/revisions"}],"predecessor-version":[{"id":8548,"href":"https:\/\/www.macapflag.com\/blog\/wp-json\/wp\/v2\/posts\/7706\/revisions\/8548"}],"wp:featuredmedia":[{"embeddable":true,"href":"https:\/\/www.macapflag.com\/blog\/wp-json\/wp\/v2\/media\/8546"}],"wp:attachment":[{"href":"https:\/\/www.macapflag.com\/blog\/wp-json\/wp\/v2\/media?parent=7706"}],"wp:term":[{"taxonomy":"category","embeddable":true,"href":"https:\/\/www.macapflag.com\/blog\/wp-json\/wp\/v2\/categories?post=7706"},{"taxonomy":"post_tag","embeddable":true,"href":"https:\/\/www.macapflag.com\/blog\/wp-json\/wp\/v2\/tags?post=7706"}],"curies":[{"name":"wp","href":"https:\/\/api.w.org\/{rel}","templated":true}]}}