{"id":7769,"date":"2021-08-09T10:06:35","date_gmt":"2021-08-09T08:06:35","guid":{"rendered":"https:\/\/www.macapflag.com\/blog\/?p=7769"},"modified":"2021-10-26T14:12:47","modified_gmt":"2021-10-26T12:12:47","slug":"du-cote-des-artistes-michael-beerens","status":"publish","type":"post","link":"https:\/\/www.macapflag.com\/blog\/du-cote-des-artistes-michael-beerens\/","title":{"rendered":"Micha\u00ebl Beerens"},"content":{"rendered":"\t\t<div data-elementor-type=\"wp-post\" data-elementor-id=\"7769\" class=\"elementor elementor-7769\">\n\t\t\t\t\t\t<section class=\"elementor-section elementor-top-section elementor-element elementor-element-2cb9f3b elementor-section-boxed elementor-section-height-default elementor-section-height-default\" data-id=\"2cb9f3b\" data-element_type=\"section\">\n\t\t\t\t\t\t<div class=\"elementor-container elementor-column-gap-default\">\n\t\t\t\t\t<div class=\"elementor-column elementor-col-100 elementor-top-column elementor-element elementor-element-4c9b7a8\" data-id=\"4c9b7a8\" data-element_type=\"column\">\n\t\t\t<div class=\"elementor-widget-wrap elementor-element-populated\">\n\t\t\t\t\t\t<div class=\"elementor-element elementor-element-e274fb0 elementor-widget elementor-widget-text-editor\" data-id=\"e274fb0\" data-element_type=\"widget\" data-widget_type=\"text-editor.default\">\n\t\t\t\t<div class=\"elementor-widget-container\">\n\t\t\t\t\t\t\t\t\t<p>Au sein de cette rubrique, Macap met en lumi\u00e8re des artistes qui ont marqu\u00e9 leur univers gr\u00e2ce \u00e0 leur talent et leur originalit\u00e9.<\/p><p>Si aujourd\u2019hui nous avons choisi de nous int\u00e9resser \u00e0 <strong>Michael Beerens<\/strong> c\u2019est bien \u00e9videmment dans cet esprit, mais aussi parce que sa derni\u00e8re r\u00e9alisation nous touche particuli\u00e8rement \u00e0 plusieurs \u00e9gards.<\/p><p>En Mars 2021 a eu lieu la pr\u00e9sentation officielle de sa gigantesque fresque murale r\u00e9alis\u00e9e \u00e0 quelques kilom\u00e8tres de chez nous, sur le port de Toulon. <br \/>Et si cette magnifique \u0153uvre a vu le jour, c\u2019est gr\u00e2ce \u00e0 une collaboration avec le <a href=\"https:\/\/www.chateauvallon-liberte.fr\/\"><span style=\"color: #3366ff;\"><strong>th\u00e9\u00e2tre Ch\u00e2teauvallon-Libert\u00e9-sc\u00e8ne nationale<\/strong><\/span><\/a> dans le cadre de Passion Bleue, un cycle th\u00e9matique autour de la mer et des oc\u00e9ans. La soci\u00e9t\u00e9 <a href=\"https:\/\/www.macapflag.com\/\"><span style=\"color: #3366ff;\"><strong>Macap<\/strong><\/span><\/a> collabore r\u00e9guli\u00e8rement avec les \u00e9quipes de Ch\u00e2teauvallon-Libert\u00e9-sc\u00e8ne nationale qui dynamisent la vie culturelle de la r\u00e9gion.<\/p>\t\t\t\t\t\t\t\t<\/div>\n\t\t\t\t<\/div>\n\t\t\t\t\t<\/div>\n\t\t<\/div>\n\t\t\t\t\t<\/div>\n\t\t<\/section>\n\t\t\t\t<section class=\"elementor-section elementor-top-section elementor-element elementor-element-e39e656 elementor-section-boxed elementor-section-height-default elementor-section-height-default\" data-id=\"e39e656\" data-element_type=\"section\">\n\t\t\t\t\t\t<div class=\"elementor-container elementor-column-gap-default\">\n\t\t\t\t\t<div class=\"elementor-column elementor-col-100 elementor-top-column elementor-element elementor-element-5ba4a2f\" data-id=\"5ba4a2f\" data-element_type=\"column\">\n\t\t\t<div class=\"elementor-widget-wrap elementor-element-populated\">\n\t\t\t\t\t\t<div class=\"elementor-element elementor-element-e0262ab elementor-widget elementor-widget-image\" data-id=\"e0262ab\" data-element_type=\"widget\" data-widget_type=\"image.default\">\n\t\t\t\t<div class=\"elementor-widget-container\">\n\t\t\t\t\t\t\t\t\t\t\t\t\t\t\t<img fetchpriority=\"high\" decoding=\"async\" width=\"700\" height=\"534\" src=\"https:\/\/www.macapflag.com\/blog\/wp-content\/uploads\/2021\/08\/michael-beerens-toulon-port.jpg\" class=\"attachment-large size-large wp-image-7767\" alt=\"En 2021, Michael Beerens a dessin\u00e9 sur un immeuble du port de Toulon\" srcset=\"https:\/\/www.macapflag.com\/blog\/wp-content\/uploads\/2021\/08\/michael-beerens-toulon-port.jpg 700w, https:\/\/www.macapflag.com\/blog\/wp-content\/uploads\/2021\/08\/michael-beerens-toulon-port-300x229.jpg 300w\" sizes=\"(max-width: 700px) 100vw, 700px\" \/>\t\t\t\t\t\t\t\t\t\t\t\t\t\t\t<\/div>\n\t\t\t\t<\/div>\n\t\t\t\t\t<\/div>\n\t\t<\/div>\n\t\t\t\t\t<\/div>\n\t\t<\/section>\n\t\t\t\t<section class=\"elementor-section elementor-top-section elementor-element elementor-element-7a7becb elementor-section-boxed elementor-section-height-default elementor-section-height-default\" data-id=\"7a7becb\" data-element_type=\"section\">\n\t\t\t\t\t\t<div class=\"elementor-container elementor-column-gap-default\">\n\t\t\t\t\t<div class=\"elementor-column elementor-col-100 elementor-top-column elementor-element elementor-element-f8a46c7\" data-id=\"f8a46c7\" data-element_type=\"column\">\n\t\t\t<div class=\"elementor-widget-wrap elementor-element-populated\">\n\t\t\t\t\t\t<div class=\"elementor-element elementor-element-7fd43bf elementor-widget elementor-widget-spacer\" data-id=\"7fd43bf\" data-element_type=\"widget\" data-widget_type=\"spacer.default\">\n\t\t\t\t<div class=\"elementor-widget-container\">\n\t\t\t\t\t\t\t<div class=\"elementor-spacer\">\n\t\t\t<div class=\"elementor-spacer-inner\"><\/div>\n\t\t<\/div>\n\t\t\t\t\t\t<\/div>\n\t\t\t\t<\/div>\n\t\t\t\t\t<\/div>\n\t\t<\/div>\n\t\t\t\t\t<\/div>\n\t\t<\/section>\n\t\t\t\t<section class=\"elementor-section elementor-top-section elementor-element elementor-element-99cc4eb elementor-section-boxed elementor-section-height-default elementor-section-height-default\" data-id=\"99cc4eb\" data-element_type=\"section\">\n\t\t\t\t\t\t<div class=\"elementor-container elementor-column-gap-default\">\n\t\t\t\t\t<div class=\"elementor-column elementor-col-100 elementor-top-column elementor-element elementor-element-bb439c7\" data-id=\"bb439c7\" data-element_type=\"column\">\n\t\t\t<div class=\"elementor-widget-wrap elementor-element-populated\">\n\t\t\t\t\t\t<div class=\"elementor-element elementor-element-da4b1eb elementor-widget elementor-widget-text-editor\" data-id=\"da4b1eb\" data-element_type=\"widget\" data-widget_type=\"text-editor.default\">\n\t\t\t\t<div class=\"elementor-widget-container\">\n\t\t\t\t\t\t\t\t\t<h2>Micha\u00ebl Beerens en quelques lignes<\/h2>\t\t\t\t\t\t\t\t<\/div>\n\t\t\t\t<\/div>\n\t\t\t\t\t<\/div>\n\t\t<\/div>\n\t\t\t\t\t<\/div>\n\t\t<\/section>\n\t\t\t\t<section class=\"elementor-section elementor-top-section elementor-element elementor-element-11caad4 elementor-section-boxed elementor-section-height-default elementor-section-height-default\" data-id=\"11caad4\" data-element_type=\"section\">\n\t\t\t\t\t\t<div class=\"elementor-container elementor-column-gap-default\">\n\t\t\t\t\t<div class=\"elementor-column elementor-col-100 elementor-top-column elementor-element elementor-element-5567731\" data-id=\"5567731\" data-element_type=\"column\">\n\t\t\t<div class=\"elementor-widget-wrap elementor-element-populated\">\n\t\t\t\t\t\t<div class=\"elementor-element elementor-element-dcf2573 elementor-widget elementor-widget-text-editor\" data-id=\"dcf2573\" data-element_type=\"widget\" data-widget_type=\"text-editor.default\">\n\t\t\t\t<div class=\"elementor-widget-container\">\n\t\t\t\t\t\t\t\t\t<p>Micha\u00ebl est n\u00e9 en 1984. Au sein de son art, il r\u00e9unit ses <strong>deux passions : le graffiti et le monde sous-marin<\/strong>. Devenu scaphandrier et vid\u00e9aste sous-marin, il d\u00e9veloppe une sensibilit\u00e9 particuli\u00e8re \u00e0 la cause \u00e9cologique et au monde des animaux. Empreint de cette \u00e9nergie de la nature, il transpose la magie de l\u2019univers sous-marin au sein des villes. Il souhaite ainsi mettre la gr\u00e2ce de la nature au c\u0153ur du b\u00e9ton morose.<\/p>\t\t\t\t\t\t\t\t<\/div>\n\t\t\t\t<\/div>\n\t\t\t\t\t<\/div>\n\t\t<\/div>\n\t\t\t\t\t<\/div>\n\t\t<\/section>\n\t\t\t\t<section class=\"elementor-section elementor-top-section elementor-element elementor-element-66b8ea3 elementor-section-boxed elementor-section-height-default elementor-section-height-default\" data-id=\"66b8ea3\" data-element_type=\"section\">\n\t\t\t\t\t\t<div class=\"elementor-container elementor-column-gap-default\">\n\t\t\t\t\t<div class=\"elementor-column elementor-col-100 elementor-top-column elementor-element elementor-element-2192b24\" data-id=\"2192b24\" data-element_type=\"column\">\n\t\t\t<div class=\"elementor-widget-wrap elementor-element-populated\">\n\t\t\t\t\t\t<div class=\"elementor-element elementor-element-f0eab76 elementor-widget elementor-widget-text-editor\" data-id=\"f0eab76\" data-element_type=\"widget\" data-widget_type=\"text-editor.default\">\n\t\t\t\t<div class=\"elementor-widget-container\">\n\t\t\t\t\t\t\t\t\t<h2>L&#8217;inspiration toulonnaise de Micha\u00ebl Beerens<\/h2>\t\t\t\t\t\t\t\t<\/div>\n\t\t\t\t<\/div>\n\t\t\t\t\t<\/div>\n\t\t<\/div>\n\t\t\t\t\t<\/div>\n\t\t<\/section>\n\t\t\t\t<section class=\"elementor-section elementor-top-section elementor-element elementor-element-0d3123b elementor-section-boxed elementor-section-height-default elementor-section-height-default\" data-id=\"0d3123b\" data-element_type=\"section\">\n\t\t\t\t\t\t<div class=\"elementor-container elementor-column-gap-default\">\n\t\t\t\t\t<div class=\"elementor-column elementor-col-100 elementor-top-column elementor-element elementor-element-a7c942b\" data-id=\"a7c942b\" data-element_type=\"column\">\n\t\t\t<div class=\"elementor-widget-wrap elementor-element-populated\">\n\t\t\t\t\t\t<div class=\"elementor-element elementor-element-cb7d2cc elementor-widget elementor-widget-text-editor\" data-id=\"cb7d2cc\" data-element_type=\"widget\" data-widget_type=\"text-editor.default\">\n\t\t\t\t<div class=\"elementor-widget-container\">\n\t\t\t\t\t\t\t\t\t<p style=\"text-align: justify;\">Cette immense fresque qui domine aujourd\u2019hui le port de Toulon a \u00e9t\u00e9 inspir\u00e9e par une plong\u00e9e de l\u2019artiste dans <strong>l\u2019anse M\u00e9jean<\/strong>, un lieu bien connu du littoral toulonnais. Michael Beerens explique que son \u0153uvre fait \u00e9cho \u00e0 l\u2019interaction entre la lumi\u00e8re et le motif aquatique, particuli\u00e8re dans ce site m\u00e9diterrann\u00e9en.<\/p>\t\t\t\t\t\t\t\t<\/div>\n\t\t\t\t<\/div>\n\t\t\t\t\t<\/div>\n\t\t<\/div>\n\t\t\t\t\t<\/div>\n\t\t<\/section>\n\t\t\t\t<section class=\"elementor-section elementor-top-section elementor-element elementor-element-90ae985 elementor-section-boxed elementor-section-height-default elementor-section-height-default\" data-id=\"90ae985\" data-element_type=\"section\">\n\t\t\t\t\t\t<div class=\"elementor-container elementor-column-gap-default\">\n\t\t\t\t\t<div class=\"elementor-column elementor-col-100 elementor-top-column elementor-element elementor-element-88ad69a\" data-id=\"88ad69a\" data-element_type=\"column\">\n\t\t\t<div class=\"elementor-widget-wrap elementor-element-populated\">\n\t\t\t\t\t\t<div class=\"elementor-element elementor-element-a1a4d17 elementor-widget elementor-widget-text-editor\" data-id=\"a1a4d17\" data-element_type=\"widget\" data-widget_type=\"text-editor.default\">\n\t\t\t\t<div class=\"elementor-widget-container\">\n\t\t\t\t\t\t\t\t\t<h2>&#8220;Des passerelles vers la mer&#8221;<\/h2>\t\t\t\t\t\t\t\t<\/div>\n\t\t\t\t<\/div>\n\t\t\t\t\t<\/div>\n\t\t<\/div>\n\t\t\t\t\t<\/div>\n\t\t<\/section>\n\t\t\t\t<section class=\"elementor-section elementor-top-section elementor-element elementor-element-d0e3f5f elementor-section-boxed elementor-section-height-default elementor-section-height-default\" data-id=\"d0e3f5f\" data-element_type=\"section\">\n\t\t\t\t\t\t<div class=\"elementor-container elementor-column-gap-default\">\n\t\t\t\t\t<div class=\"elementor-column elementor-col-100 elementor-top-column elementor-element elementor-element-526b924\" data-id=\"526b924\" data-element_type=\"column\">\n\t\t\t<div class=\"elementor-widget-wrap elementor-element-populated\">\n\t\t\t\t\t\t<div class=\"elementor-element elementor-element-9cdeba3 elementor-widget elementor-widget-text-editor\" data-id=\"9cdeba3\" data-element_type=\"widget\" data-widget_type=\"text-editor.default\">\n\t\t\t\t<div class=\"elementor-widget-container\">\n\t\t\t\t\t\t\t\t\t<p>L\u2019artiste d\u00e9finit lui-m\u00eame ses \u0153uvres comme \u201cdes passerelles vers la mer\u201d, comme un moyen de <strong>reconnecter la nature et l\u2019univers urbain<\/strong> en sublimant les jeux de lumi\u00e8re du monde sous-marin.<\/p><p><span style=\"font-size: 18.6667px;\">Retrouvez toutes les informations et les actualit\u00e9s de l&#8217;artiste sur son\u00a0<\/span><a style=\"font-size: 18.6667px;\" href=\"http:\/\/www.michaelbeerens.fr\/NEWSITE\/index2.html\"><span style=\"color: #3366ff;\"><strong>site internet<\/strong><\/span><\/a><span style=\"font-size: 18.6667px;\">\u00a0.<\/span><\/p>\t\t\t\t\t\t\t\t<\/div>\n\t\t\t\t<\/div>\n\t\t\t\t\t<\/div>\n\t\t<\/div>\n\t\t\t\t\t<\/div>\n\t\t<\/section>\n\t\t\t\t<section class=\"elementor-section elementor-top-section elementor-element elementor-element-cec7fc3 elementor-section-boxed elementor-section-height-default elementor-section-height-default\" data-id=\"cec7fc3\" data-element_type=\"section\">\n\t\t\t\t\t\t<div class=\"elementor-container elementor-column-gap-default\">\n\t\t\t\t\t<div class=\"elementor-column elementor-col-100 elementor-top-column elementor-element elementor-element-abb9f7c\" data-id=\"abb9f7c\" data-element_type=\"column\">\n\t\t\t<div class=\"elementor-widget-wrap elementor-element-populated\">\n\t\t\t\t\t\t<div class=\"elementor-element elementor-element-b2efc7a elementor-widget elementor-widget-text-editor\" data-id=\"b2efc7a\" data-element_type=\"widget\" data-widget_type=\"text-editor.default\">\n\t\t\t\t<div class=\"elementor-widget-container\">\n\t\t\t\t\t\t\t\t\t<p style=\"text-align: center;\"><span style=\"font-size: 10pt;\"><em>Les photos de cet article sont issues du site internet de l&#8217;artiste qui en est le propri\u00e9taire \u00e0 l&#8217;adresse : <span style=\"color: #3366ff;\">http:\/\/www.michaelbeerens.fr<\/span> ainsi que sur le site <span style=\"color: #3366ff;\"><a style=\"color: #3366ff;\" href=\"https:\/\/echosud.fr\/\">echosud.fr\u00a0<\/a><\/span><\/em><\/span><\/p>\t\t\t\t\t\t\t\t<\/div>\n\t\t\t\t<\/div>\n\t\t\t\t\t<\/div>\n\t\t<\/div>\n\t\t\t\t\t<\/div>\n\t\t<\/section>\n\t\t\t\t<\/div>\n\t\t","protected":false},"excerpt":{"rendered":"<div class=\"tmnf_excerpt\"><p>Au sein de cette rubrique, Macap met en lumi\u00e8re des artistes qui ont marqu\u00e9 leur univers gr\u00e2ce \u00e0 leur talent et leur originalit\u00e9. Si aujourd\u2019hui nous avons choisi de nous int\u00e9resser \u00e0 Michael Beerens c\u2019est bien \u00e9videmment dans cet esprit, mais aussi parce que sa derni\u00e8re r\u00e9alisation nous touche particuli\u00e8rement \u00e0 plusieurs \u00e9gards. En Mars &hellip;<\/p>\n<\/div>","protected":false},"author":2,"featured_media":7771,"comment_status":"closed","ping_status":"open","sticky":false,"template":"template-fullwidth.php","format":"standard","meta":{"footnotes":""},"categories":[92],"tags":[],"class_list":["post-7769","post","type-post","status-publish","format-standard","has-post-thumbnail","hentry","category-news"],"yoast_head":"<!-- This site is optimized with the Yoast SEO plugin v26.4 - https:\/\/yoast.com\/wordpress\/plugins\/seo\/ -->\n<title>Micha\u00ebl Beerens - Blog - Macap<\/title>\n<meta name=\"description\" content=\"Macap met en lumi\u00e8re des artistes, ici Micha\u00ebl Beerens \u00e0 l&#039;occasion de sa fresque sous-marine peinte sur le port de la ville de Toulon\" \/>\n<meta name=\"robots\" content=\"index, follow, max-snippet:-1, max-image-preview:large, max-video-preview:-1\" \/>\n<link rel=\"canonical\" href=\"https:\/\/www.macapflag.com\/blog\/du-cote-des-artistes-michael-beerens\/\" \/>\n<meta property=\"og:locale\" content=\"fr_FR\" \/>\n<meta property=\"og:type\" content=\"article\" \/>\n<meta property=\"og:title\" content=\"Micha\u00ebl Beerens - Blog - Macap\" \/>\n<meta property=\"og:description\" content=\"Macap met en lumi\u00e8re des artistes, ici Micha\u00ebl Beerens \u00e0 l&#039;occasion de sa fresque sous-marine peinte sur le port de la ville de Toulon\" \/>\n<meta property=\"og:url\" content=\"https:\/\/www.macapflag.com\/blog\/du-cote-des-artistes-michael-beerens\/\" \/>\n<meta property=\"og:site_name\" content=\"Blog - Macap\" \/>\n<meta property=\"article:publisher\" content=\"https:\/\/www.facebook.com\/macap.pavoisement\/\" \/>\n<meta property=\"article:published_time\" content=\"2021-08-09T08:06:35+00:00\" \/>\n<meta property=\"article:modified_time\" content=\"2021-10-26T12:12:47+00:00\" \/>\n<meta property=\"og:image\" content=\"https:\/\/www.macapflag.com\/blog\/wp-content\/uploads\/2021\/08\/michael-beerens-artiste.jpg\" \/>\n\t<meta property=\"og:image:width\" content=\"870\" \/>\n\t<meta property=\"og:image:height\" content=\"600\" \/>\n\t<meta property=\"og:image:type\" content=\"image\/jpeg\" \/>\n<meta name=\"author\" content=\"Blog Macap\" \/>\n<meta name=\"twitter:card\" content=\"summary_large_image\" \/>\n<meta name=\"twitter:label1\" content=\"\u00c9crit par\" \/>\n\t<meta name=\"twitter:data1\" content=\"Blog Macap\" \/>\n\t<meta name=\"twitter:label2\" content=\"Dur\u00e9e de lecture estim\u00e9e\" \/>\n\t<meta name=\"twitter:data2\" content=\"2 minutes\" \/>\n<script type=\"application\/ld+json\" class=\"yoast-schema-graph\">{\"@context\":\"https:\/\/schema.org\",\"@graph\":[{\"@type\":\"Article\",\"@id\":\"https:\/\/www.macapflag.com\/blog\/du-cote-des-artistes-michael-beerens\/#article\",\"isPartOf\":{\"@id\":\"https:\/\/www.macapflag.com\/blog\/du-cote-des-artistes-michael-beerens\/\"},\"author\":{\"name\":\"Blog Macap\",\"@id\":\"https:\/\/www.macapflag.com\/blog\/#\/schema\/person\/3fea701f2603875e651e6b662578fc3c\"},\"headline\":\"Micha\u00ebl Beerens\",\"datePublished\":\"2021-08-09T08:06:35+00:00\",\"dateModified\":\"2021-10-26T12:12:47+00:00\",\"mainEntityOfPage\":{\"@id\":\"https:\/\/www.macapflag.com\/blog\/du-cote-des-artistes-michael-beerens\/\"},\"wordCount\":392,\"publisher\":{\"@id\":\"https:\/\/www.macapflag.com\/blog\/#organization\"},\"image\":{\"@id\":\"https:\/\/www.macapflag.com\/blog\/du-cote-des-artistes-michael-beerens\/#primaryimage\"},\"thumbnailUrl\":\"https:\/\/www.macapflag.com\/blog\/wp-content\/uploads\/2021\/08\/michael-beerens-artiste.jpg\",\"articleSection\":[\"News &amp; Actu\"],\"inLanguage\":\"fr-FR\"},{\"@type\":\"WebPage\",\"@id\":\"https:\/\/www.macapflag.com\/blog\/du-cote-des-artistes-michael-beerens\/\",\"url\":\"https:\/\/www.macapflag.com\/blog\/du-cote-des-artistes-michael-beerens\/\",\"name\":\"Micha\u00ebl Beerens - Blog - Macap\",\"isPartOf\":{\"@id\":\"https:\/\/www.macapflag.com\/blog\/#website\"},\"primaryImageOfPage\":{\"@id\":\"https:\/\/www.macapflag.com\/blog\/du-cote-des-artistes-michael-beerens\/#primaryimage\"},\"image\":{\"@id\":\"https:\/\/www.macapflag.com\/blog\/du-cote-des-artistes-michael-beerens\/#primaryimage\"},\"thumbnailUrl\":\"https:\/\/www.macapflag.com\/blog\/wp-content\/uploads\/2021\/08\/michael-beerens-artiste.jpg\",\"datePublished\":\"2021-08-09T08:06:35+00:00\",\"dateModified\":\"2021-10-26T12:12:47+00:00\",\"description\":\"Macap met en lumi\u00e8re des artistes, ici Micha\u00ebl Beerens \u00e0 l'occasion de sa fresque sous-marine peinte sur le port de la ville de Toulon\",\"breadcrumb\":{\"@id\":\"https:\/\/www.macapflag.com\/blog\/du-cote-des-artistes-michael-beerens\/#breadcrumb\"},\"inLanguage\":\"fr-FR\",\"potentialAction\":[{\"@type\":\"ReadAction\",\"target\":[\"https:\/\/www.macapflag.com\/blog\/du-cote-des-artistes-michael-beerens\/\"]}]},{\"@type\":\"ImageObject\",\"inLanguage\":\"fr-FR\",\"@id\":\"https:\/\/www.macapflag.com\/blog\/du-cote-des-artistes-michael-beerens\/#primaryimage\",\"url\":\"https:\/\/www.macapflag.com\/blog\/wp-content\/uploads\/2021\/08\/michael-beerens-artiste.jpg\",\"contentUrl\":\"https:\/\/www.macapflag.com\/blog\/wp-content\/uploads\/2021\/08\/michael-beerens-artiste.jpg\",\"width\":870,\"height\":600,\"caption\":\"Michael Beerens artiste grapheur du monde sous marin\"},{\"@type\":\"BreadcrumbList\",\"@id\":\"https:\/\/www.macapflag.com\/blog\/du-cote-des-artistes-michael-beerens\/#breadcrumb\",\"itemListElement\":[{\"@type\":\"ListItem\",\"position\":1,\"name\":\"Accueil\",\"item\":\"https:\/\/www.macapflag.com\/blog\/\"},{\"@type\":\"ListItem\",\"position\":2,\"name\":\"Micha\u00ebl Beerens\"}]},{\"@type\":\"WebSite\",\"@id\":\"https:\/\/www.macapflag.com\/blog\/#website\",\"url\":\"https:\/\/www.macapflag.com\/blog\/\",\"name\":\"Blog - Macap\",\"description\":\"Tous nos articles\",\"publisher\":{\"@id\":\"https:\/\/www.macapflag.com\/blog\/#organization\"},\"potentialAction\":[{\"@type\":\"SearchAction\",\"target\":{\"@type\":\"EntryPoint\",\"urlTemplate\":\"https:\/\/www.macapflag.com\/blog\/?s={search_term_string}\"},\"query-input\":{\"@type\":\"PropertyValueSpecification\",\"valueRequired\":true,\"valueName\":\"search_term_string\"}}],\"inLanguage\":\"fr-FR\"},{\"@type\":\"Organization\",\"@id\":\"https:\/\/www.macapflag.com\/blog\/#organization\",\"name\":\"macapflag\",\"url\":\"https:\/\/www.macapflag.com\/blog\/\",\"logo\":{\"@type\":\"ImageObject\",\"inLanguage\":\"fr-FR\",\"@id\":\"https:\/\/www.macapflag.com\/blog\/#\/schema\/logo\/image\/\",\"url\":\"https:\/\/www.macapflag.com\/blog\/wp-content\/uploads\/2020\/12\/cropped-M-512-1.png\",\"contentUrl\":\"https:\/\/www.macapflag.com\/blog\/wp-content\/uploads\/2020\/12\/cropped-M-512-1.png\",\"width\":512,\"height\":512,\"caption\":\"macapflag\"},\"image\":{\"@id\":\"https:\/\/www.macapflag.com\/blog\/#\/schema\/logo\/image\/\"},\"sameAs\":[\"https:\/\/www.facebook.com\/macap.pavoisement\/\",\"https:\/\/www.instagram.com\/macapflag\/?hl=fr\",\"https:\/\/www.linkedin.com\/company\/macap\/?originalSubdomain=fr\",\"https:\/\/www.youtube.com\/channel\/UCXNzTIdZh9poEBjSXEqDtNw\"]},{\"@type\":\"Person\",\"@id\":\"https:\/\/www.macapflag.com\/blog\/#\/schema\/person\/3fea701f2603875e651e6b662578fc3c\",\"name\":\"Blog Macap\",\"image\":{\"@type\":\"ImageObject\",\"inLanguage\":\"fr-FR\",\"@id\":\"https:\/\/www.macapflag.com\/blog\/#\/schema\/person\/image\/\",\"url\":\"https:\/\/secure.gravatar.com\/avatar\/c12551f2dc51f0db049633b03e7856985477a70da834cc8967dea4ce54bdd6a2?s=96&d=mm&r=g\",\"contentUrl\":\"https:\/\/secure.gravatar.com\/avatar\/c12551f2dc51f0db049633b03e7856985477a70da834cc8967dea4ce54bdd6a2?s=96&d=mm&r=g\",\"caption\":\"Blog Macap\"},\"url\":\"https:\/\/www.macapflag.com\/blog\/author\/macap\/\"}]}<\/script>\n<!-- \/ Yoast SEO plugin. -->","yoast_head_json":{"title":"Micha\u00ebl Beerens - Blog - Macap","description":"Macap met en lumi\u00e8re des artistes, ici Micha\u00ebl Beerens \u00e0 l'occasion de sa fresque sous-marine peinte sur le port de la ville de Toulon","robots":{"index":"index","follow":"follow","max-snippet":"max-snippet:-1","max-image-preview":"max-image-preview:large","max-video-preview":"max-video-preview:-1"},"canonical":"https:\/\/www.macapflag.com\/blog\/du-cote-des-artistes-michael-beerens\/","og_locale":"fr_FR","og_type":"article","og_title":"Micha\u00ebl Beerens - Blog - Macap","og_description":"Macap met en lumi\u00e8re des artistes, ici Micha\u00ebl Beerens \u00e0 l'occasion de sa fresque sous-marine peinte sur le port de la ville de Toulon","og_url":"https:\/\/www.macapflag.com\/blog\/du-cote-des-artistes-michael-beerens\/","og_site_name":"Blog - Macap","article_publisher":"https:\/\/www.facebook.com\/macap.pavoisement\/","article_published_time":"2021-08-09T08:06:35+00:00","article_modified_time":"2021-10-26T12:12:47+00:00","og_image":[{"width":870,"height":600,"url":"https:\/\/www.macapflag.com\/blog\/wp-content\/uploads\/2021\/08\/michael-beerens-artiste.jpg","type":"image\/jpeg"}],"author":"Blog Macap","twitter_card":"summary_large_image","twitter_misc":{"\u00c9crit par":"Blog Macap","Dur\u00e9e de lecture estim\u00e9e":"2 minutes"},"schema":{"@context":"https:\/\/schema.org","@graph":[{"@type":"Article","@id":"https:\/\/www.macapflag.com\/blog\/du-cote-des-artistes-michael-beerens\/#article","isPartOf":{"@id":"https:\/\/www.macapflag.com\/blog\/du-cote-des-artistes-michael-beerens\/"},"author":{"name":"Blog Macap","@id":"https:\/\/www.macapflag.com\/blog\/#\/schema\/person\/3fea701f2603875e651e6b662578fc3c"},"headline":"Micha\u00ebl Beerens","datePublished":"2021-08-09T08:06:35+00:00","dateModified":"2021-10-26T12:12:47+00:00","mainEntityOfPage":{"@id":"https:\/\/www.macapflag.com\/blog\/du-cote-des-artistes-michael-beerens\/"},"wordCount":392,"publisher":{"@id":"https:\/\/www.macapflag.com\/blog\/#organization"},"image":{"@id":"https:\/\/www.macapflag.com\/blog\/du-cote-des-artistes-michael-beerens\/#primaryimage"},"thumbnailUrl":"https:\/\/www.macapflag.com\/blog\/wp-content\/uploads\/2021\/08\/michael-beerens-artiste.jpg","articleSection":["News &amp; Actu"],"inLanguage":"fr-FR"},{"@type":"WebPage","@id":"https:\/\/www.macapflag.com\/blog\/du-cote-des-artistes-michael-beerens\/","url":"https:\/\/www.macapflag.com\/blog\/du-cote-des-artistes-michael-beerens\/","name":"Micha\u00ebl Beerens - Blog - Macap","isPartOf":{"@id":"https:\/\/www.macapflag.com\/blog\/#website"},"primaryImageOfPage":{"@id":"https:\/\/www.macapflag.com\/blog\/du-cote-des-artistes-michael-beerens\/#primaryimage"},"image":{"@id":"https:\/\/www.macapflag.com\/blog\/du-cote-des-artistes-michael-beerens\/#primaryimage"},"thumbnailUrl":"https:\/\/www.macapflag.com\/blog\/wp-content\/uploads\/2021\/08\/michael-beerens-artiste.jpg","datePublished":"2021-08-09T08:06:35+00:00","dateModified":"2021-10-26T12:12:47+00:00","description":"Macap met en lumi\u00e8re des artistes, ici Micha\u00ebl Beerens \u00e0 l'occasion de sa fresque sous-marine peinte sur le port de la ville de Toulon","breadcrumb":{"@id":"https:\/\/www.macapflag.com\/blog\/du-cote-des-artistes-michael-beerens\/#breadcrumb"},"inLanguage":"fr-FR","potentialAction":[{"@type":"ReadAction","target":["https:\/\/www.macapflag.com\/blog\/du-cote-des-artistes-michael-beerens\/"]}]},{"@type":"ImageObject","inLanguage":"fr-FR","@id":"https:\/\/www.macapflag.com\/blog\/du-cote-des-artistes-michael-beerens\/#primaryimage","url":"https:\/\/www.macapflag.com\/blog\/wp-content\/uploads\/2021\/08\/michael-beerens-artiste.jpg","contentUrl":"https:\/\/www.macapflag.com\/blog\/wp-content\/uploads\/2021\/08\/michael-beerens-artiste.jpg","width":870,"height":600,"caption":"Michael Beerens artiste grapheur du monde sous marin"},{"@type":"BreadcrumbList","@id":"https:\/\/www.macapflag.com\/blog\/du-cote-des-artistes-michael-beerens\/#breadcrumb","itemListElement":[{"@type":"ListItem","position":1,"name":"Accueil","item":"https:\/\/www.macapflag.com\/blog\/"},{"@type":"ListItem","position":2,"name":"Micha\u00ebl Beerens"}]},{"@type":"WebSite","@id":"https:\/\/www.macapflag.com\/blog\/#website","url":"https:\/\/www.macapflag.com\/blog\/","name":"Blog - Macap","description":"Tous nos articles","publisher":{"@id":"https:\/\/www.macapflag.com\/blog\/#organization"},"potentialAction":[{"@type":"SearchAction","target":{"@type":"EntryPoint","urlTemplate":"https:\/\/www.macapflag.com\/blog\/?s={search_term_string}"},"query-input":{"@type":"PropertyValueSpecification","valueRequired":true,"valueName":"search_term_string"}}],"inLanguage":"fr-FR"},{"@type":"Organization","@id":"https:\/\/www.macapflag.com\/blog\/#organization","name":"macapflag","url":"https:\/\/www.macapflag.com\/blog\/","logo":{"@type":"ImageObject","inLanguage":"fr-FR","@id":"https:\/\/www.macapflag.com\/blog\/#\/schema\/logo\/image\/","url":"https:\/\/www.macapflag.com\/blog\/wp-content\/uploads\/2020\/12\/cropped-M-512-1.png","contentUrl":"https:\/\/www.macapflag.com\/blog\/wp-content\/uploads\/2020\/12\/cropped-M-512-1.png","width":512,"height":512,"caption":"macapflag"},"image":{"@id":"https:\/\/www.macapflag.com\/blog\/#\/schema\/logo\/image\/"},"sameAs":["https:\/\/www.facebook.com\/macap.pavoisement\/","https:\/\/www.instagram.com\/macapflag\/?hl=fr","https:\/\/www.linkedin.com\/company\/macap\/?originalSubdomain=fr","https:\/\/www.youtube.com\/channel\/UCXNzTIdZh9poEBjSXEqDtNw"]},{"@type":"Person","@id":"https:\/\/www.macapflag.com\/blog\/#\/schema\/person\/3fea701f2603875e651e6b662578fc3c","name":"Blog Macap","image":{"@type":"ImageObject","inLanguage":"fr-FR","@id":"https:\/\/www.macapflag.com\/blog\/#\/schema\/person\/image\/","url":"https:\/\/secure.gravatar.com\/avatar\/c12551f2dc51f0db049633b03e7856985477a70da834cc8967dea4ce54bdd6a2?s=96&d=mm&r=g","contentUrl":"https:\/\/secure.gravatar.com\/avatar\/c12551f2dc51f0db049633b03e7856985477a70da834cc8967dea4ce54bdd6a2?s=96&d=mm&r=g","caption":"Blog Macap"},"url":"https:\/\/www.macapflag.com\/blog\/author\/macap\/"}]}},"_links":{"self":[{"href":"https:\/\/www.macapflag.com\/blog\/wp-json\/wp\/v2\/posts\/7769","targetHints":{"allow":["GET"]}}],"collection":[{"href":"https:\/\/www.macapflag.com\/blog\/wp-json\/wp\/v2\/posts"}],"about":[{"href":"https:\/\/www.macapflag.com\/blog\/wp-json\/wp\/v2\/types\/post"}],"author":[{"embeddable":true,"href":"https:\/\/www.macapflag.com\/blog\/wp-json\/wp\/v2\/users\/2"}],"replies":[{"embeddable":true,"href":"https:\/\/www.macapflag.com\/blog\/wp-json\/wp\/v2\/comments?post=7769"}],"version-history":[{"count":29,"href":"https:\/\/www.macapflag.com\/blog\/wp-json\/wp\/v2\/posts\/7769\/revisions"}],"predecessor-version":[{"id":8367,"href":"https:\/\/www.macapflag.com\/blog\/wp-json\/wp\/v2\/posts\/7769\/revisions\/8367"}],"wp:featuredmedia":[{"embeddable":true,"href":"https:\/\/www.macapflag.com\/blog\/wp-json\/wp\/v2\/media\/7771"}],"wp:attachment":[{"href":"https:\/\/www.macapflag.com\/blog\/wp-json\/wp\/v2\/media?parent=7769"}],"wp:term":[{"taxonomy":"category","embeddable":true,"href":"https:\/\/www.macapflag.com\/blog\/wp-json\/wp\/v2\/categories?post=7769"},{"taxonomy":"post_tag","embeddable":true,"href":"https:\/\/www.macapflag.com\/blog\/wp-json\/wp\/v2\/tags?post=7769"}],"curies":[{"name":"wp","href":"https:\/\/api.w.org\/{rel}","templated":true}]}}