{"id":7795,"date":"2021-08-16T09:55:28","date_gmt":"2021-08-16T07:55:28","guid":{"rendered":"https:\/\/www.macapflag.com\/blog\/?p=7795"},"modified":"2021-10-28T14:44:12","modified_gmt":"2021-10-28T12:44:12","slug":"jeux-paralympiques","status":"publish","type":"post","link":"https:\/\/www.macapflag.com\/blog\/jeux-paralympiques\/","title":{"rendered":"Du 24 ao\u00fbt au 5 septembre, 138 athl\u00e8tes fran\u00e7ais brilleront pour les Jeux Paralympiques de Tokyo"},"content":{"rendered":"\t\t<div data-elementor-type=\"wp-post\" data-elementor-id=\"7795\" class=\"elementor elementor-7795\">\n\t\t\t\t\t\t<section class=\"elementor-section elementor-top-section elementor-element elementor-element-76933cc elementor-section-boxed elementor-section-height-default elementor-section-height-default\" data-id=\"76933cc\" data-element_type=\"section\">\n\t\t\t\t\t\t<div class=\"elementor-container elementor-column-gap-default\">\n\t\t\t\t\t<div class=\"elementor-column elementor-col-100 elementor-top-column elementor-element elementor-element-66fdb08\" data-id=\"66fdb08\" data-element_type=\"column\">\n\t\t\t<div class=\"elementor-widget-wrap elementor-element-populated\">\n\t\t\t\t\t\t<div class=\"elementor-element elementor-element-eb2333f elementor-widget elementor-widget-text-editor\" data-id=\"eb2333f\" data-element_type=\"widget\" data-widget_type=\"text-editor.default\">\n\t\t\t\t<div class=\"elementor-widget-container\">\n\t\t\t\t\t\t\t\t\t<p><strong>Les Jeux Olympiques 2021 de Tokyo continuent !<\/strong><br \/>Ils accueillent <strong>4400 athl\u00e8tes paralympiens.<\/strong><br \/><strong>22 disciplines<\/strong> au programme avec pour la premi\u00e8re fois, le taekwondo et le badminton.<\/p>\t\t\t\t\t\t\t\t<\/div>\n\t\t\t\t<\/div>\n\t\t\t\t\t<\/div>\n\t\t<\/div>\n\t\t\t\t\t<\/div>\n\t\t<\/section>\n\t\t\t\t<section class=\"elementor-section elementor-top-section elementor-element elementor-element-8afef3b elementor-section-boxed elementor-section-height-default elementor-section-height-default\" data-id=\"8afef3b\" data-element_type=\"section\">\n\t\t\t\t\t\t<div class=\"elementor-container elementor-column-gap-default\">\n\t\t\t\t\t<div class=\"elementor-column elementor-col-100 elementor-top-column elementor-element elementor-element-8c94e19\" data-id=\"8c94e19\" data-element_type=\"column\">\n\t\t\t<div class=\"elementor-widget-wrap elementor-element-populated\">\n\t\t\t\t\t\t<div class=\"elementor-element elementor-element-9c2fa33 elementor-widget elementor-widget-text-editor\" data-id=\"9c2fa33\" data-element_type=\"widget\" data-widget_type=\"text-editor.default\">\n\t\t\t\t<div class=\"elementor-widget-container\">\n\t\t\t\t\t\t\t\t\t<p>La <strong>d\u00e9l\u00e9gation fran\u00e7aise<\/strong> compte dans ses rangs <strong>138 athl\u00e8tes tricolores<\/strong> qui s\u2019engageront dans 19 disciplines. <br><strong>Sandrine Martinet<\/strong> de la F\u00e9d\u00e9ration Fran\u00e7aise de Judo et <strong>St\u00e9phane Houdet<\/strong> de la F\u00e9d\u00e9ration Fran\u00e7aise de Tennis ont \u00e9t\u00e9 d\u00e9sign\u00e9s porte-drapeau du <a href=\"https:\/\/www.macapflag.com\/drapeau-officiel\/309-drapeau-d-ornement-et-de-defile-officiel-francais.html\"><span style=\"color: #3366ff;\"><strong>drapeau tricolore<\/strong><\/span><\/a>.&nbsp;<br>35 m\u00e9dailles est l\u2019objectif du nombre de m\u00e9dailles \u00e0 atteindre (28 m\u00e9dailles \u00e0 Rio)<\/p>\t\t\t\t\t\t\t\t<\/div>\n\t\t\t\t<\/div>\n\t\t\t\t\t<\/div>\n\t\t<\/div>\n\t\t\t\t\t<\/div>\n\t\t<\/section>\n\t\t\t\t<section class=\"elementor-section elementor-top-section elementor-element elementor-element-620b255 elementor-section-boxed elementor-section-height-default elementor-section-height-default\" data-id=\"620b255\" data-element_type=\"section\">\n\t\t\t\t\t\t<div class=\"elementor-container elementor-column-gap-default\">\n\t\t\t\t\t<div class=\"elementor-column elementor-col-100 elementor-top-column elementor-element elementor-element-a23393b\" data-id=\"a23393b\" data-element_type=\"column\">\n\t\t\t<div class=\"elementor-widget-wrap elementor-element-populated\">\n\t\t\t\t\t\t<div class=\"elementor-element elementor-element-b7b91ee elementor-widget elementor-widget-text-editor\" data-id=\"b7b91ee\" data-element_type=\"widget\" data-widget_type=\"text-editor.default\">\n\t\t\t\t<div class=\"elementor-widget-container\">\n\t\t\t\t\t\t\t\t\t<h2>D\u00e9couvrez les athl\u00e8tes s\u00e9lectionn\u00e9s aux Jeux Paralympiques de Tokyo 2021 :<\/h2>\t\t\t\t\t\t\t\t<\/div>\n\t\t\t\t<\/div>\n\t\t\t\t\t<\/div>\n\t\t<\/div>\n\t\t\t\t\t<\/div>\n\t\t<\/section>\n\t\t\t\t<section class=\"elementor-section elementor-top-section elementor-element elementor-element-e297061 elementor-section-boxed elementor-section-height-default elementor-section-height-default\" data-id=\"e297061\" data-element_type=\"section\">\n\t\t\t\t\t\t<div class=\"elementor-container elementor-column-gap-default\">\n\t\t\t\t\t<div class=\"elementor-column elementor-col-100 elementor-top-column elementor-element elementor-element-7796cba\" data-id=\"7796cba\" data-element_type=\"column\">\n\t\t\t<div class=\"elementor-widget-wrap elementor-element-populated\">\n\t\t\t\t\t\t<div class=\"elementor-element elementor-element-27658b6 elementor-widget elementor-widget-text-editor\" data-id=\"27658b6\" data-element_type=\"widget\" data-widget_type=\"text-editor.default\">\n\t\t\t\t<div class=\"elementor-widget-container\">\n\t\t\t\t\t\t\t\t\t<p><strong>Athl\u00e9tisme<\/strong><br \/>Hommes : Timoth\u00e9e Adolphe, Arnaud Assoumani, Valentin Bertrand, Nicolas Brignone, Julien Casoli, Thierry Cibone, Pierre Fairbank, Ga\u00ebl Geffroy, Redouane Hennouni-Bouzidi, Dimitri Jozwicki, Charles-Antoine Kouakou, Tr\u00e9sor Makunda, Ronan Pallier, Dimitri Pavad\u00e9, Louis Radius.<br \/>Femmes : Gloria Agblemagnon, Mandy Fran\u00e7ois-Elie, Manon Genest, Nantenin Keita, Angelina Lanza, Marie-Am\u00e9lie Le Fur, Typhaine Solde.<\/p><p><strong>Aviron<\/strong><br \/>Hommes : Antoine Jesel, Christophe Lavigne, Robin Le Barreau, R\u00e9my Taranto.<br \/>Femmes : Nathalie Benoit, Perle Bouge, Margot Boulet, Erika Sauzeau.<\/p><p><strong>Badminton<\/strong><br \/>Hommes : Thomas Jakobs, Meril Loquette, Lucas Mazur, David Toupe.<\/p><p>Femmes : Lenaig Morin, Faustine Noel.<\/p><p><strong>Boccia<\/strong><br \/>Hommes : Rodrigue Brenek, Samir Van Der Beken.<br \/>Femme : Sonia Heckel.<\/p><p><strong>Cano\u00eb<\/strong><br \/>Hommes : R\u00e9my Boulle, Eddie Potdevin.<br \/>Femme : N\u00e9lia Barbosa.<\/p><p><strong>Cyclisme<\/strong><br \/>Hommes : Rapha\u00ebl Beaugillet (pilote : Fran\u00e7ois Pervis), Dorian Foulon, Florian Jouanny, Kevin Le Cunff, Alexandre Leaute, Alexandre Lloveras (pilote : Corentin Ermenault), Riadh Tarsim, Lo\u00efc Vergnaud.<br \/>Femmes : Katell Alen\u00e7on, Elise Marc, Marie Patouillet.<\/p><p><strong>Equitation<\/strong><br \/>Hommes : Vladimir Vinchon.<br \/>Femmes : C\u00e9line Gerny, Anne-Fr\u00e9d\u00e9rique Royon, Chiara Zenati.<\/p><p><strong>Escrime<\/strong><br \/>Hommes : Romain Noble, Yohan Peter, Damien Tokatlian, Maxime Valet.<\/p><p><strong>Football<\/strong><br \/>Hommes : Hakim Arezki, Alessandro Bartolomucci (gardien de but), Tidiane Diakite, Micka\u00ebl Miguez, Babacar Niang, Ga\u00ebl Rivi\u00e8re, J\u00e9r\u00e9my Sauffisseau (gardien de but), Fr\u00e9d\u00e9ric Villeroux, Yvan Wouandji, Khalifa Youme.<\/p>\t\t\t\t\t\t\t\t<\/div>\n\t\t\t\t<\/div>\n\t\t\t\t\t<\/div>\n\t\t<\/div>\n\t\t\t\t\t<\/div>\n\t\t<\/section>\n\t\t\t\t<section class=\"elementor-section elementor-top-section elementor-element elementor-element-feab26b elementor-section-boxed elementor-section-height-default elementor-section-height-default\" data-id=\"feab26b\" data-element_type=\"section\">\n\t\t\t\t\t\t<div class=\"elementor-container elementor-column-gap-default\">\n\t\t\t\t\t<div class=\"elementor-column elementor-col-100 elementor-top-column elementor-element elementor-element-8f0b2e1\" data-id=\"8f0b2e1\" data-element_type=\"column\">\n\t\t\t<div class=\"elementor-widget-wrap elementor-element-populated\">\n\t\t\t\t\t\t<div class=\"elementor-element elementor-element-1a5c94d elementor-widget elementor-widget-text-editor\" data-id=\"1a5c94d\" data-element_type=\"widget\" data-widget_type=\"text-editor.default\">\n\t\t\t\t<div class=\"elementor-widget-container\">\n\t\t\t\t\t\t\t\t\t<p><strong>Halt\u00e9rophilie<\/strong><br \/>Homme : Axel Bourlon.<br \/>Femme : Souhad Ghazouani.<\/p><p><strong>Judo<\/strong><br \/>Hommes : H\u00e9lios Latchoumanya, Nathan Petit.<br \/>Femme : Sandrine Martinet.<\/p><p><strong>Natation<\/strong><br \/>Hommes : Laurent Chardard, Ugo Didier, Nathan Maillet, Florent Marais, Alex Portal, David Smetanine.<br \/>Femmes : Emeline Pierre, Ana\u00eblle Roulet, Claire Supiot.<\/p><p><strong>Rugby<\/strong><br \/>Hommes : Adrien Chalmin, Christophe Corompt, Jordan Ducret, Jonathan Hiverna, Rodolphe Jarlan, Corentin Le Guen, Brice Maurel, C\u00e9dric Nankin, Christophe Salegui, Mathieu Thiriet, Nicolas Valentim, S\u00e9bastien Verdin.<\/p><p><strong>Taekwondo<\/strong><br \/>Homme : Bopha Kong.<br \/>Femme : Laura Schiel.<\/p><p><strong>Tennis<\/strong><br \/>Hommes : Fr\u00e9d\u00e9ric Cattaneo, St\u00e9phane Houdet, Ga\u00ebtan Menguy, Nicolas Peifer.<br \/>Femmes : Charlotte Fairbank, Emmanuelle Morch.<\/p><p><strong>Tennis de table<\/strong><br \/>Hommes : Cl\u00e9ment Berthier, Mat\u00e9o Boheas, Thomas Bouvais, Lucas Cr\u00e9ange, Gilles de La Bourdonnaye, Fabien Lamirault, Florian Merrien, St\u00e9phane Molliens, Nicolas Savant-Aira, Maxime Thomas.<br \/>Femmes : Anne Barn\u00e9oud, Thu Kamkasomphou, Isabelle Lafaye, L\u00e9a Ferney.<\/p><p><strong>Tir<\/strong><br \/>Hommes : David Auclair, Tanguy De La Forest, Vincent Fagnon, C\u00e9dric F\u00e8vre-Chevalier, K\u00e9vin Liot, Alain Quittet, Didier Richard, Christophe Tanche.<\/p><p><strong>Tir \u00e0 l&#8217;arc<\/strong><br \/>Hommes : Daniel Lelou, Eric Pereira, Guillaume Toucoullet.<br \/>Femme : Julie Chupin.<\/p><p><strong>Triathlon<\/strong><br \/>Hommes : Ahmed Andaloussi, Yannick Bourseaux, Alexis Hanquinquant, Alexandre Paviza, Antoine Perel (guide : Olivier Lyoen), Thibaut Rigaudeau (guide : Cyril Viennot).<br \/>Femmes : Annouck Curzillat (guide : C\u00e9line Bousrez), Mona Francis, Gwladys Lemoussu, C\u00e9cile Saboureau.<\/p>\t\t\t\t\t\t\t\t<\/div>\n\t\t\t\t<\/div>\n\t\t\t\t\t<\/div>\n\t\t<\/div>\n\t\t\t\t\t<\/div>\n\t\t<\/section>\n\t\t\t\t<section class=\"elementor-section elementor-top-section elementor-element elementor-element-07c7ec6 elementor-section-boxed elementor-section-height-default elementor-section-height-default\" data-id=\"07c7ec6\" data-element_type=\"section\">\n\t\t\t\t\t\t<div class=\"elementor-container elementor-column-gap-default\">\n\t\t\t\t\t<div class=\"elementor-column elementor-col-100 elementor-top-column elementor-element elementor-element-8d8ce60\" data-id=\"8d8ce60\" data-element_type=\"column\">\n\t\t\t<div class=\"elementor-widget-wrap elementor-element-populated\">\n\t\t\t\t\t\t<div class=\"elementor-element elementor-element-9139523 elementor-widget elementor-widget-image\" data-id=\"9139523\" data-element_type=\"widget\" data-widget_type=\"image.default\">\n\t\t\t\t<div class=\"elementor-widget-container\">\n\t\t\t\t\t\t\t\t\t\t\t\t\t\t\t<img fetchpriority=\"high\" decoding=\"async\" width=\"700\" height=\"534\" src=\"https:\/\/www.macapflag.com\/blog\/wp-content\/uploads\/2021\/08\/jeux-paralympiques-Tokyo-1.jpg\" class=\"attachment-large size-large wp-image-7800\" alt=\"Le logo des jeux paralympiques de Tokyo 2020 2021\" srcset=\"https:\/\/www.macapflag.com\/blog\/wp-content\/uploads\/2021\/08\/jeux-paralympiques-Tokyo-1.jpg 700w, https:\/\/www.macapflag.com\/blog\/wp-content\/uploads\/2021\/08\/jeux-paralympiques-Tokyo-1-300x229.jpg 300w\" sizes=\"(max-width: 700px) 100vw, 700px\" \/>\t\t\t\t\t\t\t\t\t\t\t\t\t\t\t<\/div>\n\t\t\t\t<\/div>\n\t\t\t\t\t<\/div>\n\t\t<\/div>\n\t\t\t\t\t<\/div>\n\t\t<\/section>\n\t\t\t\t<\/div>\n\t\t","protected":false},"excerpt":{"rendered":"<div class=\"tmnf_excerpt\"><p>Les Jeux Olympiques 2021 de Tokyo continuent ! Ils accueillent 4400 athl\u00e8tes paralympiens. 22 disciplines au programme avec pour la premi\u00e8re fois, le taekwondo et le badminton. La d\u00e9l\u00e9gation fran\u00e7aise compte dans ses rangs 138 athl\u00e8tes tricolores qui s\u2019engageront dans 19 disciplines. Sandrine Martinet de la F\u00e9d\u00e9ration Fran\u00e7aise de Judo et St\u00e9phane Houdet de la &hellip;<\/p>\n<\/div>","protected":false},"author":2,"featured_media":8545,"comment_status":"closed","ping_status":"open","sticky":false,"template":"template-fullwidth.php","format":"standard","meta":{"footnotes":""},"categories":[92],"tags":[],"class_list":["post-7795","post","type-post","status-publish","format-standard","has-post-thumbnail","hentry","category-news"],"yoast_head":"<!-- This site is optimized with the Yoast SEO plugin v26.4 - https:\/\/yoast.com\/wordpress\/plugins\/seo\/ -->\n<title>L&#039;\u00e9quipe de France aux Jeux Paralympiques de Tokyo 2021<\/title>\n<meta name=\"description\" content=\"Les JO de Tokyo 2021 continuent avec les Jeux paralympiques qui accueillent 4400 athl\u00e8tes dont 138 fran\u00e7ais\" \/>\n<meta name=\"robots\" content=\"index, follow, max-snippet:-1, max-image-preview:large, max-video-preview:-1\" \/>\n<link rel=\"canonical\" href=\"https:\/\/www.macapflag.com\/blog\/jeux-paralympiques\/\" \/>\n<meta property=\"og:locale\" content=\"fr_FR\" \/>\n<meta property=\"og:type\" content=\"article\" \/>\n<meta property=\"og:title\" content=\"L&#039;\u00e9quipe de France aux Jeux Paralympiques de Tokyo 2021\" \/>\n<meta property=\"og:description\" content=\"Les JO de Tokyo 2021 continuent avec les Jeux paralympiques qui accueillent 4400 athl\u00e8tes dont 138 fran\u00e7ais\" \/>\n<meta property=\"og:url\" content=\"https:\/\/www.macapflag.com\/blog\/jeux-paralympiques\/\" \/>\n<meta property=\"og:site_name\" content=\"Blog - Macap\" \/>\n<meta property=\"article:publisher\" content=\"https:\/\/www.facebook.com\/macap.pavoisement\/\" \/>\n<meta property=\"article:published_time\" content=\"2021-08-16T07:55:28+00:00\" \/>\n<meta property=\"article:modified_time\" content=\"2021-10-28T12:44:12+00:00\" \/>\n<meta property=\"og:image\" content=\"https:\/\/www.macapflag.com\/blog\/wp-content\/uploads\/2021\/08\/jeux-paralympiques-Tokyo-2.jpg\" \/>\n\t<meta property=\"og:image:width\" content=\"870\" \/>\n\t<meta property=\"og:image:height\" content=\"600\" \/>\n\t<meta property=\"og:image:type\" content=\"image\/jpeg\" \/>\n<meta name=\"author\" content=\"Blog Macap\" \/>\n<meta name=\"twitter:card\" content=\"summary_large_image\" \/>\n<meta name=\"twitter:label1\" content=\"\u00c9crit par\" \/>\n\t<meta name=\"twitter:data1\" content=\"Blog Macap\" \/>\n\t<meta name=\"twitter:label2\" content=\"Dur\u00e9e de lecture estim\u00e9e\" \/>\n\t<meta name=\"twitter:data2\" content=\"3 minutes\" \/>\n<script type=\"application\/ld+json\" class=\"yoast-schema-graph\">{\"@context\":\"https:\/\/schema.org\",\"@graph\":[{\"@type\":\"Article\",\"@id\":\"https:\/\/www.macapflag.com\/blog\/jeux-paralympiques\/#article\",\"isPartOf\":{\"@id\":\"https:\/\/www.macapflag.com\/blog\/jeux-paralympiques\/\"},\"author\":{\"name\":\"Blog Macap\",\"@id\":\"https:\/\/www.macapflag.com\/blog\/#\/schema\/person\/3fea701f2603875e651e6b662578fc3c\"},\"headline\":\"Du 24 ao\u00fbt au 5 septembre, 138 athl\u00e8tes fran\u00e7ais brilleront pour les Jeux Paralympiques de Tokyo\",\"datePublished\":\"2021-08-16T07:55:28+00:00\",\"dateModified\":\"2021-10-28T12:44:12+00:00\",\"mainEntityOfPage\":{\"@id\":\"https:\/\/www.macapflag.com\/blog\/jeux-paralympiques\/\"},\"wordCount\":532,\"publisher\":{\"@id\":\"https:\/\/www.macapflag.com\/blog\/#organization\"},\"image\":{\"@id\":\"https:\/\/www.macapflag.com\/blog\/jeux-paralympiques\/#primaryimage\"},\"thumbnailUrl\":\"https:\/\/www.macapflag.com\/blog\/wp-content\/uploads\/2021\/08\/jeux-paralympiques-Tokyo-2.jpg\",\"articleSection\":[\"News &amp; Actu\"],\"inLanguage\":\"fr-FR\"},{\"@type\":\"WebPage\",\"@id\":\"https:\/\/www.macapflag.com\/blog\/jeux-paralympiques\/\",\"url\":\"https:\/\/www.macapflag.com\/blog\/jeux-paralympiques\/\",\"name\":\"L'\u00e9quipe de France aux Jeux Paralympiques de Tokyo 2021\",\"isPartOf\":{\"@id\":\"https:\/\/www.macapflag.com\/blog\/#website\"},\"primaryImageOfPage\":{\"@id\":\"https:\/\/www.macapflag.com\/blog\/jeux-paralympiques\/#primaryimage\"},\"image\":{\"@id\":\"https:\/\/www.macapflag.com\/blog\/jeux-paralympiques\/#primaryimage\"},\"thumbnailUrl\":\"https:\/\/www.macapflag.com\/blog\/wp-content\/uploads\/2021\/08\/jeux-paralympiques-Tokyo-2.jpg\",\"datePublished\":\"2021-08-16T07:55:28+00:00\",\"dateModified\":\"2021-10-28T12:44:12+00:00\",\"description\":\"Les JO de Tokyo 2021 continuent avec les Jeux paralympiques qui accueillent 4400 athl\u00e8tes dont 138 fran\u00e7ais\",\"breadcrumb\":{\"@id\":\"https:\/\/www.macapflag.com\/blog\/jeux-paralympiques\/#breadcrumb\"},\"inLanguage\":\"fr-FR\",\"potentialAction\":[{\"@type\":\"ReadAction\",\"target\":[\"https:\/\/www.macapflag.com\/blog\/jeux-paralympiques\/\"]}]},{\"@type\":\"ImageObject\",\"inLanguage\":\"fr-FR\",\"@id\":\"https:\/\/www.macapflag.com\/blog\/jeux-paralympiques\/#primaryimage\",\"url\":\"https:\/\/www.macapflag.com\/blog\/wp-content\/uploads\/2021\/08\/jeux-paralympiques-Tokyo-2.jpg\",\"contentUrl\":\"https:\/\/www.macapflag.com\/blog\/wp-content\/uploads\/2021\/08\/jeux-paralympiques-Tokyo-2.jpg\",\"width\":870,\"height\":600,\"caption\":\"Tout savoir sur les jeux paralympiques de Tokyo\"},{\"@type\":\"BreadcrumbList\",\"@id\":\"https:\/\/www.macapflag.com\/blog\/jeux-paralympiques\/#breadcrumb\",\"itemListElement\":[{\"@type\":\"ListItem\",\"position\":1,\"name\":\"Accueil\",\"item\":\"https:\/\/www.macapflag.com\/blog\/\"},{\"@type\":\"ListItem\",\"position\":2,\"name\":\"Du 24 ao\u00fbt au 5 septembre, 138 athl\u00e8tes fran\u00e7ais brilleront pour les Jeux Paralympiques de Tokyo\"}]},{\"@type\":\"WebSite\",\"@id\":\"https:\/\/www.macapflag.com\/blog\/#website\",\"url\":\"https:\/\/www.macapflag.com\/blog\/\",\"name\":\"Blog - Macap\",\"description\":\"Tous nos articles\",\"publisher\":{\"@id\":\"https:\/\/www.macapflag.com\/blog\/#organization\"},\"potentialAction\":[{\"@type\":\"SearchAction\",\"target\":{\"@type\":\"EntryPoint\",\"urlTemplate\":\"https:\/\/www.macapflag.com\/blog\/?s={search_term_string}\"},\"query-input\":{\"@type\":\"PropertyValueSpecification\",\"valueRequired\":true,\"valueName\":\"search_term_string\"}}],\"inLanguage\":\"fr-FR\"},{\"@type\":\"Organization\",\"@id\":\"https:\/\/www.macapflag.com\/blog\/#organization\",\"name\":\"macapflag\",\"url\":\"https:\/\/www.macapflag.com\/blog\/\",\"logo\":{\"@type\":\"ImageObject\",\"inLanguage\":\"fr-FR\",\"@id\":\"https:\/\/www.macapflag.com\/blog\/#\/schema\/logo\/image\/\",\"url\":\"https:\/\/www.macapflag.com\/blog\/wp-content\/uploads\/2020\/12\/cropped-M-512-1.png\",\"contentUrl\":\"https:\/\/www.macapflag.com\/blog\/wp-content\/uploads\/2020\/12\/cropped-M-512-1.png\",\"width\":512,\"height\":512,\"caption\":\"macapflag\"},\"image\":{\"@id\":\"https:\/\/www.macapflag.com\/blog\/#\/schema\/logo\/image\/\"},\"sameAs\":[\"https:\/\/www.facebook.com\/macap.pavoisement\/\",\"https:\/\/www.instagram.com\/macapflag\/?hl=fr\",\"https:\/\/www.linkedin.com\/company\/macap\/?originalSubdomain=fr\",\"https:\/\/www.youtube.com\/channel\/UCXNzTIdZh9poEBjSXEqDtNw\"]},{\"@type\":\"Person\",\"@id\":\"https:\/\/www.macapflag.com\/blog\/#\/schema\/person\/3fea701f2603875e651e6b662578fc3c\",\"name\":\"Blog Macap\",\"image\":{\"@type\":\"ImageObject\",\"inLanguage\":\"fr-FR\",\"@id\":\"https:\/\/www.macapflag.com\/blog\/#\/schema\/person\/image\/\",\"url\":\"https:\/\/secure.gravatar.com\/avatar\/c12551f2dc51f0db049633b03e7856985477a70da834cc8967dea4ce54bdd6a2?s=96&d=mm&r=g\",\"contentUrl\":\"https:\/\/secure.gravatar.com\/avatar\/c12551f2dc51f0db049633b03e7856985477a70da834cc8967dea4ce54bdd6a2?s=96&d=mm&r=g\",\"caption\":\"Blog Macap\"},\"url\":\"https:\/\/www.macapflag.com\/blog\/author\/macap\/\"}]}<\/script>\n<!-- \/ Yoast SEO plugin. -->","yoast_head_json":{"title":"L'\u00e9quipe de France aux Jeux Paralympiques de Tokyo 2021","description":"Les JO de Tokyo 2021 continuent avec les Jeux paralympiques qui accueillent 4400 athl\u00e8tes dont 138 fran\u00e7ais","robots":{"index":"index","follow":"follow","max-snippet":"max-snippet:-1","max-image-preview":"max-image-preview:large","max-video-preview":"max-video-preview:-1"},"canonical":"https:\/\/www.macapflag.com\/blog\/jeux-paralympiques\/","og_locale":"fr_FR","og_type":"article","og_title":"L'\u00e9quipe de France aux Jeux Paralympiques de Tokyo 2021","og_description":"Les JO de Tokyo 2021 continuent avec les Jeux paralympiques qui accueillent 4400 athl\u00e8tes dont 138 fran\u00e7ais","og_url":"https:\/\/www.macapflag.com\/blog\/jeux-paralympiques\/","og_site_name":"Blog - Macap","article_publisher":"https:\/\/www.facebook.com\/macap.pavoisement\/","article_published_time":"2021-08-16T07:55:28+00:00","article_modified_time":"2021-10-28T12:44:12+00:00","og_image":[{"width":870,"height":600,"url":"https:\/\/www.macapflag.com\/blog\/wp-content\/uploads\/2021\/08\/jeux-paralympiques-Tokyo-2.jpg","type":"image\/jpeg"}],"author":"Blog Macap","twitter_card":"summary_large_image","twitter_misc":{"\u00c9crit par":"Blog Macap","Dur\u00e9e de lecture estim\u00e9e":"3 minutes"},"schema":{"@context":"https:\/\/schema.org","@graph":[{"@type":"Article","@id":"https:\/\/www.macapflag.com\/blog\/jeux-paralympiques\/#article","isPartOf":{"@id":"https:\/\/www.macapflag.com\/blog\/jeux-paralympiques\/"},"author":{"name":"Blog Macap","@id":"https:\/\/www.macapflag.com\/blog\/#\/schema\/person\/3fea701f2603875e651e6b662578fc3c"},"headline":"Du 24 ao\u00fbt au 5 septembre, 138 athl\u00e8tes fran\u00e7ais brilleront pour les Jeux Paralympiques de Tokyo","datePublished":"2021-08-16T07:55:28+00:00","dateModified":"2021-10-28T12:44:12+00:00","mainEntityOfPage":{"@id":"https:\/\/www.macapflag.com\/blog\/jeux-paralympiques\/"},"wordCount":532,"publisher":{"@id":"https:\/\/www.macapflag.com\/blog\/#organization"},"image":{"@id":"https:\/\/www.macapflag.com\/blog\/jeux-paralympiques\/#primaryimage"},"thumbnailUrl":"https:\/\/www.macapflag.com\/blog\/wp-content\/uploads\/2021\/08\/jeux-paralympiques-Tokyo-2.jpg","articleSection":["News &amp; Actu"],"inLanguage":"fr-FR"},{"@type":"WebPage","@id":"https:\/\/www.macapflag.com\/blog\/jeux-paralympiques\/","url":"https:\/\/www.macapflag.com\/blog\/jeux-paralympiques\/","name":"L'\u00e9quipe de France aux Jeux Paralympiques de Tokyo 2021","isPartOf":{"@id":"https:\/\/www.macapflag.com\/blog\/#website"},"primaryImageOfPage":{"@id":"https:\/\/www.macapflag.com\/blog\/jeux-paralympiques\/#primaryimage"},"image":{"@id":"https:\/\/www.macapflag.com\/blog\/jeux-paralympiques\/#primaryimage"},"thumbnailUrl":"https:\/\/www.macapflag.com\/blog\/wp-content\/uploads\/2021\/08\/jeux-paralympiques-Tokyo-2.jpg","datePublished":"2021-08-16T07:55:28+00:00","dateModified":"2021-10-28T12:44:12+00:00","description":"Les JO de Tokyo 2021 continuent avec les Jeux paralympiques qui accueillent 4400 athl\u00e8tes dont 138 fran\u00e7ais","breadcrumb":{"@id":"https:\/\/www.macapflag.com\/blog\/jeux-paralympiques\/#breadcrumb"},"inLanguage":"fr-FR","potentialAction":[{"@type":"ReadAction","target":["https:\/\/www.macapflag.com\/blog\/jeux-paralympiques\/"]}]},{"@type":"ImageObject","inLanguage":"fr-FR","@id":"https:\/\/www.macapflag.com\/blog\/jeux-paralympiques\/#primaryimage","url":"https:\/\/www.macapflag.com\/blog\/wp-content\/uploads\/2021\/08\/jeux-paralympiques-Tokyo-2.jpg","contentUrl":"https:\/\/www.macapflag.com\/blog\/wp-content\/uploads\/2021\/08\/jeux-paralympiques-Tokyo-2.jpg","width":870,"height":600,"caption":"Tout savoir sur les jeux paralympiques de Tokyo"},{"@type":"BreadcrumbList","@id":"https:\/\/www.macapflag.com\/blog\/jeux-paralympiques\/#breadcrumb","itemListElement":[{"@type":"ListItem","position":1,"name":"Accueil","item":"https:\/\/www.macapflag.com\/blog\/"},{"@type":"ListItem","position":2,"name":"Du 24 ao\u00fbt au 5 septembre, 138 athl\u00e8tes fran\u00e7ais brilleront pour les Jeux Paralympiques de Tokyo"}]},{"@type":"WebSite","@id":"https:\/\/www.macapflag.com\/blog\/#website","url":"https:\/\/www.macapflag.com\/blog\/","name":"Blog - Macap","description":"Tous nos articles","publisher":{"@id":"https:\/\/www.macapflag.com\/blog\/#organization"},"potentialAction":[{"@type":"SearchAction","target":{"@type":"EntryPoint","urlTemplate":"https:\/\/www.macapflag.com\/blog\/?s={search_term_string}"},"query-input":{"@type":"PropertyValueSpecification","valueRequired":true,"valueName":"search_term_string"}}],"inLanguage":"fr-FR"},{"@type":"Organization","@id":"https:\/\/www.macapflag.com\/blog\/#organization","name":"macapflag","url":"https:\/\/www.macapflag.com\/blog\/","logo":{"@type":"ImageObject","inLanguage":"fr-FR","@id":"https:\/\/www.macapflag.com\/blog\/#\/schema\/logo\/image\/","url":"https:\/\/www.macapflag.com\/blog\/wp-content\/uploads\/2020\/12\/cropped-M-512-1.png","contentUrl":"https:\/\/www.macapflag.com\/blog\/wp-content\/uploads\/2020\/12\/cropped-M-512-1.png","width":512,"height":512,"caption":"macapflag"},"image":{"@id":"https:\/\/www.macapflag.com\/blog\/#\/schema\/logo\/image\/"},"sameAs":["https:\/\/www.facebook.com\/macap.pavoisement\/","https:\/\/www.instagram.com\/macapflag\/?hl=fr","https:\/\/www.linkedin.com\/company\/macap\/?originalSubdomain=fr","https:\/\/www.youtube.com\/channel\/UCXNzTIdZh9poEBjSXEqDtNw"]},{"@type":"Person","@id":"https:\/\/www.macapflag.com\/blog\/#\/schema\/person\/3fea701f2603875e651e6b662578fc3c","name":"Blog Macap","image":{"@type":"ImageObject","inLanguage":"fr-FR","@id":"https:\/\/www.macapflag.com\/blog\/#\/schema\/person\/image\/","url":"https:\/\/secure.gravatar.com\/avatar\/c12551f2dc51f0db049633b03e7856985477a70da834cc8967dea4ce54bdd6a2?s=96&d=mm&r=g","contentUrl":"https:\/\/secure.gravatar.com\/avatar\/c12551f2dc51f0db049633b03e7856985477a70da834cc8967dea4ce54bdd6a2?s=96&d=mm&r=g","caption":"Blog Macap"},"url":"https:\/\/www.macapflag.com\/blog\/author\/macap\/"}]}},"_links":{"self":[{"href":"https:\/\/www.macapflag.com\/blog\/wp-json\/wp\/v2\/posts\/7795","targetHints":{"allow":["GET"]}}],"collection":[{"href":"https:\/\/www.macapflag.com\/blog\/wp-json\/wp\/v2\/posts"}],"about":[{"href":"https:\/\/www.macapflag.com\/blog\/wp-json\/wp\/v2\/types\/post"}],"author":[{"embeddable":true,"href":"https:\/\/www.macapflag.com\/blog\/wp-json\/wp\/v2\/users\/2"}],"replies":[{"embeddable":true,"href":"https:\/\/www.macapflag.com\/blog\/wp-json\/wp\/v2\/comments?post=7795"}],"version-history":[{"count":27,"href":"https:\/\/www.macapflag.com\/blog\/wp-json\/wp\/v2\/posts\/7795\/revisions"}],"predecessor-version":[{"id":8447,"href":"https:\/\/www.macapflag.com\/blog\/wp-json\/wp\/v2\/posts\/7795\/revisions\/8447"}],"wp:featuredmedia":[{"embeddable":true,"href":"https:\/\/www.macapflag.com\/blog\/wp-json\/wp\/v2\/media\/8545"}],"wp:attachment":[{"href":"https:\/\/www.macapflag.com\/blog\/wp-json\/wp\/v2\/media?parent=7795"}],"wp:term":[{"taxonomy":"category","embeddable":true,"href":"https:\/\/www.macapflag.com\/blog\/wp-json\/wp\/v2\/categories?post=7795"},{"taxonomy":"post_tag","embeddable":true,"href":"https:\/\/www.macapflag.com\/blog\/wp-json\/wp\/v2\/tags?post=7795"}],"curies":[{"name":"wp","href":"https:\/\/api.w.org\/{rel}","templated":true}]}}