{"id":7878,"date":"2021-09-13T08:53:26","date_gmt":"2021-09-13T06:53:26","guid":{"rendered":"https:\/\/www.macapflag.com\/blog\/?p=7878"},"modified":"2021-09-13T08:58:26","modified_gmt":"2021-09-13T06:58:26","slug":"lorraine","status":"publish","type":"post","link":"https:\/\/www.macapflag.com\/blog\/lorraine\/","title":{"rendered":"Les ambassadeurs parachutistes de l&#8217;arm\u00e9e de l&#8217;air et de l&#8217;espace"},"content":{"rendered":"\t\t<div data-elementor-type=\"wp-post\" data-elementor-id=\"7878\" class=\"elementor elementor-7878\">\n\t\t\t\t\t\t<section class=\"elementor-section elementor-top-section elementor-element elementor-element-66b8e25 elementor-section-boxed elementor-section-height-default elementor-section-height-default\" data-id=\"66b8e25\" data-element_type=\"section\">\n\t\t\t\t\t\t<div class=\"elementor-container elementor-column-gap-default\">\n\t\t\t\t\t<div class=\"elementor-column elementor-col-100 elementor-top-column elementor-element elementor-element-89adc9b\" data-id=\"89adc9b\" data-element_type=\"column\">\n\t\t\t<div class=\"elementor-widget-wrap elementor-element-populated\">\n\t\t\t\t\t\t<div class=\"elementor-element elementor-element-43f5ed5 elementor-widget elementor-widget-text-editor\" data-id=\"43f5ed5\" data-element_type=\"widget\" data-widget_type=\"text-editor.default\">\n\t\t\t\t<div class=\"elementor-widget-container\">\n\t\t\t\t\t\t\t\t\t<p>Pour c\u00e9l\u00e9brer le 80\u00e8me anniversaire de l\u2019escadron de chasse EC 3\/30 Lorraine, les ambassadeurs parachutistes de l\u2019arm\u00e9e de l\u2019air et de l\u2019espace ont confi\u00e9 \u00e0 <a href=\"https:\/\/www.macapflag.com\/\"><span style=\"color: #3366ff;\"><strong>Macap<\/strong><\/span><\/a> la fabrication d\u2019un drapeau aux couleurs du blason lorrain.<\/p>\t\t\t\t\t\t\t\t<\/div>\n\t\t\t\t<\/div>\n\t\t\t\t\t<\/div>\n\t\t<\/div>\n\t\t\t\t\t<\/div>\n\t\t<\/section>\n\t\t\t\t<section class=\"elementor-section elementor-top-section elementor-element elementor-element-21068b2 elementor-section-boxed elementor-section-height-default elementor-section-height-default\" data-id=\"21068b2\" data-element_type=\"section\">\n\t\t\t\t\t\t<div class=\"elementor-container elementor-column-gap-default\">\n\t\t\t\t\t<div class=\"elementor-column elementor-col-100 elementor-top-column elementor-element elementor-element-6ebe95e\" data-id=\"6ebe95e\" data-element_type=\"column\">\n\t\t\t<div class=\"elementor-widget-wrap elementor-element-populated\">\n\t\t\t\t\t\t<div class=\"elementor-element elementor-element-aa1d85c elementor-widget elementor-widget-image\" data-id=\"aa1d85c\" data-element_type=\"widget\" data-widget_type=\"image.default\">\n\t\t\t\t<div class=\"elementor-widget-container\">\n\t\t\t\t\t\t\t\t\t\t\t\t<figure class=\"wp-caption\">\n\t\t\t\t\t\t\t\t\t\t<img fetchpriority=\"high\" decoding=\"async\" width=\"700\" height=\"534\" src=\"https:\/\/www.macapflag.com\/blog\/wp-content\/uploads\/2021\/09\/drapeau-personnalise-lorraine.jpg\" class=\"attachment-large size-large wp-image-7882\" alt=\"drapeau du blason de la Lorraine\" srcset=\"https:\/\/www.macapflag.com\/blog\/wp-content\/uploads\/2021\/09\/drapeau-personnalise-lorraine.jpg 700w, https:\/\/www.macapflag.com\/blog\/wp-content\/uploads\/2021\/09\/drapeau-personnalise-lorraine-300x229.jpg 300w\" sizes=\"(max-width: 700px) 100vw, 700px\" \/>\t\t\t\t\t\t\t\t\t\t\t<figcaption class=\"widget-image-caption wp-caption-text\">Le drapeau personnalis\u00e9 aux couleurs du blason lorrain avant son envol<\/figcaption>\n\t\t\t\t\t\t\t\t\t\t<\/figure>\n\t\t\t\t\t\t\t\t\t<\/div>\n\t\t\t\t<\/div>\n\t\t\t\t\t<\/div>\n\t\t<\/div>\n\t\t\t\t\t<\/div>\n\t\t<\/section>\n\t\t\t\t<section class=\"elementor-section elementor-top-section elementor-element elementor-element-f32881d elementor-section-boxed elementor-section-height-default elementor-section-height-default\" data-id=\"f32881d\" data-element_type=\"section\">\n\t\t\t\t\t\t<div class=\"elementor-container elementor-column-gap-default\">\n\t\t\t\t\t<div class=\"elementor-column elementor-col-100 elementor-top-column elementor-element elementor-element-1447801\" data-id=\"1447801\" data-element_type=\"column\">\n\t\t\t<div class=\"elementor-widget-wrap elementor-element-populated\">\n\t\t\t\t\t\t<div class=\"elementor-element elementor-element-8a01b4d elementor-widget elementor-widget-text-editor\" data-id=\"8a01b4d\" data-element_type=\"widget\" data-widget_type=\"text-editor.default\">\n\t\t\t\t<div class=\"elementor-widget-container\">\n\t\t\t\t\t\t\t\t\t<p>Fabriqu\u00e9 en textile polyester 110 g\/m\u00b2, le drapeau mesure 2.50 x 3 m\u00e8tres. Il a \u00e9t\u00e9 dot\u00e9 d\u2019une sangle de renfort, de 4 \u0153illets et d\u2019un contrepoids pour r\u00e9pondre aux sp\u00e9cificit\u00e9s de son utilisation.<\/p><p>Tout au long de l\u2019ann\u00e9e, ce <a href=\"https:\/\/www.macapflag.com\/53-drapeau-personnalise\"><span style=\"color: #3366ff;\"><strong>drapeau personnalis\u00e9<\/strong><\/span><\/a> grand format flottera dans les airs \u00e0 l&#8217;occasion de sauts de repr\u00e9sentation effectu\u00e9s partout en France.<\/p>\t\t\t\t\t\t\t\t<\/div>\n\t\t\t\t<\/div>\n\t\t\t\t\t<\/div>\n\t\t<\/div>\n\t\t\t\t\t<\/div>\n\t\t<\/section>\n\t\t\t\t<section class=\"elementor-section elementor-top-section elementor-element elementor-element-062d553 elementor-section-boxed elementor-section-height-default elementor-section-height-default\" data-id=\"062d553\" data-element_type=\"section\">\n\t\t\t\t\t\t<div class=\"elementor-container elementor-column-gap-default\">\n\t\t\t\t\t<div class=\"elementor-column elementor-col-100 elementor-top-column elementor-element elementor-element-b5c6da7\" data-id=\"b5c6da7\" data-element_type=\"column\">\n\t\t\t<div class=\"elementor-widget-wrap elementor-element-populated\">\n\t\t\t\t\t\t<div class=\"elementor-element elementor-element-96e5f84 elementor-widget elementor-widget-image\" data-id=\"96e5f84\" data-element_type=\"widget\" data-widget_type=\"image.default\">\n\t\t\t\t<div class=\"elementor-widget-container\">\n\t\t\t\t\t\t\t\t\t\t\t\t<figure class=\"wp-caption\">\n\t\t\t\t\t\t\t\t\t\t<img decoding=\"async\" width=\"700\" height=\"534\" src=\"https:\/\/www.macapflag.com\/blog\/wp-content\/uploads\/2021\/09\/drapeau-pour-saut-parachute.jpg\" class=\"attachment-large size-large wp-image-7883\" alt=\"Drapeau personnalis\u00e9 de la Lorraine\" srcset=\"https:\/\/www.macapflag.com\/blog\/wp-content\/uploads\/2021\/09\/drapeau-pour-saut-parachute.jpg 700w, https:\/\/www.macapflag.com\/blog\/wp-content\/uploads\/2021\/09\/drapeau-pour-saut-parachute-300x229.jpg 300w\" sizes=\"(max-width: 700px) 100vw, 700px\" \/>\t\t\t\t\t\t\t\t\t\t\t<figcaption class=\"widget-image-caption wp-caption-text\">Le m\u00eame drapeau lors d'un saut de repr\u00e9sentation<\/figcaption>\n\t\t\t\t\t\t\t\t\t\t<\/figure>\n\t\t\t\t\t\t\t\t\t<\/div>\n\t\t\t\t<\/div>\n\t\t\t\t\t<\/div>\n\t\t<\/div>\n\t\t\t\t\t<\/div>\n\t\t<\/section>\n\t\t\t\t<section class=\"elementor-section elementor-top-section elementor-element elementor-element-05a605b elementor-section-boxed elementor-section-height-default elementor-section-height-default\" data-id=\"05a605b\" data-element_type=\"section\">\n\t\t\t\t\t\t<div class=\"elementor-container elementor-column-gap-default\">\n\t\t\t\t\t<div class=\"elementor-column elementor-col-100 elementor-top-column elementor-element elementor-element-5bce802\" data-id=\"5bce802\" data-element_type=\"column\">\n\t\t\t<div class=\"elementor-widget-wrap elementor-element-populated\">\n\t\t\t\t\t\t<div class=\"elementor-element elementor-element-24528e9 elementor-widget elementor-widget-image\" data-id=\"24528e9\" data-element_type=\"widget\" data-widget_type=\"image.default\">\n\t\t\t\t<div class=\"elementor-widget-container\">\n\t\t\t\t\t\t\t\t\t\t\t\t\t\t\t<img decoding=\"async\" width=\"870\" height=\"600\" src=\"https:\/\/www.macapflag.com\/blog\/wp-content\/uploads\/2021\/09\/drapeau-personnalise-grand-format.jpg\" class=\"attachment-large size-large wp-image-7884\" alt=\"Le drapeau grand format de la Lorraine\" srcset=\"https:\/\/www.macapflag.com\/blog\/wp-content\/uploads\/2021\/09\/drapeau-personnalise-grand-format.jpg 870w, https:\/\/www.macapflag.com\/blog\/wp-content\/uploads\/2021\/09\/drapeau-personnalise-grand-format-300x207.jpg 300w, https:\/\/www.macapflag.com\/blog\/wp-content\/uploads\/2021\/09\/drapeau-personnalise-grand-format-768x530.jpg 768w\" sizes=\"(max-width: 870px) 100vw, 870px\" \/>\t\t\t\t\t\t\t\t\t\t\t\t\t\t\t<\/div>\n\t\t\t\t<\/div>\n\t\t\t\t\t<\/div>\n\t\t<\/div>\n\t\t\t\t\t<\/div>\n\t\t<\/section>\n\t\t\t\t<\/div>\n\t\t","protected":false},"excerpt":{"rendered":"<div class=\"tmnf_excerpt\"><p>Pour c\u00e9l\u00e9brer le 80\u00e8me anniversaire de l\u2019escadron de chasse EC 3\/30 Lorraine, les ambassadeurs parachutistes de l\u2019arm\u00e9e de l\u2019air et de l\u2019espace ont confi\u00e9 \u00e0 Macap la fabrication d\u2019un drapeau aux couleurs du blason lorrain. Le drapeau personnalis\u00e9 aux couleurs du blason lorrain avant son envol Fabriqu\u00e9 en textile polyester 110 g\/m\u00b2, le drapeau mesure &hellip;<\/p>\n<\/div>","protected":false},"author":2,"featured_media":7880,"comment_status":"closed","ping_status":"open","sticky":false,"template":"template-fullwidth.php","format":"standard","meta":{"footnotes":""},"categories":[92],"tags":[],"class_list":["post-7878","post","type-post","status-publish","format-standard","has-post-thumbnail","hentry","category-news"],"yoast_head":"<!-- This site is optimized with the Yoast SEO plugin v26.4 - https:\/\/yoast.com\/wordpress\/plugins\/seo\/ -->\n<title>Un drapeau de la Lorraine pour l&#039;escadron de chasse EC 3\/30 Lorraine<\/title>\n<meta name=\"description\" content=\"C&#039;est un drapeau de la Lorraine qui a \u00e9t\u00e9 fabriqu\u00e9 par Macap pour les ambassadeurs parachutistes de l\u2019arm\u00e9e de l\u2019air et de l\u2019espace\" \/>\n<meta name=\"robots\" content=\"index, follow, max-snippet:-1, max-image-preview:large, max-video-preview:-1\" \/>\n<link rel=\"canonical\" href=\"https:\/\/www.macapflag.com\/blog\/lorraine\/\" \/>\n<meta property=\"og:locale\" content=\"fr_FR\" \/>\n<meta property=\"og:type\" content=\"article\" \/>\n<meta property=\"og:title\" content=\"Un drapeau de la Lorraine pour l&#039;escadron de chasse EC 3\/30 Lorraine\" \/>\n<meta property=\"og:description\" content=\"C&#039;est un drapeau de la Lorraine qui a \u00e9t\u00e9 fabriqu\u00e9 par Macap pour les ambassadeurs parachutistes de l\u2019arm\u00e9e de l\u2019air et de l\u2019espace\" \/>\n<meta property=\"og:url\" content=\"https:\/\/www.macapflag.com\/blog\/lorraine\/\" \/>\n<meta property=\"og:site_name\" content=\"Blog - Macap\" \/>\n<meta property=\"article:publisher\" content=\"https:\/\/www.facebook.com\/macap.pavoisement\/\" \/>\n<meta property=\"article:published_time\" content=\"2021-09-13T06:53:26+00:00\" \/>\n<meta property=\"article:modified_time\" content=\"2021-09-13T06:58:26+00:00\" \/>\n<meta property=\"og:image\" content=\"https:\/\/www.macapflag.com\/blog\/wp-content\/uploads\/2021\/09\/ils-nous-font-confiance-TITRE.jpg\" \/>\n\t<meta property=\"og:image:width\" content=\"870\" \/>\n\t<meta property=\"og:image:height\" content=\"601\" \/>\n\t<meta property=\"og:image:type\" content=\"image\/jpeg\" \/>\n<meta name=\"author\" content=\"Blog Macap\" \/>\n<meta name=\"twitter:card\" content=\"summary_large_image\" \/>\n<meta name=\"twitter:label1\" content=\"\u00c9crit par\" \/>\n\t<meta name=\"twitter:data1\" content=\"Blog Macap\" \/>\n\t<meta name=\"twitter:label2\" content=\"Dur\u00e9e de lecture estim\u00e9e\" \/>\n\t<meta name=\"twitter:data2\" content=\"2 minutes\" \/>\n<script type=\"application\/ld+json\" class=\"yoast-schema-graph\">{\"@context\":\"https:\/\/schema.org\",\"@graph\":[{\"@type\":\"Article\",\"@id\":\"https:\/\/www.macapflag.com\/blog\/lorraine\/#article\",\"isPartOf\":{\"@id\":\"https:\/\/www.macapflag.com\/blog\/lorraine\/\"},\"author\":{\"name\":\"Blog Macap\",\"@id\":\"https:\/\/www.macapflag.com\/blog\/#\/schema\/person\/3fea701f2603875e651e6b662578fc3c\"},\"headline\":\"Les ambassadeurs parachutistes de l&#8217;arm\u00e9e de l&#8217;air et de l&#8217;espace\",\"datePublished\":\"2021-09-13T06:53:26+00:00\",\"dateModified\":\"2021-09-13T06:58:26+00:00\",\"mainEntityOfPage\":{\"@id\":\"https:\/\/www.macapflag.com\/blog\/lorraine\/\"},\"wordCount\":137,\"publisher\":{\"@id\":\"https:\/\/www.macapflag.com\/blog\/#organization\"},\"image\":{\"@id\":\"https:\/\/www.macapflag.com\/blog\/lorraine\/#primaryimage\"},\"thumbnailUrl\":\"https:\/\/www.macapflag.com\/blog\/wp-content\/uploads\/2021\/09\/ils-nous-font-confiance-TITRE.jpg\",\"articleSection\":[\"News &amp; Actu\"],\"inLanguage\":\"fr-FR\"},{\"@type\":\"WebPage\",\"@id\":\"https:\/\/www.macapflag.com\/blog\/lorraine\/\",\"url\":\"https:\/\/www.macapflag.com\/blog\/lorraine\/\",\"name\":\"Un drapeau de la Lorraine pour l'escadron de chasse EC 3\/30 Lorraine\",\"isPartOf\":{\"@id\":\"https:\/\/www.macapflag.com\/blog\/#website\"},\"primaryImageOfPage\":{\"@id\":\"https:\/\/www.macapflag.com\/blog\/lorraine\/#primaryimage\"},\"image\":{\"@id\":\"https:\/\/www.macapflag.com\/blog\/lorraine\/#primaryimage\"},\"thumbnailUrl\":\"https:\/\/www.macapflag.com\/blog\/wp-content\/uploads\/2021\/09\/ils-nous-font-confiance-TITRE.jpg\",\"datePublished\":\"2021-09-13T06:53:26+00:00\",\"dateModified\":\"2021-09-13T06:58:26+00:00\",\"description\":\"C'est un drapeau de la Lorraine qui a \u00e9t\u00e9 fabriqu\u00e9 par Macap pour les ambassadeurs parachutistes de l\u2019arm\u00e9e de l\u2019air et de l\u2019espace\",\"breadcrumb\":{\"@id\":\"https:\/\/www.macapflag.com\/blog\/lorraine\/#breadcrumb\"},\"inLanguage\":\"fr-FR\",\"potentialAction\":[{\"@type\":\"ReadAction\",\"target\":[\"https:\/\/www.macapflag.com\/blog\/lorraine\/\"]}]},{\"@type\":\"ImageObject\",\"inLanguage\":\"fr-FR\",\"@id\":\"https:\/\/www.macapflag.com\/blog\/lorraine\/#primaryimage\",\"url\":\"https:\/\/www.macapflag.com\/blog\/wp-content\/uploads\/2021\/09\/ils-nous-font-confiance-TITRE.jpg\",\"contentUrl\":\"https:\/\/www.macapflag.com\/blog\/wp-content\/uploads\/2021\/09\/ils-nous-font-confiance-TITRE.jpg\",\"width\":870,\"height\":601,\"caption\":\"Le groupe automobile Lombardot\"},{\"@type\":\"BreadcrumbList\",\"@id\":\"https:\/\/www.macapflag.com\/blog\/lorraine\/#breadcrumb\",\"itemListElement\":[{\"@type\":\"ListItem\",\"position\":1,\"name\":\"Accueil\",\"item\":\"https:\/\/www.macapflag.com\/blog\/\"},{\"@type\":\"ListItem\",\"position\":2,\"name\":\"Les ambassadeurs parachutistes de l&#8217;arm\u00e9e de l&#8217;air et de l&#8217;espace\"}]},{\"@type\":\"WebSite\",\"@id\":\"https:\/\/www.macapflag.com\/blog\/#website\",\"url\":\"https:\/\/www.macapflag.com\/blog\/\",\"name\":\"Blog - Macap\",\"description\":\"Tous nos articles\",\"publisher\":{\"@id\":\"https:\/\/www.macapflag.com\/blog\/#organization\"},\"potentialAction\":[{\"@type\":\"SearchAction\",\"target\":{\"@type\":\"EntryPoint\",\"urlTemplate\":\"https:\/\/www.macapflag.com\/blog\/?s={search_term_string}\"},\"query-input\":{\"@type\":\"PropertyValueSpecification\",\"valueRequired\":true,\"valueName\":\"search_term_string\"}}],\"inLanguage\":\"fr-FR\"},{\"@type\":\"Organization\",\"@id\":\"https:\/\/www.macapflag.com\/blog\/#organization\",\"name\":\"macapflag\",\"url\":\"https:\/\/www.macapflag.com\/blog\/\",\"logo\":{\"@type\":\"ImageObject\",\"inLanguage\":\"fr-FR\",\"@id\":\"https:\/\/www.macapflag.com\/blog\/#\/schema\/logo\/image\/\",\"url\":\"https:\/\/www.macapflag.com\/blog\/wp-content\/uploads\/2020\/12\/cropped-M-512-1.png\",\"contentUrl\":\"https:\/\/www.macapflag.com\/blog\/wp-content\/uploads\/2020\/12\/cropped-M-512-1.png\",\"width\":512,\"height\":512,\"caption\":\"macapflag\"},\"image\":{\"@id\":\"https:\/\/www.macapflag.com\/blog\/#\/schema\/logo\/image\/\"},\"sameAs\":[\"https:\/\/www.facebook.com\/macap.pavoisement\/\",\"https:\/\/www.instagram.com\/macapflag\/?hl=fr\",\"https:\/\/www.linkedin.com\/company\/macap\/?originalSubdomain=fr\",\"https:\/\/www.youtube.com\/channel\/UCXNzTIdZh9poEBjSXEqDtNw\"]},{\"@type\":\"Person\",\"@id\":\"https:\/\/www.macapflag.com\/blog\/#\/schema\/person\/3fea701f2603875e651e6b662578fc3c\",\"name\":\"Blog Macap\",\"image\":{\"@type\":\"ImageObject\",\"inLanguage\":\"fr-FR\",\"@id\":\"https:\/\/www.macapflag.com\/blog\/#\/schema\/person\/image\/\",\"url\":\"https:\/\/secure.gravatar.com\/avatar\/c12551f2dc51f0db049633b03e7856985477a70da834cc8967dea4ce54bdd6a2?s=96&d=mm&r=g\",\"contentUrl\":\"https:\/\/secure.gravatar.com\/avatar\/c12551f2dc51f0db049633b03e7856985477a70da834cc8967dea4ce54bdd6a2?s=96&d=mm&r=g\",\"caption\":\"Blog Macap\"},\"url\":\"https:\/\/www.macapflag.com\/blog\/author\/macap\/\"}]}<\/script>\n<!-- \/ Yoast SEO plugin. -->","yoast_head_json":{"title":"Un drapeau de la Lorraine pour l'escadron de chasse EC 3\/30 Lorraine","description":"C'est un drapeau de la Lorraine qui a \u00e9t\u00e9 fabriqu\u00e9 par Macap pour les ambassadeurs parachutistes de l\u2019arm\u00e9e de l\u2019air et de l\u2019espace","robots":{"index":"index","follow":"follow","max-snippet":"max-snippet:-1","max-image-preview":"max-image-preview:large","max-video-preview":"max-video-preview:-1"},"canonical":"https:\/\/www.macapflag.com\/blog\/lorraine\/","og_locale":"fr_FR","og_type":"article","og_title":"Un drapeau de la Lorraine pour l'escadron de chasse EC 3\/30 Lorraine","og_description":"C'est un drapeau de la Lorraine qui a \u00e9t\u00e9 fabriqu\u00e9 par Macap pour les ambassadeurs parachutistes de l\u2019arm\u00e9e de l\u2019air et de l\u2019espace","og_url":"https:\/\/www.macapflag.com\/blog\/lorraine\/","og_site_name":"Blog - Macap","article_publisher":"https:\/\/www.facebook.com\/macap.pavoisement\/","article_published_time":"2021-09-13T06:53:26+00:00","article_modified_time":"2021-09-13T06:58:26+00:00","og_image":[{"width":870,"height":601,"url":"https:\/\/www.macapflag.com\/blog\/wp-content\/uploads\/2021\/09\/ils-nous-font-confiance-TITRE.jpg","type":"image\/jpeg"}],"author":"Blog Macap","twitter_card":"summary_large_image","twitter_misc":{"\u00c9crit par":"Blog Macap","Dur\u00e9e de lecture estim\u00e9e":"2 minutes"},"schema":{"@context":"https:\/\/schema.org","@graph":[{"@type":"Article","@id":"https:\/\/www.macapflag.com\/blog\/lorraine\/#article","isPartOf":{"@id":"https:\/\/www.macapflag.com\/blog\/lorraine\/"},"author":{"name":"Blog Macap","@id":"https:\/\/www.macapflag.com\/blog\/#\/schema\/person\/3fea701f2603875e651e6b662578fc3c"},"headline":"Les ambassadeurs parachutistes de l&#8217;arm\u00e9e de l&#8217;air et de l&#8217;espace","datePublished":"2021-09-13T06:53:26+00:00","dateModified":"2021-09-13T06:58:26+00:00","mainEntityOfPage":{"@id":"https:\/\/www.macapflag.com\/blog\/lorraine\/"},"wordCount":137,"publisher":{"@id":"https:\/\/www.macapflag.com\/blog\/#organization"},"image":{"@id":"https:\/\/www.macapflag.com\/blog\/lorraine\/#primaryimage"},"thumbnailUrl":"https:\/\/www.macapflag.com\/blog\/wp-content\/uploads\/2021\/09\/ils-nous-font-confiance-TITRE.jpg","articleSection":["News &amp; Actu"],"inLanguage":"fr-FR"},{"@type":"WebPage","@id":"https:\/\/www.macapflag.com\/blog\/lorraine\/","url":"https:\/\/www.macapflag.com\/blog\/lorraine\/","name":"Un drapeau de la Lorraine pour l'escadron de chasse EC 3\/30 Lorraine","isPartOf":{"@id":"https:\/\/www.macapflag.com\/blog\/#website"},"primaryImageOfPage":{"@id":"https:\/\/www.macapflag.com\/blog\/lorraine\/#primaryimage"},"image":{"@id":"https:\/\/www.macapflag.com\/blog\/lorraine\/#primaryimage"},"thumbnailUrl":"https:\/\/www.macapflag.com\/blog\/wp-content\/uploads\/2021\/09\/ils-nous-font-confiance-TITRE.jpg","datePublished":"2021-09-13T06:53:26+00:00","dateModified":"2021-09-13T06:58:26+00:00","description":"C'est un drapeau de la Lorraine qui a \u00e9t\u00e9 fabriqu\u00e9 par Macap pour les ambassadeurs parachutistes de l\u2019arm\u00e9e de l\u2019air et de l\u2019espace","breadcrumb":{"@id":"https:\/\/www.macapflag.com\/blog\/lorraine\/#breadcrumb"},"inLanguage":"fr-FR","potentialAction":[{"@type":"ReadAction","target":["https:\/\/www.macapflag.com\/blog\/lorraine\/"]}]},{"@type":"ImageObject","inLanguage":"fr-FR","@id":"https:\/\/www.macapflag.com\/blog\/lorraine\/#primaryimage","url":"https:\/\/www.macapflag.com\/blog\/wp-content\/uploads\/2021\/09\/ils-nous-font-confiance-TITRE.jpg","contentUrl":"https:\/\/www.macapflag.com\/blog\/wp-content\/uploads\/2021\/09\/ils-nous-font-confiance-TITRE.jpg","width":870,"height":601,"caption":"Le groupe automobile Lombardot"},{"@type":"BreadcrumbList","@id":"https:\/\/www.macapflag.com\/blog\/lorraine\/#breadcrumb","itemListElement":[{"@type":"ListItem","position":1,"name":"Accueil","item":"https:\/\/www.macapflag.com\/blog\/"},{"@type":"ListItem","position":2,"name":"Les ambassadeurs parachutistes de l&#8217;arm\u00e9e de l&#8217;air et de l&#8217;espace"}]},{"@type":"WebSite","@id":"https:\/\/www.macapflag.com\/blog\/#website","url":"https:\/\/www.macapflag.com\/blog\/","name":"Blog - Macap","description":"Tous nos articles","publisher":{"@id":"https:\/\/www.macapflag.com\/blog\/#organization"},"potentialAction":[{"@type":"SearchAction","target":{"@type":"EntryPoint","urlTemplate":"https:\/\/www.macapflag.com\/blog\/?s={search_term_string}"},"query-input":{"@type":"PropertyValueSpecification","valueRequired":true,"valueName":"search_term_string"}}],"inLanguage":"fr-FR"},{"@type":"Organization","@id":"https:\/\/www.macapflag.com\/blog\/#organization","name":"macapflag","url":"https:\/\/www.macapflag.com\/blog\/","logo":{"@type":"ImageObject","inLanguage":"fr-FR","@id":"https:\/\/www.macapflag.com\/blog\/#\/schema\/logo\/image\/","url":"https:\/\/www.macapflag.com\/blog\/wp-content\/uploads\/2020\/12\/cropped-M-512-1.png","contentUrl":"https:\/\/www.macapflag.com\/blog\/wp-content\/uploads\/2020\/12\/cropped-M-512-1.png","width":512,"height":512,"caption":"macapflag"},"image":{"@id":"https:\/\/www.macapflag.com\/blog\/#\/schema\/logo\/image\/"},"sameAs":["https:\/\/www.facebook.com\/macap.pavoisement\/","https:\/\/www.instagram.com\/macapflag\/?hl=fr","https:\/\/www.linkedin.com\/company\/macap\/?originalSubdomain=fr","https:\/\/www.youtube.com\/channel\/UCXNzTIdZh9poEBjSXEqDtNw"]},{"@type":"Person","@id":"https:\/\/www.macapflag.com\/blog\/#\/schema\/person\/3fea701f2603875e651e6b662578fc3c","name":"Blog Macap","image":{"@type":"ImageObject","inLanguage":"fr-FR","@id":"https:\/\/www.macapflag.com\/blog\/#\/schema\/person\/image\/","url":"https:\/\/secure.gravatar.com\/avatar\/c12551f2dc51f0db049633b03e7856985477a70da834cc8967dea4ce54bdd6a2?s=96&d=mm&r=g","contentUrl":"https:\/\/secure.gravatar.com\/avatar\/c12551f2dc51f0db049633b03e7856985477a70da834cc8967dea4ce54bdd6a2?s=96&d=mm&r=g","caption":"Blog Macap"},"url":"https:\/\/www.macapflag.com\/blog\/author\/macap\/"}]}},"_links":{"self":[{"href":"https:\/\/www.macapflag.com\/blog\/wp-json\/wp\/v2\/posts\/7878","targetHints":{"allow":["GET"]}}],"collection":[{"href":"https:\/\/www.macapflag.com\/blog\/wp-json\/wp\/v2\/posts"}],"about":[{"href":"https:\/\/www.macapflag.com\/blog\/wp-json\/wp\/v2\/types\/post"}],"author":[{"embeddable":true,"href":"https:\/\/www.macapflag.com\/blog\/wp-json\/wp\/v2\/users\/2"}],"replies":[{"embeddable":true,"href":"https:\/\/www.macapflag.com\/blog\/wp-json\/wp\/v2\/comments?post=7878"}],"version-history":[{"count":17,"href":"https:\/\/www.macapflag.com\/blog\/wp-json\/wp\/v2\/posts\/7878\/revisions"}],"predecessor-version":[{"id":7899,"href":"https:\/\/www.macapflag.com\/blog\/wp-json\/wp\/v2\/posts\/7878\/revisions\/7899"}],"wp:featuredmedia":[{"embeddable":true,"href":"https:\/\/www.macapflag.com\/blog\/wp-json\/wp\/v2\/media\/7880"}],"wp:attachment":[{"href":"https:\/\/www.macapflag.com\/blog\/wp-json\/wp\/v2\/media?parent=7878"}],"wp:term":[{"taxonomy":"category","embeddable":true,"href":"https:\/\/www.macapflag.com\/blog\/wp-json\/wp\/v2\/categories?post=7878"},{"taxonomy":"post_tag","embeddable":true,"href":"https:\/\/www.macapflag.com\/blog\/wp-json\/wp\/v2\/tags?post=7878"}],"curies":[{"name":"wp","href":"https:\/\/api.w.org\/{rel}","templated":true}]}}