{"id":8283,"date":"2025-04-16T08:31:59","date_gmt":"2025-04-16T06:31:59","guid":{"rendered":"https:\/\/www.macapflag.com\/blog\/?p=8283"},"modified":"2025-04-16T08:31:59","modified_gmt":"2025-04-16T06:31:59","slug":"drapeau-breton","status":"publish","type":"post","link":"https:\/\/www.macapflag.com\/blog\/drapeau-breton\/","title":{"rendered":"Focus sur le drapeau breton"},"content":{"rendered":"\t\t<div data-elementor-type=\"wp-post\" data-elementor-id=\"8283\" class=\"elementor elementor-8283\">\n\t\t\t\t\t\t<section class=\"elementor-section elementor-top-section elementor-element elementor-element-5fa576a elementor-section-boxed elementor-section-height-default elementor-section-height-default\" data-id=\"5fa576a\" data-element_type=\"section\">\n\t\t\t\t\t\t<div class=\"elementor-container elementor-column-gap-default\">\n\t\t\t\t\t<div class=\"elementor-column elementor-col-100 elementor-top-column elementor-element elementor-element-195c1b3\" data-id=\"195c1b3\" data-element_type=\"column\">\n\t\t\t<div class=\"elementor-widget-wrap elementor-element-populated\">\n\t\t\t\t\t\t<div class=\"elementor-element elementor-element-fc63bf7 elementor-widget elementor-widget-text-editor\" data-id=\"fc63bf7\" data-element_type=\"widget\" data-widget_type=\"text-editor.default\">\n\t\t\t\t<div class=\"elementor-widget-container\">\n\t\t\t\t\t\t\t\t\t<p>Il est des drapeaux de France qui sont de v\u00e9ritables stars, tellement connus et reconnus qu\u2019ils font partie int\u00e9grante du patrimoine de leur territoire. Le drapeau breton que l\u2019on appelle aussi \u201cGwenn ha Du\u201d en langue locale, en fait pleinement partie.<br \/><strong>Tour d\u2019horizon \u00e0 360\u00b0, en mode \u201cQuestions r\u00e9ponses\u201d.<\/strong><\/p>\t\t\t\t\t\t\t\t<\/div>\n\t\t\t\t<\/div>\n\t\t\t\t\t<\/div>\n\t\t<\/div>\n\t\t\t\t\t<\/div>\n\t\t<\/section>\n\t\t\t\t<section class=\"elementor-section elementor-top-section elementor-element elementor-element-0e98add elementor-section-boxed elementor-section-height-default elementor-section-height-default\" data-id=\"0e98add\" data-element_type=\"section\">\n\t\t\t\t\t\t<div class=\"elementor-container elementor-column-gap-default\">\n\t\t\t\t\t<div class=\"elementor-column elementor-col-100 elementor-top-column elementor-element elementor-element-1eea03d\" data-id=\"1eea03d\" data-element_type=\"column\">\n\t\t\t<div class=\"elementor-widget-wrap elementor-element-populated\">\n\t\t\t\t\t\t<div class=\"elementor-element elementor-element-984eb91 elementor-widget elementor-widget-text-editor\" data-id=\"984eb91\" data-element_type=\"widget\" data-widget_type=\"text-editor.default\">\n\t\t\t\t<div class=\"elementor-widget-container\">\n\t\t\t\t\t\t\t\t\t<h2>Quelles sont les origines du drapeau breton ?<\/h2>\t\t\t\t\t\t\t\t<\/div>\n\t\t\t\t<\/div>\n\t\t\t\t\t<\/div>\n\t\t<\/div>\n\t\t\t\t\t<\/div>\n\t\t<\/section>\n\t\t\t\t<section class=\"elementor-section elementor-top-section elementor-element elementor-element-2ef3e6c elementor-section-boxed elementor-section-height-default elementor-section-height-default\" data-id=\"2ef3e6c\" data-element_type=\"section\">\n\t\t\t\t\t\t<div class=\"elementor-container elementor-column-gap-default\">\n\t\t\t\t\t<div class=\"elementor-column elementor-col-100 elementor-top-column elementor-element elementor-element-8614858\" data-id=\"8614858\" data-element_type=\"column\">\n\t\t\t<div class=\"elementor-widget-wrap elementor-element-populated\">\n\t\t\t\t\t\t<div class=\"elementor-element elementor-element-0872c3e elementor-widget elementor-widget-text-editor\" data-id=\"0872c3e\" data-element_type=\"widget\" data-widget_type=\"text-editor.default\">\n\t\t\t\t<div class=\"elementor-widget-container\">\n\t\t\t\t\t\t\t\t\t<p>Le <a href=\"https:\/\/www.macapflag.com\/drapeau-pays-pour-mat\/791610-drapeau-bretagne-pour-mat-province.html\" target=\"_blank\" rel=\"noopener\"><span style=\"color: #3366ff;\"><strong>drapeau breton<\/strong><\/span><\/a> est devenu l&#8217;embl\u00e8me officiel de la Bretagne en 1927.<br \/>Imagin\u00e9 par un architecte militant et nationaliste breton qui a puis\u00e9 son inspiration \u00e0 la fois dans le blason de Rennes et le fameux \u201cstars and stripes\u201d, il va \u00eatre interdit par les autorit\u00e9s fran\u00e7aises qui le consid\u00e8rent comme un symbole de provocation s\u00e9paratiste.<\/p>\t\t\t\t\t\t\t\t<\/div>\n\t\t\t\t<\/div>\n\t\t\t\t\t<\/div>\n\t\t<\/div>\n\t\t\t\t\t<\/div>\n\t\t<\/section>\n\t\t\t\t<section class=\"elementor-section elementor-top-section elementor-element elementor-element-7224bba elementor-section-boxed elementor-section-height-default elementor-section-height-default\" data-id=\"7224bba\" data-element_type=\"section\">\n\t\t\t\t\t\t<div class=\"elementor-container elementor-column-gap-default\">\n\t\t\t\t\t<div class=\"elementor-column elementor-col-100 elementor-top-column elementor-element elementor-element-1e9ba56\" data-id=\"1e9ba56\" data-element_type=\"column\">\n\t\t\t<div class=\"elementor-widget-wrap elementor-element-populated\">\n\t\t\t\t\t\t<div class=\"elementor-element elementor-element-a8587b8 elementor-widget elementor-widget-text-editor\" data-id=\"a8587b8\" data-element_type=\"widget\" data-widget_type=\"text-editor.default\">\n\t\t\t\t<div class=\"elementor-widget-container\">\n\t\t\t\t\t\t\t\t\t<h2>Pourquoi il y a 11 hermines sur le drapeau breton ?<\/h2>\t\t\t\t\t\t\t\t<\/div>\n\t\t\t\t<\/div>\n\t\t\t\t\t<\/div>\n\t\t<\/div>\n\t\t\t\t\t<\/div>\n\t\t<\/section>\n\t\t\t\t<section class=\"elementor-section elementor-top-section elementor-element elementor-element-55cb7eb elementor-section-boxed elementor-section-height-default elementor-section-height-default\" data-id=\"55cb7eb\" data-element_type=\"section\">\n\t\t\t\t\t\t<div class=\"elementor-container elementor-column-gap-default\">\n\t\t\t\t\t<div class=\"elementor-column elementor-col-100 elementor-top-column elementor-element elementor-element-029b797\" data-id=\"029b797\" data-element_type=\"column\">\n\t\t\t<div class=\"elementor-widget-wrap elementor-element-populated\">\n\t\t\t\t\t\t<div class=\"elementor-element elementor-element-f9a0b60 elementor-widget elementor-widget-text-editor\" data-id=\"f9a0b60\" data-element_type=\"widget\" data-widget_type=\"text-editor.default\">\n\t\t\t\t<div class=\"elementor-widget-container\">\n\t\t\t\t\t\t\t\t\t<p>Les hermines sont ces petites formes triangulaires que l\u2019on associe syst\u00e9matiquement \u00e0 l\u2019image de la Bretagne.<br \/>Ce sont aussi des animaux de la famille des Must\u00e9lid\u00e9s dont la fourrure est renomm\u00e9e. Leur pelage devient totalement blanc en hiver, lorsque les temp\u00e9ratures sont froides (-1\u00b0) au moment de la mue. S&#8217;il ne fait pas assez froid, alors le pelage reste mouchet\u00e9 de t\u00e2ches color\u00e9es.<br \/>Au moyen-\u00e2ge, les chevaliers qui en avaient les moyens, recouvraient leur bouclier de fourrure d\u2019hermine qui tenait chaud tout en amortissant les coups d\u2019\u00e9p\u00e9e.<br \/>En langage h\u00e9raldique, la science des blasons et armoiries, une hermine d\u00e9signe une moucheture noire sur fond blanc, qui n\u2019est pas s\u2019en rappeler le pelage de l\u2019animal du m\u00eame nom.<br \/>Symbole de courage, de noblesse et de puret\u00e9, l\u2019hermine a ainsi vu son pelage utilis\u00e9 sur les cols des v\u00eatements des membres les plus hauts-plac\u00e9s du clerg\u00e9 et de la justice.<br \/>Les ducs de Bretagne avaient \u00e9galement choisi des mouchetures symbolisant l\u2019hermine pour cr\u00e9er leurs armoiries.<\/p><p>Pour certains, la pr\u00e9sence des 11 hermines sur le drapeau breton symbolise le clerg\u00e9 dans cette r\u00e9gion o\u00f9 le catholicisme \u00e9tait tr\u00e8s pr\u00e9sent, pour d&#8217;autres, elles repr\u00e9sentent les saints de la r\u00e9gion bretonne. Une autre l\u00e9gende raconte qu\u2019Anne de Bretagne a choisi l\u2019hermine comme embl\u00e8me pour son courage face aux chasseurs lors d\u2019une partie de chasse.<\/p>\t\t\t\t\t\t\t\t<\/div>\n\t\t\t\t<\/div>\n\t\t\t\t\t<\/div>\n\t\t<\/div>\n\t\t\t\t\t<\/div>\n\t\t<\/section>\n\t\t\t\t<section class=\"elementor-section elementor-top-section elementor-element elementor-element-1f82247 elementor-section-boxed elementor-section-height-default elementor-section-height-default\" data-id=\"1f82247\" data-element_type=\"section\">\n\t\t\t\t\t\t<div class=\"elementor-container elementor-column-gap-default\">\n\t\t\t\t\t<div class=\"elementor-column elementor-col-100 elementor-top-column elementor-element elementor-element-6290dc1\" data-id=\"6290dc1\" data-element_type=\"column\">\n\t\t\t<div class=\"elementor-widget-wrap elementor-element-populated\">\n\t\t\t\t\t\t<div class=\"elementor-element elementor-element-4eb7a86 elementor-widget elementor-widget-text-editor\" data-id=\"4eb7a86\" data-element_type=\"widget\" data-widget_type=\"text-editor.default\">\n\t\t\t\t<div class=\"elementor-widget-container\">\n\t\t\t\t\t\t\t\t\t<h2>Pourquoi y&#8217;a t&#8217;il 9 bandes noires et blanches sur le drapeau breton ?<\/h2>\t\t\t\t\t\t\t\t<\/div>\n\t\t\t\t<\/div>\n\t\t\t\t\t<\/div>\n\t\t<\/div>\n\t\t\t\t\t<\/div>\n\t\t<\/section>\n\t\t\t\t<section class=\"elementor-section elementor-top-section elementor-element elementor-element-8912d34 elementor-section-boxed elementor-section-height-default elementor-section-height-default\" data-id=\"8912d34\" data-element_type=\"section\">\n\t\t\t\t\t\t<div class=\"elementor-container elementor-column-gap-default\">\n\t\t\t\t\t<div class=\"elementor-column elementor-col-50 elementor-top-column elementor-element elementor-element-f5a02a6\" data-id=\"f5a02a6\" data-element_type=\"column\">\n\t\t\t<div class=\"elementor-widget-wrap elementor-element-populated\">\n\t\t\t\t\t\t<div class=\"elementor-element elementor-element-4177be8 elementor-widget elementor-widget-text-editor\" data-id=\"4177be8\" data-element_type=\"widget\" data-widget_type=\"text-editor.default\">\n\t\t\t\t<div class=\"elementor-widget-container\">\n\t\t\t\t\t\t\t\t\t<p>Elles repr\u00e9sentent les 9 divisions provinciales historiques de la Bretagne.<\/p><ul><li><strong>Les 4 bandes blanches repr\u00e9sentent les provinces de la Basse Bretagne<\/strong> : le Tr\u00e9gor, le L\u00e9on, la Cornouaille et le Vannetais.<\/li><li><strong>Les 5 bandes noires les provinces de la Haute Bretagne<\/strong> : le Pays de Dol, le Pays de Nantes, le Pays de Rennes, le Pays de Saint-Malo et le Pays de Saint-Brieuc. La Basse Bretagne correspond au sud et \u00e0 l&#8217;ouest de la Bretagne, tandis que la Haute Bretagne s&#8217;\u00e9tend \u00e0 l&#8217;est de la r\u00e9gion.<\/li><\/ul>\t\t\t\t\t\t\t\t<\/div>\n\t\t\t\t<\/div>\n\t\t\t\t\t<\/div>\n\t\t<\/div>\n\t\t\t\t<div class=\"elementor-column elementor-col-50 elementor-top-column elementor-element elementor-element-f3af931\" data-id=\"f3af931\" data-element_type=\"column\">\n\t\t\t<div class=\"elementor-widget-wrap elementor-element-populated\">\n\t\t\t\t\t\t<div class=\"elementor-element elementor-element-f415e88 elementor-widget elementor-widget-image\" data-id=\"f415e88\" data-element_type=\"widget\" data-widget_type=\"image.default\">\n\t\t\t\t<div class=\"elementor-widget-container\">\n\t\t\t\t\t\t\t\t\t\t\t\t<figure class=\"wp-caption\">\n\t\t\t\t\t\t\t\t\t\t<img fetchpriority=\"high\" decoding=\"async\" width=\"700\" height=\"534\" src=\"https:\/\/www.macapflag.com\/blog\/wp-content\/uploads\/2021\/10\/signification-du-drapeau-breton-1.jpg\" class=\"attachment-large size-large wp-image-8498\" alt=\"La signification et l&#039;origine du drapeau breton\" srcset=\"https:\/\/www.macapflag.com\/blog\/wp-content\/uploads\/2021\/10\/signification-du-drapeau-breton-1.jpg 700w, https:\/\/www.macapflag.com\/blog\/wp-content\/uploads\/2021\/10\/signification-du-drapeau-breton-1-300x229.jpg 300w\" sizes=\"(max-width: 700px) 100vw, 700px\" \/>\t\t\t\t\t\t\t\t\t\t\t<figcaption class=\"widget-image-caption wp-caption-text\">Divisions provinciales historiques de la Bretagne<\/figcaption>\n\t\t\t\t\t\t\t\t\t\t<\/figure>\n\t\t\t\t\t\t\t\t\t<\/div>\n\t\t\t\t<\/div>\n\t\t\t\t\t<\/div>\n\t\t<\/div>\n\t\t\t\t\t<\/div>\n\t\t<\/section>\n\t\t\t\t<section class=\"elementor-section elementor-top-section elementor-element elementor-element-dc786db elementor-section-boxed elementor-section-height-default elementor-section-height-default\" data-id=\"dc786db\" data-element_type=\"section\">\n\t\t\t\t\t\t<div class=\"elementor-container elementor-column-gap-default\">\n\t\t\t\t\t<div class=\"elementor-column elementor-col-100 elementor-top-column elementor-element elementor-element-af331a4\" data-id=\"af331a4\" data-element_type=\"column\">\n\t\t\t<div class=\"elementor-widget-wrap elementor-element-populated\">\n\t\t\t\t\t\t<div class=\"elementor-element elementor-element-248c20a elementor-widget elementor-widget-text-editor\" data-id=\"248c20a\" data-element_type=\"widget\" data-widget_type=\"text-editor.default\">\n\t\t\t\t<div class=\"elementor-widget-container\">\n\t\t\t\t\t\t\t\t\t<h2>Pourquoi le drapeau breton est-il si c\u00e9l\u00e8bre ?<\/h2>\t\t\t\t\t\t\t\t<\/div>\n\t\t\t\t<\/div>\n\t\t\t\t\t<\/div>\n\t\t<\/div>\n\t\t\t\t\t<\/div>\n\t\t<\/section>\n\t\t\t\t<section class=\"elementor-section elementor-top-section elementor-element elementor-element-f36ddfc elementor-section-boxed elementor-section-height-default elementor-section-height-default\" data-id=\"f36ddfc\" data-element_type=\"section\">\n\t\t\t\t\t\t<div class=\"elementor-container elementor-column-gap-default\">\n\t\t\t\t\t<div class=\"elementor-column elementor-col-100 elementor-top-column elementor-element elementor-element-d101342\" data-id=\"d101342\" data-element_type=\"column\">\n\t\t\t<div class=\"elementor-widget-wrap elementor-element-populated\">\n\t\t\t\t\t\t<div class=\"elementor-element elementor-element-914b996 elementor-widget elementor-widget-text-editor\" data-id=\"914b996\" data-element_type=\"widget\" data-widget_type=\"text-editor.default\">\n\t\t\t\t<div class=\"elementor-widget-container\">\n\t\t\t\t\t\t\t\t\t<p>Dans un concert, dans un stade \u00e0 l\u2019occasion d\u2019un match de foot ou de rugby, lors de festivals, les bretons ne manquent jamais une occasion d\u2019afficher fi\u00e8rement le drapeau breton. Signe de reconnaissance, mais aussi vecteur de la culture festive de ce coin de France, le drapeau breton b\u00e9n\u00e9ficie d\u2019un fort coefficient de sympathie aupr\u00e8s de nombreux fran\u00e7ais.<br \/>Il symbolise la libert\u00e9. Longtemps interdit, il a \u00e9t\u00e9 brandi publiquement \u00e0 nouveau pour la premi\u00e8re fois lors des manifestations de Mai 68. Son design est inspir\u00e9 du drapeau am\u00e9ricain qui lui aussi est un symbole de libert\u00e9.<br \/>Il \u00e9voque \u00e9galement l\u2019attachement que les bretons ont pour leur territoire et leur identit\u00e9.<\/p><p>Depuis sa cr\u00e9ation, le <a href=\"https:\/\/www.macapflag.com\/drapeau-pays-pour-mat\/791610-drapeau-bretagne-pour-mat-province.html\" target=\"_blank\" rel=\"noopener\"><span style=\"color: #3366ff;\"><strong>Gwenn ha Du<\/strong><\/span><\/a> est devenu un <strong>symbole incontournable de l&#8217;identit\u00e9 bretonne<\/strong>. Sa popularit\u00e9 a \u00e9t\u00e9 renforc\u00e9e dans les ann\u00e9es 1970 avec l&#8217;\u00e9mergence du troisi\u00e8me Emsav, un mouvement culturel breton, qui a contribu\u00e9 \u00e0 sa diffusion dans toute la soci\u00e9t\u00e9 bretonne. Aujourd&#8217;hui, il est largement utilis\u00e9 par la population et les administrations locales, t\u00e9moignant de l&#8217;attachement des Bretons \u00e0 leur culture et \u00e0 leur territoire.<\/p>\t\t\t\t\t\t\t\t<\/div>\n\t\t\t\t<\/div>\n\t\t\t\t\t<\/div>\n\t\t<\/div>\n\t\t\t\t\t<\/div>\n\t\t<\/section>\n\t\t\t\t<section class=\"elementor-section elementor-top-section elementor-element elementor-element-193a06c elementor-section-boxed elementor-section-height-default elementor-section-height-default\" data-id=\"193a06c\" data-element_type=\"section\">\n\t\t\t\t\t\t<div class=\"elementor-container elementor-column-gap-default\">\n\t\t\t\t\t<div class=\"elementor-column elementor-col-100 elementor-top-column elementor-element elementor-element-b0a1ab9\" data-id=\"b0a1ab9\" data-element_type=\"column\">\n\t\t\t<div class=\"elementor-widget-wrap elementor-element-populated\">\n\t\t\t\t\t\t<div class=\"elementor-element elementor-element-cf4dd61 elementor-widget elementor-widget-text-editor\" data-id=\"cf4dd61\" data-element_type=\"widget\" data-widget_type=\"text-editor.default\">\n\t\t\t\t<div class=\"elementor-widget-container\">\n\t\t\t\t\t\t\t\t\t<h3>Le drapeau breton, un grand ambassadeur de la culture et du tourisme<\/h3>\t\t\t\t\t\t\t\t<\/div>\n\t\t\t\t<\/div>\n\t\t\t\t\t<\/div>\n\t\t<\/div>\n\t\t\t\t\t<\/div>\n\t\t<\/section>\n\t\t\t\t<section class=\"elementor-section elementor-top-section elementor-element elementor-element-35f3329 elementor-section-boxed elementor-section-height-default elementor-section-height-default\" data-id=\"35f3329\" data-element_type=\"section\">\n\t\t\t\t\t\t<div class=\"elementor-container elementor-column-gap-default\">\n\t\t\t\t\t<div class=\"elementor-column elementor-col-100 elementor-top-column elementor-element elementor-element-17c3483\" data-id=\"17c3483\" data-element_type=\"column\">\n\t\t\t<div class=\"elementor-widget-wrap elementor-element-populated\">\n\t\t\t\t\t\t<div class=\"elementor-element elementor-element-c8fb412 elementor-widget elementor-widget-text-editor\" data-id=\"c8fb412\" data-element_type=\"widget\" data-widget_type=\"text-editor.default\">\n\t\t\t\t<div class=\"elementor-widget-container\">\n\t\t\t\t\t\t\t\t\t<p>Au-del\u00e0 de son r\u00f4le identitaire, le <strong>Gwenn ha Du<\/strong> est devenu un v\u00e9ritable ambassadeur de la Bretagne sur la sc\u00e8ne nationale et internationale. Il est omnipr\u00e9sent dans les festivals bretons, les \u00e9v\u00e9nements sportifs et m\u00eame dans l\u2019industrie touristique. De nombreux visiteurs repartent avec un drapeau en souvenir, t\u00e9moignant de l\u2019attrait particulier pour cette r\u00e9gion \u00e0 la forte identit\u00e9. On le retrouve \u00e9galement sur une multitude de produits d\u00e9riv\u00e9s : v\u00eatements, accessoires, stickers, et m\u00eame sur des sp\u00e9cialit\u00e9s gastronomiques bretonnes. Ce ph\u00e9nom\u00e8ne contribue \u00e0 renforcer l\u2019image d\u2019une Bretagne fi\u00e8re et dynamique, dont le drapeau est un symbole fort, porteur d\u2019histoire et d\u2019attachement au territoire.<\/p>\t\t\t\t\t\t\t\t<\/div>\n\t\t\t\t<\/div>\n\t\t\t\t\t<\/div>\n\t\t<\/div>\n\t\t\t\t\t<\/div>\n\t\t<\/section>\n\t\t\t\t<section class=\"elementor-section elementor-top-section elementor-element elementor-element-29f6aaf elementor-section-boxed elementor-section-height-default elementor-section-height-default\" data-id=\"29f6aaf\" data-element_type=\"section\">\n\t\t\t\t\t\t<div class=\"elementor-container elementor-column-gap-default\">\n\t\t\t\t\t<div class=\"elementor-column elementor-col-100 elementor-top-column elementor-element elementor-element-04c1eb1\" data-id=\"04c1eb1\" data-element_type=\"column\">\n\t\t\t<div class=\"elementor-widget-wrap elementor-element-populated\">\n\t\t\t\t\t\t<div class=\"elementor-element elementor-element-74688cb elementor-widget elementor-widget-text-editor\" data-id=\"74688cb\" data-element_type=\"widget\" data-widget_type=\"text-editor.default\">\n\t\t\t\t<div class=\"elementor-widget-container\">\n\t\t\t\t\t\t\t\t\t<h2>Quelle est la diff\u00e9rence entre le drapeau de la province et le drapeau breton ?<\/h2>\t\t\t\t\t\t\t\t<\/div>\n\t\t\t\t<\/div>\n\t\t\t\t\t<\/div>\n\t\t<\/div>\n\t\t\t\t\t<\/div>\n\t\t<\/section>\n\t\t\t\t<section class=\"elementor-section elementor-top-section elementor-element elementor-element-01999cc elementor-section-boxed elementor-section-height-default elementor-section-height-default\" data-id=\"01999cc\" data-element_type=\"section\">\n\t\t\t\t\t\t<div class=\"elementor-container elementor-column-gap-default\">\n\t\t\t\t\t<div class=\"elementor-column elementor-col-50 elementor-top-column elementor-element elementor-element-a323a6b\" data-id=\"a323a6b\" data-element_type=\"column\">\n\t\t\t<div class=\"elementor-widget-wrap elementor-element-populated\">\n\t\t\t\t\t\t<div class=\"elementor-element elementor-element-3f52688 elementor-widget elementor-widget-shortcode\" data-id=\"3f52688\" data-element_type=\"widget\" data-widget_type=\"shortcode.default\">\n\t\t\t\t<div class=\"elementor-widget-container\">\n\t\t\t\t\t\t\t<div class=\"elementor-shortcode\"><div class=\"container p-0 m-0\">\n    <div class=\"row m-0 border\">\n        <div class=\"col-12 grid-didpd-body text-center\">\n            <img decoding=\"async\" src=\"https:\/\/www.macapflag.com\/1856587-home_default\/drapeau-bretagne-pour-mat-province.jpg\" alt=\"Drapeau Bretagne : pour m&acirc;t (Province)\" class=\"mx-auto\" \/>\n            <div class=\"grid-didpd-text\">\n                <a href=\"https:\/\/www.macapflag.com\/drapeau-pays-pour-mat\/791610-drapeau-bretagne-pour-mat-province.html\" target=\"_blank\" class=\"stretched-link\">\n                    <h3>Drapeau Bretagne : pour m\u00e2t (Province)<\/h3>\n                <\/a>\n            <\/div>\n                        <p class=\"text-center font-weight-bold\">17,50 \u20ac HT<\/p>            <div class=\"text-center\">\n                <button class=\"btn btn-primary\">Vente drapeau breton<\/button>\n            <\/div>\n        <\/div>\n    <\/div>\n<\/div>\n<\/div>\n\t\t\t\t\t\t<\/div>\n\t\t\t\t<\/div>\n\t\t\t\t\t<\/div>\n\t\t<\/div>\n\t\t\t\t<div class=\"elementor-column elementor-col-50 elementor-top-column elementor-element elementor-element-cbbf99a\" data-id=\"cbbf99a\" data-element_type=\"column\">\n\t\t\t<div class=\"elementor-widget-wrap elementor-element-populated\">\n\t\t\t\t\t\t<div class=\"elementor-element elementor-element-19f01ef elementor-widget elementor-widget-shortcode\" data-id=\"19f01ef\" data-element_type=\"widget\" data-widget_type=\"shortcode.default\">\n\t\t\t\t<div class=\"elementor-widget-container\">\n\t\t\t\t\t\t\t<div class=\"elementor-shortcode\"><div class=\"container p-0 m-0\">\n    <div class=\"row m-0 border\">\n        <div class=\"col-12 grid-didpd-body text-center\">\n            <img decoding=\"async\" src=\"https:\/\/www.macapflag.com\/1856629-home_default\/drapeau-bretagne-pour-mat-region.jpg\" alt=\"Drapeau Bretagne pour m&acirc;t (R&eacute;gion)\" class=\"mx-auto\" \/>\n            <div class=\"grid-didpd-text\">\n                <a href=\"https:\/\/www.macapflag.com\/drapeau-pays-pour-mat\/791564-drapeau-bretagne-pour-mat-region.html\" target=\"_blank\" class=\"stretched-link\">\n                    <h3>Drapeau Bretagne pour m\u00e2t (R\u00e9gion)<\/h3>\n                <\/a>\n            <\/div>\n                        <p class=\"text-center font-weight-bold\">17,50 \u20ac HT<\/p>            <div class=\"text-center\">\n                <button class=\"btn btn-primary\">Vente drapeau breton<\/button>\n            <\/div>\n        <\/div>\n    <\/div>\n<\/div>\n<\/div>\n\t\t\t\t\t\t<\/div>\n\t\t\t\t<\/div>\n\t\t\t\t\t<\/div>\n\t\t<\/div>\n\t\t\t\t\t<\/div>\n\t\t<\/section>\n\t\t\t\t<section class=\"elementor-section elementor-top-section elementor-element elementor-element-13ed1ff elementor-section-boxed elementor-section-height-default elementor-section-height-default\" data-id=\"13ed1ff\" data-element_type=\"section\">\n\t\t\t\t\t\t<div class=\"elementor-container elementor-column-gap-default\">\n\t\t\t\t\t<div class=\"elementor-column elementor-col-100 elementor-top-column elementor-element elementor-element-4aaea82\" data-id=\"4aaea82\" data-element_type=\"column\">\n\t\t\t<div class=\"elementor-widget-wrap elementor-element-populated\">\n\t\t\t\t\t\t<div class=\"elementor-element elementor-element-1d3b0e8 elementor-widget elementor-widget-text-editor\" data-id=\"1d3b0e8\" data-element_type=\"widget\" data-widget_type=\"text-editor.default\">\n\t\t\t\t<div class=\"elementor-widget-container\">\n\t\t\t\t\t\t\t\t\t<h2>Quels sont les diff\u00e9rents mod\u00e8les de drapeaux bretons ?<\/h2>\t\t\t\t\t\t\t\t<\/div>\n\t\t\t\t<\/div>\n\t\t\t\t\t<\/div>\n\t\t<\/div>\n\t\t\t\t\t<\/div>\n\t\t<\/section>\n\t\t\t\t<section class=\"elementor-section elementor-top-section elementor-element elementor-element-8f2e331 elementor-section-boxed elementor-section-height-default elementor-section-height-default\" data-id=\"8f2e331\" data-element_type=\"section\">\n\t\t\t\t\t\t<div class=\"elementor-container elementor-column-gap-default\">\n\t\t\t\t\t<div class=\"elementor-column elementor-col-100 elementor-top-column elementor-element elementor-element-46db651\" data-id=\"46db651\" data-element_type=\"column\">\n\t\t\t<div class=\"elementor-widget-wrap elementor-element-populated\">\n\t\t\t\t\t\t<div class=\"elementor-element elementor-element-c002c23 elementor-widget elementor-widget-text-editor\" data-id=\"c002c23\" data-element_type=\"widget\" data-widget_type=\"text-editor.default\">\n\t\t\t\t<div class=\"elementor-widget-container\">\n\t\t\t\t\t\t\t\t\t<p>Le drapeau breton est disponible dans de nombreux formats et mod\u00e8les confectionn\u00e9s dans plusieurs mati\u00e8res. Chaque commande de drapeau breton est personnalis\u00e9e en fonction de vos choix :<\/p>\t\t\t\t\t\t\t\t<\/div>\n\t\t\t\t<\/div>\n\t\t\t\t\t<\/div>\n\t\t<\/div>\n\t\t\t\t\t<\/div>\n\t\t<\/section>\n\t\t\t\t<section class=\"elementor-section elementor-top-section elementor-element elementor-element-50c60c8 elementor-section-boxed elementor-section-height-default elementor-section-height-default\" data-id=\"50c60c8\" data-element_type=\"section\">\n\t\t\t\t\t\t<div class=\"elementor-container elementor-column-gap-default\">\n\t\t\t\t\t<div class=\"elementor-column elementor-col-50 elementor-top-column elementor-element elementor-element-45b843a\" data-id=\"45b843a\" data-element_type=\"column\">\n\t\t\t<div class=\"elementor-widget-wrap elementor-element-populated\">\n\t\t\t\t\t\t<div class=\"elementor-element elementor-element-0ad9d5a elementor-widget elementor-widget-text-editor\" data-id=\"0ad9d5a\" data-element_type=\"widget\" data-widget_type=\"text-editor.default\">\n\t\t\t\t<div class=\"elementor-widget-container\">\n\t\t\t\t\t\t\t\t\t<p>Le <strong>drapeau breton pour m\u00e2t<\/strong> ou pavillon est, comme son nom l\u2019indique, vou\u00e9 \u00e0 flotter sur un m\u00e2t vertical. Propos\u00e9 en plusieurs dimensions standard, il peut \u00e9galement \u00eatre fabriqu\u00e9 au format sur-mesure.<\/p><p>Le drapeau breton traditionnel est en vente sur le site Macap. Il est fabriqu\u00e9 en France dans les ateliers varois de la soci\u00e9t\u00e9.<\/p>\t\t\t\t\t\t\t\t<\/div>\n\t\t\t\t<\/div>\n\t\t\t\t\t<\/div>\n\t\t<\/div>\n\t\t\t\t<div class=\"elementor-column elementor-col-50 elementor-top-column elementor-element elementor-element-e7c5ff0\" data-id=\"e7c5ff0\" data-element_type=\"column\">\n\t\t\t<div class=\"elementor-widget-wrap elementor-element-populated\">\n\t\t\t\t\t\t<div class=\"elementor-element elementor-element-15ce6c5 elementor-widget elementor-widget-shortcode\" data-id=\"15ce6c5\" data-element_type=\"widget\" data-widget_type=\"shortcode.default\">\n\t\t\t\t<div class=\"elementor-widget-container\">\n\t\t\t\t\t\t\t<div class=\"elementor-shortcode\"><div class=\"container p-0 m-0\">\n    <div class=\"row m-0 border\">\n        <div class=\"col-12 grid-didpd-body text-center\">\n            <img decoding=\"async\" src=\"https:\/\/www.macapflag.com\/1856587-home_default\/drapeau-bretagne-pour-mat-province.jpg\" alt=\"Drapeau Bretagne : pour m&acirc;t (Province)\" class=\"mx-auto\" \/>\n            <div class=\"grid-didpd-text\">\n                <a href=\"https:\/\/www.macapflag.com\/drapeau-pays-pour-mat\/791610-drapeau-bretagne-pour-mat-province.html\" target=\"_blank\" class=\"stretched-link\">\n                    <h3>Drapeau Bretagne : pour m\u00e2t (Province)<\/h3>\n                <\/a>\n            <\/div>\n                        <p class=\"text-center font-weight-bold\">17,50 \u20ac HT<\/p>            <div class=\"text-center\">\n                <button class=\"btn btn-primary\">Vente drapeau breton<\/button>\n            <\/div>\n        <\/div>\n    <\/div>\n<\/div>\n<\/div>\n\t\t\t\t\t\t<\/div>\n\t\t\t\t<\/div>\n\t\t\t\t\t<\/div>\n\t\t<\/div>\n\t\t\t\t\t<\/div>\n\t\t<\/section>\n\t\t\t\t<section class=\"elementor-section elementor-top-section elementor-element elementor-element-3197552 elementor-section-boxed elementor-section-height-default elementor-section-height-default\" data-id=\"3197552\" data-element_type=\"section\">\n\t\t\t\t\t\t<div class=\"elementor-container elementor-column-gap-default\">\n\t\t\t\t\t<div class=\"elementor-column elementor-col-50 elementor-top-column elementor-element elementor-element-8e7bfcb\" data-id=\"8e7bfcb\" data-element_type=\"column\">\n\t\t\t<div class=\"elementor-widget-wrap elementor-element-populated\">\n\t\t\t\t\t\t<div class=\"elementor-element elementor-element-efbeb8a elementor-widget elementor-widget-text-editor\" data-id=\"efbeb8a\" data-element_type=\"widget\" data-widget_type=\"text-editor.default\">\n\t\t\t\t<div class=\"elementor-widget-container\">\n\t\t\t\t\t\t\t\t\t<p>Le <strong>drapeau breton avec hampe<\/strong> est lui aussi disponible en plusieurs tailles avec plusieurs options de finitions (ourlets, galons, franges).<\/p><p>Chaque commande de drapeau est unique. Nous fabriquons la plupart de nos drapeaux sur demande afin de les personnaliser avec les options de votre choix.<\/p>\t\t\t\t\t\t\t\t<\/div>\n\t\t\t\t<\/div>\n\t\t\t\t\t<\/div>\n\t\t<\/div>\n\t\t\t\t<div class=\"elementor-column elementor-col-50 elementor-top-column elementor-element elementor-element-74a2162\" data-id=\"74a2162\" data-element_type=\"column\">\n\t\t\t<div class=\"elementor-widget-wrap elementor-element-populated\">\n\t\t\t\t\t\t<div class=\"elementor-element elementor-element-502d4b9 elementor-widget elementor-widget-shortcode\" data-id=\"502d4b9\" data-element_type=\"widget\" data-widget_type=\"shortcode.default\">\n\t\t\t\t<div class=\"elementor-widget-container\">\n\t\t\t\t\t\t\t<div class=\"elementor-shortcode\"><div class=\"container p-0 m-0\">\n    <div class=\"row m-0 border\">\n        <div class=\"col-12 grid-didpd-body text-center\">\n            <img decoding=\"async\" src=\"https:\/\/www.macapflag.com\/1856655-home_default\/drapeau-bretagne-avec-hampe-province.jpg\" alt=\"Drapeau Bretagne : avec hampe (Province)\" class=\"mx-auto\" \/>\n            <div class=\"grid-didpd-text\">\n                <a href=\"https:\/\/www.macapflag.com\/drapeau-pays-avec-hampe\/791654-drapeau-bretagne-avec-hampe-province.html\" target=\"_blank\" class=\"stretched-link\">\n                    <h3>Drapeau Bretagne : avec hampe (Province)<\/h3>\n                <\/a>\n            <\/div>\n                        <p class=\"text-center font-weight-bold\">22,30 \u20ac HT<\/p>            <div class=\"text-center\">\n                <button class=\"btn btn-primary\">Vente drapeau breton<\/button>\n            <\/div>\n        <\/div>\n    <\/div>\n<\/div>\n<\/div>\n\t\t\t\t\t\t<\/div>\n\t\t\t\t<\/div>\n\t\t\t\t\t<\/div>\n\t\t<\/div>\n\t\t\t\t\t<\/div>\n\t\t<\/section>\n\t\t\t\t<section class=\"elementor-section elementor-top-section elementor-element elementor-element-86fe78d elementor-section-boxed elementor-section-height-default elementor-section-height-default\" data-id=\"86fe78d\" data-element_type=\"section\">\n\t\t\t\t\t\t<div class=\"elementor-container elementor-column-gap-default\">\n\t\t\t\t\t<div class=\"elementor-column elementor-col-100 elementor-top-column elementor-element elementor-element-311d15b\" data-id=\"311d15b\" data-element_type=\"column\">\n\t\t\t<div class=\"elementor-widget-wrap elementor-element-populated\">\n\t\t\t\t\t\t<div class=\"elementor-element elementor-element-90284a4 elementor-widget elementor-widget-text-editor\" data-id=\"90284a4\" data-element_type=\"widget\" data-widget_type=\"text-editor.default\">\n\t\t\t\t<div class=\"elementor-widget-container\">\n\t\t\t\t\t\t\t\t\t<p>Vous pouvez \u00e9galement choisir de commander un <a href=\"https:\/\/www.macapflag.com\/384-drapeau-ceremonie\" target=\"_blank\" rel=\"noopener\"><span style=\"color: #3366ff;\"><strong>drapeau breton de prestige<\/strong><\/span><\/a> pour les d\u00e9fil\u00e9s, les c\u00e9r\u00e9monies ou l\u2019ornement.<br \/>Macap vous offre aussi la possibilit\u00e9 de faire fabriquer des <a href=\"https:\/\/www.macapflag.com\/drapeau-personnalise\/296-drapeau-papier-personnalise-a-agiter-hampe-en-plastique.html\" target=\"_blank\" rel=\"noopener\"><strong><span style=\"color: #3366ff;\">petits drapeaux \u00e0 agiter en papier<\/span><\/strong><\/a> ou des <a href=\"https:\/\/www.macapflag.com\/drapeau-personnalise\/299-drapeau-personnalise-de-table-classique.html\" target=\"_blank\" rel=\"noopener\"><strong><span style=\"color: #3366ff;\">drapeaux de table<\/span><\/strong><\/a> en textile aux couleurs de cette belle r\u00e9gion bretonne.<\/p>\t\t\t\t\t\t\t\t<\/div>\n\t\t\t\t<\/div>\n\t\t\t\t\t<\/div>\n\t\t<\/div>\n\t\t\t\t\t<\/div>\n\t\t<\/section>\n\t\t\t\t<section class=\"elementor-section elementor-top-section elementor-element elementor-element-3816116 elementor-section-boxed elementor-section-height-default elementor-section-height-default\" data-id=\"3816116\" data-element_type=\"section\">\n\t\t\t\t\t\t<div class=\"elementor-container elementor-column-gap-default\">\n\t\t\t\t\t<div class=\"elementor-column elementor-col-100 elementor-top-column elementor-element elementor-element-c626eb5\" data-id=\"c626eb5\" data-element_type=\"column\">\n\t\t\t<div class=\"elementor-widget-wrap elementor-element-populated\">\n\t\t\t\t\t\t<div class=\"elementor-element elementor-element-cff17a6 elementor-widget elementor-widget-text-editor\" data-id=\"cff17a6\" data-element_type=\"widget\" data-widget_type=\"text-editor.default\">\n\t\t\t\t<div class=\"elementor-widget-container\">\n\t\t\t\t\t\t\t\t\t<h2>Existe-t-il d\u2019autres supports aux couleurs du drapeau breton ?<\/h2>\t\t\t\t\t\t\t\t<\/div>\n\t\t\t\t<\/div>\n\t\t\t\t\t<\/div>\n\t\t<\/div>\n\t\t\t\t\t<\/div>\n\t\t<\/section>\n\t\t\t\t<section class=\"elementor-section elementor-top-section elementor-element elementor-element-3c7fbb3 elementor-section-boxed elementor-section-height-default elementor-section-height-default\" data-id=\"3c7fbb3\" data-element_type=\"section\">\n\t\t\t\t\t\t<div class=\"elementor-container elementor-column-gap-default\">\n\t\t\t\t\t<div class=\"elementor-column elementor-col-100 elementor-top-column elementor-element elementor-element-cdb9844\" data-id=\"cdb9844\" data-element_type=\"column\">\n\t\t\t<div class=\"elementor-widget-wrap elementor-element-populated\">\n\t\t\t\t\t\t<div class=\"elementor-element elementor-element-60a2fd4 elementor-widget elementor-widget-text-editor\" data-id=\"60a2fd4\" data-element_type=\"widget\" data-widget_type=\"text-editor.default\">\n\t\t\t\t<div class=\"elementor-widget-container\">\n\t\t\t\t\t\t\t\t\t<p>Oui, les couleurs de la Bretagne peuvent aussi s\u2019afficher sur diff\u00e9rents produits de communication comme la <a href=\"https:\/\/www.macapflag.com\/119-guirlande-personnalisable\" target=\"_blank\" rel=\"noopener\"><span style=\"color: #3366ff;\"><strong>guirlande de fanions<\/strong><\/span><\/a>, le kak\u00e9mono sous toutes ses formes (kak\u00e9mono oriflamme, kakemono suspendu etc), la <a href=\"https:\/\/www.macapflag.com\/76-nappe-personnalisee\" target=\"_blank\" rel=\"noopener\"><span style=\"color: #3366ff;\"><strong>nappe imprim\u00e9e<\/strong> <\/span><\/a>et d\u2019autres supports \u00e0 usage indoor et outdoor. Autant d\u2019opportunit\u00e9s de mettre en avant la sympathique identit\u00e9 bretonne.<\/p>\t\t\t\t\t\t\t\t<\/div>\n\t\t\t\t<\/div>\n\t\t\t\t\t<\/div>\n\t\t<\/div>\n\t\t\t\t\t<\/div>\n\t\t<\/section>\n\t\t\t\t<section class=\"elementor-section elementor-top-section elementor-element elementor-element-c1fa724 elementor-section-boxed elementor-section-height-default elementor-section-height-default\" data-id=\"c1fa724\" data-element_type=\"section\">\n\t\t\t\t\t\t<div class=\"elementor-container elementor-column-gap-default\">\n\t\t\t\t\t<div class=\"elementor-column elementor-col-33 elementor-top-column elementor-element elementor-element-eb92ff5\" data-id=\"eb92ff5\" data-element_type=\"column\">\n\t\t\t<div class=\"elementor-widget-wrap elementor-element-populated\">\n\t\t\t\t\t\t<div class=\"elementor-element elementor-element-7dff5fa elementor-widget elementor-widget-image\" data-id=\"7dff5fa\" data-element_type=\"widget\" data-widget_type=\"image.default\">\n\t\t\t\t<div class=\"elementor-widget-container\">\n\t\t\t\t\t\t\t\t\t\t\t\t<figure class=\"wp-caption\">\n\t\t\t\t\t\t\t\t\t\t<img decoding=\"async\" width=\"700\" height=\"534\" src=\"https:\/\/www.macapflag.com\/blog\/wp-content\/uploads\/2021\/10\/beachflag-bretagne-1.jpg\" class=\"attachment-large size-large wp-image-8492\" alt=\"Beach flag oriflamme aux couleurs du drapeau breton\" srcset=\"https:\/\/www.macapflag.com\/blog\/wp-content\/uploads\/2021\/10\/beachflag-bretagne-1.jpg 700w, https:\/\/www.macapflag.com\/blog\/wp-content\/uploads\/2021\/10\/beachflag-bretagne-1-300x229.jpg 300w\" sizes=\"(max-width: 700px) 100vw, 700px\" \/>\t\t\t\t\t\t\t\t\t\t\t<figcaption class=\"widget-image-caption wp-caption-text\">Beach flag<\/figcaption>\n\t\t\t\t\t\t\t\t\t\t<\/figure>\n\t\t\t\t\t\t\t\t\t<\/div>\n\t\t\t\t<\/div>\n\t\t\t\t\t<\/div>\n\t\t<\/div>\n\t\t\t\t<div class=\"elementor-column elementor-col-33 elementor-top-column elementor-element elementor-element-3e09be2\" data-id=\"3e09be2\" data-element_type=\"column\">\n\t\t\t<div class=\"elementor-widget-wrap elementor-element-populated\">\n\t\t\t\t\t\t<div class=\"elementor-element elementor-element-5189a17 elementor-widget elementor-widget-image\" data-id=\"5189a17\" data-element_type=\"widget\" data-widget_type=\"image.default\">\n\t\t\t\t<div class=\"elementor-widget-container\">\n\t\t\t\t\t\t\t\t\t\t\t\t<figure class=\"wp-caption\">\n\t\t\t\t\t\t\t\t\t\t<img decoding=\"async\" width=\"700\" height=\"534\" src=\"https:\/\/www.macapflag.com\/blog\/wp-content\/uploads\/2021\/10\/guirlande-de-fanions-bretons-1.jpg\" class=\"attachment-large size-large wp-image-8495\" alt=\"guirlande de fanions imprim\u00e9s du drapeau breton\" srcset=\"https:\/\/www.macapflag.com\/blog\/wp-content\/uploads\/2021\/10\/guirlande-de-fanions-bretons-1.jpg 700w, https:\/\/www.macapflag.com\/blog\/wp-content\/uploads\/2021\/10\/guirlande-de-fanions-bretons-1-300x229.jpg 300w\" sizes=\"(max-width: 700px) 100vw, 700px\" \/>\t\t\t\t\t\t\t\t\t\t\t<figcaption class=\"widget-image-caption wp-caption-text\">Guirlande de fanions<\/figcaption>\n\t\t\t\t\t\t\t\t\t\t<\/figure>\n\t\t\t\t\t\t\t\t\t<\/div>\n\t\t\t\t<\/div>\n\t\t\t\t\t<\/div>\n\t\t<\/div>\n\t\t\t\t<div class=\"elementor-column elementor-col-33 elementor-top-column elementor-element elementor-element-965a868\" data-id=\"965a868\" data-element_type=\"column\">\n\t\t\t<div class=\"elementor-widget-wrap elementor-element-populated\">\n\t\t\t\t\t\t<div class=\"elementor-element elementor-element-0f7c5e4 elementor-widget elementor-widget-image\" data-id=\"0f7c5e4\" data-element_type=\"widget\" data-widget_type=\"image.default\">\n\t\t\t\t<div class=\"elementor-widget-container\">\n\t\t\t\t\t\t\t\t\t\t\t\t<figure class=\"wp-caption\">\n\t\t\t\t\t\t\t\t\t\t<img loading=\"lazy\" decoding=\"async\" width=\"700\" height=\"534\" src=\"https:\/\/www.macapflag.com\/blog\/wp-content\/uploads\/2021\/10\/oriflamme-kakemono-breton-1.jpg\" class=\"attachment-large size-large wp-image-8496\" alt=\"Oriflamme kakemono aux couleurs du drapeau de la Bretagne\" srcset=\"https:\/\/www.macapflag.com\/blog\/wp-content\/uploads\/2021\/10\/oriflamme-kakemono-breton-1.jpg 700w, https:\/\/www.macapflag.com\/blog\/wp-content\/uploads\/2021\/10\/oriflamme-kakemono-breton-1-300x229.jpg 300w\" sizes=\"(max-width: 700px) 100vw, 700px\" \/>\t\t\t\t\t\t\t\t\t\t\t<figcaption class=\"widget-image-caption wp-caption-text\">Oriflamme kak\u00e9mono suspendu<\/figcaption>\n\t\t\t\t\t\t\t\t\t\t<\/figure>\n\t\t\t\t\t\t\t\t\t<\/div>\n\t\t\t\t<\/div>\n\t\t\t\t\t<\/div>\n\t\t<\/div>\n\t\t\t\t\t<\/div>\n\t\t<\/section>\n\t\t\t\t<\/div>\n\t\t","protected":false},"excerpt":{"rendered":"<div class=\"tmnf_excerpt\"><p>Il est des drapeaux de France qui sont de v\u00e9ritables stars, tellement connus et reconnus qu\u2019ils font partie int\u00e9grante du patrimoine de leur territoire. Le drapeau breton que l\u2019on appelle aussi \u201cGwenn ha Du\u201d en langue locale, en fait pleinement partie.Tour d\u2019horizon \u00e0 360\u00b0, en mode \u201cQuestions r\u00e9ponses\u201d. Quelles sont les origines du drapeau breton &hellip;<\/p>\n<\/div>","protected":false},"author":2,"featured_media":19966,"comment_status":"closed","ping_status":"open","sticky":false,"template":"template-fullwidth.php","format":"standard","meta":{"footnotes":""},"categories":[90],"tags":[],"class_list":["post-8283","post","type-post","status-publish","format-standard","has-post-thumbnail","hentry","category-produits-et-sols"],"yoast_head":"<!-- This site is optimized with the Yoast SEO plugin v26.4 - https:\/\/yoast.com\/wordpress\/plugins\/seo\/ -->\n<title>Focus sur le drapeau breton, origines, signification, design<\/title>\n<meta name=\"description\" content=\"Le drapeau breton fait partie du patrimoine de la Bretagne. Connu et reconnu, d\u00e9couvrez son histoire et et la signification de son design\" \/>\n<meta name=\"robots\" content=\"index, follow, max-snippet:-1, max-image-preview:large, max-video-preview:-1\" \/>\n<link rel=\"canonical\" href=\"https:\/\/www.macapflag.com\/blog\/drapeau-breton\/\" \/>\n<meta property=\"og:locale\" content=\"fr_FR\" \/>\n<meta property=\"og:type\" content=\"article\" \/>\n<meta property=\"og:title\" content=\"Focus sur le drapeau breton, origines, signification, design\" \/>\n<meta property=\"og:description\" content=\"Le drapeau breton fait partie du patrimoine de la Bretagne. Connu et reconnu, d\u00e9couvrez son histoire et et la signification de son design\" \/>\n<meta property=\"og:url\" content=\"https:\/\/www.macapflag.com\/blog\/drapeau-breton\/\" \/>\n<meta property=\"og:site_name\" content=\"Blog - Macap\" \/>\n<meta property=\"article:publisher\" content=\"https:\/\/www.facebook.com\/macap.pavoisement\/\" \/>\n<meta property=\"article:published_time\" content=\"2025-04-16T06:31:59+00:00\" \/>\n<meta property=\"og:image\" content=\"https:\/\/www.macapflag.com\/blog\/wp-content\/uploads\/2025\/04\/focus-sur-le-drapeau-breton-TITRE.jpg\" \/>\n\t<meta property=\"og:image:width\" content=\"870\" \/>\n\t<meta property=\"og:image:height\" content=\"600\" \/>\n\t<meta property=\"og:image:type\" content=\"image\/jpeg\" \/>\n<meta name=\"author\" content=\"Blog Macap\" \/>\n<meta name=\"twitter:card\" content=\"summary_large_image\" \/>\n<meta name=\"twitter:label1\" content=\"\u00c9crit par\" \/>\n\t<meta name=\"twitter:data1\" content=\"Blog Macap\" \/>\n\t<meta name=\"twitter:label2\" content=\"Dur\u00e9e de lecture estim\u00e9e\" \/>\n\t<meta name=\"twitter:data2\" content=\"7 minutes\" \/>\n<script type=\"application\/ld+json\" class=\"yoast-schema-graph\">{\"@context\":\"https:\/\/schema.org\",\"@graph\":[{\"@type\":\"Article\",\"@id\":\"https:\/\/www.macapflag.com\/blog\/drapeau-breton\/#article\",\"isPartOf\":{\"@id\":\"https:\/\/www.macapflag.com\/blog\/drapeau-breton\/\"},\"author\":{\"name\":\"Blog Macap\",\"@id\":\"https:\/\/www.macapflag.com\/blog\/#\/schema\/person\/3fea701f2603875e651e6b662578fc3c\"},\"headline\":\"Focus sur le drapeau breton\",\"datePublished\":\"2025-04-16T06:31:59+00:00\",\"mainEntityOfPage\":{\"@id\":\"https:\/\/www.macapflag.com\/blog\/drapeau-breton\/\"},\"wordCount\":1173,\"publisher\":{\"@id\":\"https:\/\/www.macapflag.com\/blog\/#organization\"},\"image\":{\"@id\":\"https:\/\/www.macapflag.com\/blog\/drapeau-breton\/#primaryimage\"},\"thumbnailUrl\":\"https:\/\/www.macapflag.com\/blog\/wp-content\/uploads\/2025\/04\/focus-sur-le-drapeau-breton-TITRE.jpg\",\"articleSection\":[\"Produits &amp; Solutions\"],\"inLanguage\":\"fr-FR\"},{\"@type\":\"WebPage\",\"@id\":\"https:\/\/www.macapflag.com\/blog\/drapeau-breton\/\",\"url\":\"https:\/\/www.macapflag.com\/blog\/drapeau-breton\/\",\"name\":\"Focus sur le drapeau breton, origines, signification, design\",\"isPartOf\":{\"@id\":\"https:\/\/www.macapflag.com\/blog\/#website\"},\"primaryImageOfPage\":{\"@id\":\"https:\/\/www.macapflag.com\/blog\/drapeau-breton\/#primaryimage\"},\"image\":{\"@id\":\"https:\/\/www.macapflag.com\/blog\/drapeau-breton\/#primaryimage\"},\"thumbnailUrl\":\"https:\/\/www.macapflag.com\/blog\/wp-content\/uploads\/2025\/04\/focus-sur-le-drapeau-breton-TITRE.jpg\",\"datePublished\":\"2025-04-16T06:31:59+00:00\",\"description\":\"Le drapeau breton fait partie du patrimoine de la Bretagne. Connu et reconnu, d\u00e9couvrez son histoire et et la signification de son design\",\"breadcrumb\":{\"@id\":\"https:\/\/www.macapflag.com\/blog\/drapeau-breton\/#breadcrumb\"},\"inLanguage\":\"fr-FR\",\"potentialAction\":[{\"@type\":\"ReadAction\",\"target\":[\"https:\/\/www.macapflag.com\/blog\/drapeau-breton\/\"]}]},{\"@type\":\"ImageObject\",\"inLanguage\":\"fr-FR\",\"@id\":\"https:\/\/www.macapflag.com\/blog\/drapeau-breton\/#primaryimage\",\"url\":\"https:\/\/www.macapflag.com\/blog\/wp-content\/uploads\/2025\/04\/focus-sur-le-drapeau-breton-TITRE.jpg\",\"contentUrl\":\"https:\/\/www.macapflag.com\/blog\/wp-content\/uploads\/2025\/04\/focus-sur-le-drapeau-breton-TITRE.jpg\",\"width\":870,\"height\":600,\"caption\":\"Tout savoir sur le drapeau breton\"},{\"@type\":\"BreadcrumbList\",\"@id\":\"https:\/\/www.macapflag.com\/blog\/drapeau-breton\/#breadcrumb\",\"itemListElement\":[{\"@type\":\"ListItem\",\"position\":1,\"name\":\"Accueil\",\"item\":\"https:\/\/www.macapflag.com\/blog\/\"},{\"@type\":\"ListItem\",\"position\":2,\"name\":\"Focus sur le drapeau breton\"}]},{\"@type\":\"WebSite\",\"@id\":\"https:\/\/www.macapflag.com\/blog\/#website\",\"url\":\"https:\/\/www.macapflag.com\/blog\/\",\"name\":\"Blog - Macap\",\"description\":\"Tous nos articles\",\"publisher\":{\"@id\":\"https:\/\/www.macapflag.com\/blog\/#organization\"},\"potentialAction\":[{\"@type\":\"SearchAction\",\"target\":{\"@type\":\"EntryPoint\",\"urlTemplate\":\"https:\/\/www.macapflag.com\/blog\/?s={search_term_string}\"},\"query-input\":{\"@type\":\"PropertyValueSpecification\",\"valueRequired\":true,\"valueName\":\"search_term_string\"}}],\"inLanguage\":\"fr-FR\"},{\"@type\":\"Organization\",\"@id\":\"https:\/\/www.macapflag.com\/blog\/#organization\",\"name\":\"macapflag\",\"url\":\"https:\/\/www.macapflag.com\/blog\/\",\"logo\":{\"@type\":\"ImageObject\",\"inLanguage\":\"fr-FR\",\"@id\":\"https:\/\/www.macapflag.com\/blog\/#\/schema\/logo\/image\/\",\"url\":\"https:\/\/www.macapflag.com\/blog\/wp-content\/uploads\/2020\/12\/cropped-M-512-1.png\",\"contentUrl\":\"https:\/\/www.macapflag.com\/blog\/wp-content\/uploads\/2020\/12\/cropped-M-512-1.png\",\"width\":512,\"height\":512,\"caption\":\"macapflag\"},\"image\":{\"@id\":\"https:\/\/www.macapflag.com\/blog\/#\/schema\/logo\/image\/\"},\"sameAs\":[\"https:\/\/www.facebook.com\/macap.pavoisement\/\",\"https:\/\/www.instagram.com\/macapflag\/?hl=fr\",\"https:\/\/www.linkedin.com\/company\/macap\/?originalSubdomain=fr\",\"https:\/\/www.youtube.com\/channel\/UCXNzTIdZh9poEBjSXEqDtNw\"]},{\"@type\":\"Person\",\"@id\":\"https:\/\/www.macapflag.com\/blog\/#\/schema\/person\/3fea701f2603875e651e6b662578fc3c\",\"name\":\"Blog Macap\",\"image\":{\"@type\":\"ImageObject\",\"inLanguage\":\"fr-FR\",\"@id\":\"https:\/\/www.macapflag.com\/blog\/#\/schema\/person\/image\/\",\"url\":\"https:\/\/secure.gravatar.com\/avatar\/c12551f2dc51f0db049633b03e7856985477a70da834cc8967dea4ce54bdd6a2?s=96&d=mm&r=g\",\"contentUrl\":\"https:\/\/secure.gravatar.com\/avatar\/c12551f2dc51f0db049633b03e7856985477a70da834cc8967dea4ce54bdd6a2?s=96&d=mm&r=g\",\"caption\":\"Blog Macap\"},\"url\":\"https:\/\/www.macapflag.com\/blog\/author\/macap\/\"}]}<\/script>\n<!-- \/ Yoast SEO plugin. -->","yoast_head_json":{"title":"Focus sur le drapeau breton, origines, signification, design","description":"Le drapeau breton fait partie du patrimoine de la Bretagne. Connu et reconnu, d\u00e9couvrez son histoire et et la signification de son design","robots":{"index":"index","follow":"follow","max-snippet":"max-snippet:-1","max-image-preview":"max-image-preview:large","max-video-preview":"max-video-preview:-1"},"canonical":"https:\/\/www.macapflag.com\/blog\/drapeau-breton\/","og_locale":"fr_FR","og_type":"article","og_title":"Focus sur le drapeau breton, origines, signification, design","og_description":"Le drapeau breton fait partie du patrimoine de la Bretagne. Connu et reconnu, d\u00e9couvrez son histoire et et la signification de son design","og_url":"https:\/\/www.macapflag.com\/blog\/drapeau-breton\/","og_site_name":"Blog - Macap","article_publisher":"https:\/\/www.facebook.com\/macap.pavoisement\/","article_published_time":"2025-04-16T06:31:59+00:00","og_image":[{"width":870,"height":600,"url":"https:\/\/www.macapflag.com\/blog\/wp-content\/uploads\/2025\/04\/focus-sur-le-drapeau-breton-TITRE.jpg","type":"image\/jpeg"}],"author":"Blog Macap","twitter_card":"summary_large_image","twitter_misc":{"\u00c9crit par":"Blog Macap","Dur\u00e9e de lecture estim\u00e9e":"7 minutes"},"schema":{"@context":"https:\/\/schema.org","@graph":[{"@type":"Article","@id":"https:\/\/www.macapflag.com\/blog\/drapeau-breton\/#article","isPartOf":{"@id":"https:\/\/www.macapflag.com\/blog\/drapeau-breton\/"},"author":{"name":"Blog Macap","@id":"https:\/\/www.macapflag.com\/blog\/#\/schema\/person\/3fea701f2603875e651e6b662578fc3c"},"headline":"Focus sur le drapeau breton","datePublished":"2025-04-16T06:31:59+00:00","mainEntityOfPage":{"@id":"https:\/\/www.macapflag.com\/blog\/drapeau-breton\/"},"wordCount":1173,"publisher":{"@id":"https:\/\/www.macapflag.com\/blog\/#organization"},"image":{"@id":"https:\/\/www.macapflag.com\/blog\/drapeau-breton\/#primaryimage"},"thumbnailUrl":"https:\/\/www.macapflag.com\/blog\/wp-content\/uploads\/2025\/04\/focus-sur-le-drapeau-breton-TITRE.jpg","articleSection":["Produits &amp; Solutions"],"inLanguage":"fr-FR"},{"@type":"WebPage","@id":"https:\/\/www.macapflag.com\/blog\/drapeau-breton\/","url":"https:\/\/www.macapflag.com\/blog\/drapeau-breton\/","name":"Focus sur le drapeau breton, origines, signification, design","isPartOf":{"@id":"https:\/\/www.macapflag.com\/blog\/#website"},"primaryImageOfPage":{"@id":"https:\/\/www.macapflag.com\/blog\/drapeau-breton\/#primaryimage"},"image":{"@id":"https:\/\/www.macapflag.com\/blog\/drapeau-breton\/#primaryimage"},"thumbnailUrl":"https:\/\/www.macapflag.com\/blog\/wp-content\/uploads\/2025\/04\/focus-sur-le-drapeau-breton-TITRE.jpg","datePublished":"2025-04-16T06:31:59+00:00","description":"Le drapeau breton fait partie du patrimoine de la Bretagne. Connu et reconnu, d\u00e9couvrez son histoire et et la signification de son design","breadcrumb":{"@id":"https:\/\/www.macapflag.com\/blog\/drapeau-breton\/#breadcrumb"},"inLanguage":"fr-FR","potentialAction":[{"@type":"ReadAction","target":["https:\/\/www.macapflag.com\/blog\/drapeau-breton\/"]}]},{"@type":"ImageObject","inLanguage":"fr-FR","@id":"https:\/\/www.macapflag.com\/blog\/drapeau-breton\/#primaryimage","url":"https:\/\/www.macapflag.com\/blog\/wp-content\/uploads\/2025\/04\/focus-sur-le-drapeau-breton-TITRE.jpg","contentUrl":"https:\/\/www.macapflag.com\/blog\/wp-content\/uploads\/2025\/04\/focus-sur-le-drapeau-breton-TITRE.jpg","width":870,"height":600,"caption":"Tout savoir sur le drapeau breton"},{"@type":"BreadcrumbList","@id":"https:\/\/www.macapflag.com\/blog\/drapeau-breton\/#breadcrumb","itemListElement":[{"@type":"ListItem","position":1,"name":"Accueil","item":"https:\/\/www.macapflag.com\/blog\/"},{"@type":"ListItem","position":2,"name":"Focus sur le drapeau breton"}]},{"@type":"WebSite","@id":"https:\/\/www.macapflag.com\/blog\/#website","url":"https:\/\/www.macapflag.com\/blog\/","name":"Blog - Macap","description":"Tous nos articles","publisher":{"@id":"https:\/\/www.macapflag.com\/blog\/#organization"},"potentialAction":[{"@type":"SearchAction","target":{"@type":"EntryPoint","urlTemplate":"https:\/\/www.macapflag.com\/blog\/?s={search_term_string}"},"query-input":{"@type":"PropertyValueSpecification","valueRequired":true,"valueName":"search_term_string"}}],"inLanguage":"fr-FR"},{"@type":"Organization","@id":"https:\/\/www.macapflag.com\/blog\/#organization","name":"macapflag","url":"https:\/\/www.macapflag.com\/blog\/","logo":{"@type":"ImageObject","inLanguage":"fr-FR","@id":"https:\/\/www.macapflag.com\/blog\/#\/schema\/logo\/image\/","url":"https:\/\/www.macapflag.com\/blog\/wp-content\/uploads\/2020\/12\/cropped-M-512-1.png","contentUrl":"https:\/\/www.macapflag.com\/blog\/wp-content\/uploads\/2020\/12\/cropped-M-512-1.png","width":512,"height":512,"caption":"macapflag"},"image":{"@id":"https:\/\/www.macapflag.com\/blog\/#\/schema\/logo\/image\/"},"sameAs":["https:\/\/www.facebook.com\/macap.pavoisement\/","https:\/\/www.instagram.com\/macapflag\/?hl=fr","https:\/\/www.linkedin.com\/company\/macap\/?originalSubdomain=fr","https:\/\/www.youtube.com\/channel\/UCXNzTIdZh9poEBjSXEqDtNw"]},{"@type":"Person","@id":"https:\/\/www.macapflag.com\/blog\/#\/schema\/person\/3fea701f2603875e651e6b662578fc3c","name":"Blog Macap","image":{"@type":"ImageObject","inLanguage":"fr-FR","@id":"https:\/\/www.macapflag.com\/blog\/#\/schema\/person\/image\/","url":"https:\/\/secure.gravatar.com\/avatar\/c12551f2dc51f0db049633b03e7856985477a70da834cc8967dea4ce54bdd6a2?s=96&d=mm&r=g","contentUrl":"https:\/\/secure.gravatar.com\/avatar\/c12551f2dc51f0db049633b03e7856985477a70da834cc8967dea4ce54bdd6a2?s=96&d=mm&r=g","caption":"Blog Macap"},"url":"https:\/\/www.macapflag.com\/blog\/author\/macap\/"}]}},"_links":{"self":[{"href":"https:\/\/www.macapflag.com\/blog\/wp-json\/wp\/v2\/posts\/8283","targetHints":{"allow":["GET"]}}],"collection":[{"href":"https:\/\/www.macapflag.com\/blog\/wp-json\/wp\/v2\/posts"}],"about":[{"href":"https:\/\/www.macapflag.com\/blog\/wp-json\/wp\/v2\/types\/post"}],"author":[{"embeddable":true,"href":"https:\/\/www.macapflag.com\/blog\/wp-json\/wp\/v2\/users\/2"}],"replies":[{"embeddable":true,"href":"https:\/\/www.macapflag.com\/blog\/wp-json\/wp\/v2\/comments?post=8283"}],"version-history":[{"count":37,"href":"https:\/\/www.macapflag.com\/blog\/wp-json\/wp\/v2\/posts\/8283\/revisions"}],"predecessor-version":[{"id":19497,"href":"https:\/\/www.macapflag.com\/blog\/wp-json\/wp\/v2\/posts\/8283\/revisions\/19497"}],"wp:featuredmedia":[{"embeddable":true,"href":"https:\/\/www.macapflag.com\/blog\/wp-json\/wp\/v2\/media\/19966"}],"wp:attachment":[{"href":"https:\/\/www.macapflag.com\/blog\/wp-json\/wp\/v2\/media?parent=8283"}],"wp:term":[{"taxonomy":"category","embeddable":true,"href":"https:\/\/www.macapflag.com\/blog\/wp-json\/wp\/v2\/categories?post=8283"},{"taxonomy":"post_tag","embeddable":true,"href":"https:\/\/www.macapflag.com\/blog\/wp-json\/wp\/v2\/tags?post=8283"}],"curies":[{"name":"wp","href":"https:\/\/api.w.org\/{rel}","templated":true}]}}