{"id":8448,"date":"2025-11-28T08:03:41","date_gmt":"2025-11-28T07:03:41","guid":{"rendered":"https:\/\/www.macapflag.com\/blog\/?p=8448"},"modified":"2025-11-28T08:03:41","modified_gmt":"2025-11-28T07:03:41","slug":"black-friday","status":"publish","type":"post","link":"https:\/\/www.macapflag.com\/blog\/black-friday\/","title":{"rendered":"Le ph\u00e9nom\u00e8ne Black Friday : entre bonnes affaires et strat\u00e9gies commerciales"},"content":{"rendered":"\t\t<div data-elementor-type=\"wp-post\" data-elementor-id=\"8448\" class=\"elementor elementor-8448\">\n\t\t\t\t\t\t<section class=\"elementor-section elementor-top-section elementor-element elementor-element-819cbc9 elementor-section-boxed elementor-section-height-default elementor-section-height-default\" data-id=\"819cbc9\" data-element_type=\"section\">\n\t\t\t\t\t\t<div class=\"elementor-container elementor-column-gap-default\">\n\t\t\t\t\t<div class=\"elementor-column elementor-col-100 elementor-top-column elementor-element elementor-element-c28cd86\" data-id=\"c28cd86\" data-element_type=\"column\">\n\t\t\t<div class=\"elementor-widget-wrap elementor-element-populated\">\n\t\t\t\t\t\t<div class=\"elementor-element elementor-element-ec1f095 elementor-widget elementor-widget-text-editor\" data-id=\"ec1f095\" data-element_type=\"widget\" data-widget_type=\"text-editor.default\">\n\t\t\t\t<div class=\"elementor-widget-container\">\n\t\t\t\t\t\t\t\t\t<p>Le Black Friday, litt\u00e9ralement le \u00ab Vendredi noir \u00bb, est devenu un \u00e9v\u00e9nement commercial incontournable, aussi bien pour les consommateurs que pour les commer\u00e7ants. Import\u00e9e des \u00c9tats-Unis, cette journ\u00e9e de promotions massives marque le d\u00e9but de la p\u00e9riode des achats de fin d\u2019ann\u00e9e. Elle suscite chaque ann\u00e9e un engouement grandissant, en magasin comme en ligne, et influence fortement les comportements d\u2019achat. Mais que signifie r\u00e9ellement ce terme, et quelles en sont les origines ?<\/p><h2>Que signifie le mot &#8220;Black Friday&#8221; ?<\/h2><p>L\u2019expression \u00ab Black Friday \u00bb d\u00e9signe une journ\u00e9e de promotions exceptionnelles, g\u00e9n\u00e9ralement organis\u00e9e le dernier vendredi de novembre, juste apr\u00e8s la f\u00eate de Thanksgiving. L\u2019adjectif \u00ab black \u00bb (noir) a longtemps \u00e9t\u00e9 associ\u00e9 \u00e0 des situations chaotiques, mais dans le contexte commercial, il fait surtout r\u00e9f\u00e9rence \u00e0 un pic d\u2019activit\u00e9 \u00e9conomique. Ce jour marque pour de nombreux commer\u00e7ants un passage symbolique de leurs comptes dans le \u00ab rouge \u00bb (d\u00e9ficit) au \u00ab noir \u00bb (b\u00e9n\u00e9fice), en raison de la forte hausse des ventes.<\/p><h2>Quelle est l&#8217;origine du terme &#8220;Black Friday&#8221; ?<\/h2><p>Certains affirment que le Black Friday serait n\u00e9 dans les ann\u00e9es 1930, \u00e0 l\u2019initiative de commer\u00e7ants souhaitant relancer l\u2019\u00e9conomie am\u00e9ricaine apr\u00e8s la grande d\u00e9pression de 1929. Les jours cl\u00e9s du krach qui se d\u00e9roula \u00e0 New-York entre le 24 et le 29 octobre 1929 furent souvent baptis\u00e9s \u201cjeudi noir\u201d, \u201clundi noir\u201d et \u201cmardi soir\u201d.<\/p><p>D\u2019autres avancent que ce nom de \u201cvendredi noir\u201d illustrerait l\u2019\u00e9tat tr\u00e8s encombr\u00e9 du trafic routier \u00e0 cette date qui marquait l\u2019arriv\u00e9e du p\u00e8re No\u00ebl dans les malls et les galeries marchandes.<\/p><p>Une autre histoire raconte que le terme de \u201cblack Friday\u201d r\u00e9v\u00e8le l\u2019\u00e9tat d\u2019esprit d\u00e9pit\u00e9 des patrons face \u00e0 l\u2019absence de leurs employ\u00e9s en ce vendredi qui suit la f\u00eate de Thanksgiving\u2026<\/p><p>Quelle que soit l\u2019origine r\u00e9elle de cette date, elle prend toute son importance au d\u00e9but des ann\u00e9es 1960 pour devenir, au fil des ans, la plus grosse journ\u00e9e de shopping de l\u2019ann\u00e9e aux \u00c9tats-Unis.<\/p><h2>Quelle est la date du Black Friday ?<\/h2><p>Chaque quatri\u00e8me jeudi du mois de novembre, les am\u00e9ricains f\u00eatent <b>Thanksgiving<\/b>. Dans le c\u0153ur du peuple am\u00e9ricain, cette f\u00eate est aussi importante que celle de No\u00ebl. La f\u00eate de Thanksgiving ou l\u2019action de gr\u00e2ce est une tradition qui remonte \u00e0 l\u2019\u00e9poque des premiers colons. En 1789, Georges Washington d\u00e9cr\u00e8te ce jour officiel en signe de reconnaissance \u00e0 Dieu et son soutien aux am\u00e9ricains pendant la guerre d\u2019ind\u00e9pendance.<br \/>C\u2019est en 1939 que le pr\u00e9sident Roosevelt fixera d\u00e9finitivement le \u201cThanksgiving Day\u201d au quatri\u00e8me jeudi du mois de novembre.<br \/><b>Le Black Friday se d\u00e9roule toujours le vendredi qui suit le jeudi de Thanksgiving.<\/b><\/p><p>Id\u00e9alement situ\u00e9 \u00e0 quelques semaines de No\u00ebl, il repr\u00e9sente un \u00e9norme pic de consommation, \u00e0 tel point que cette journ\u00e9e s\u2019est petit \u00e0 petit transform\u00e9e en week-end (black week-end) puis en v\u00e9ritable semaine de promotion (black week).<\/p><h2>Quelles sont les retomb\u00e9es \u00e9conomiques du Black Friday ?<\/h2><p>Le Black Friday repr\u00e9sente un enjeu \u00e9conomique majeur pour le secteur du commerce, aussi bien physique que digital. Aux \u00c9tats-Unis, les ventes g\u00e9n\u00e9r\u00e9es durant ce week-end d\u00e9passent r\u00e9guli\u00e8rement les 9 milliards de dollars. En France, le ph\u00e9nom\u00e8ne a pris de l\u2019ampleur depuis une dizaine d\u2019ann\u00e9es, avec des pics de consommation en ligne impressionnants. Les grandes enseignes et plateformes e-commerce r\u00e9alisent parfois jusqu\u2019\u00e0 30 % de leur chiffre d\u2019affaires annuel sur cette p\u00e9riode.<\/p><p>En 2024, un <a href=\"https:\/\/www.lefigaro.fr\/conso\/black-friday-12-millions-de-francais-se-sont-rendus-dans-les-centres-commerciaux-samedi-20241202\" target=\"_blank\" rel=\"noopener\">article du Figaro<\/a> indiquait que \u00ab 12 millions de Fran\u00e7ais \u00bb se sont rendus dans les centres commerciaux \u00e0 cette occasion et que 37\u2009% des Fran\u00e7ais planifiaient leurs achats de No\u00ebl lors du Black Friday.<\/p><p>Cependant, ce succ\u00e8s soul\u00e8ve aussi des critiques environnementales et sociales : incitation \u00e0 la surconsommation, pression sur les cha\u00eenes logistiques, conditions de travail intensifi\u00e9es\u2026 Certaines marques font aujourd\u2019hui le choix de ne pas participer ou de promouvoir des alternatives comme le Green Friday, ax\u00e9 sur une consommation plus responsable.<\/p><h2>Le Green Friday\u00ae, une alternative au Black Friday ?<\/h2><section class=\"elementor-section elementor-top-section elementor-element elementor-element-b1a1499 elementor-section-boxed elementor-section-height-default elementor-section-height-default\" data-id=\"b1a1499\" data-element_type=\"section\"><div class=\"elementor-container elementor-column-gap-default\"><div class=\"elementor-column elementor-col-100 elementor-top-column elementor-element elementor-element-957e673\" data-id=\"957e673\" data-element_type=\"column\"><div class=\"elementor-widget-wrap elementor-element-populated\"><div class=\"elementor-element elementor-element-17536d7 elementor-widget elementor-widget-text-editor\" data-id=\"17536d7\" data-element_type=\"widget\" data-widget_type=\"text-editor.default\"><div class=\"elementor-widget-container\"><p>Le Green Friday\u00ae est une journ\u00e9e initi\u00e9e en 2017 par les membres du r\u00e9seau Envie.<br \/>Le principe du Green Friday\u00ae est de sensibiliser \u00e0 la consommation responsable et d\u00e9noncer la logique du Black Friday, sans culpabilisation, mais en remettant les choix citoyens au c\u0153ur des enjeux environnementaux et sociaux li\u00e9s \u00e0 la consommation.<\/p><p><strong>Comment ?\u00a0<\/strong><br \/>En proposant de limiter le gaspillage, d\u2019encourager le recyclage et la r\u00e9paration.<br \/>En rappelant que l\u2019acte d\u2019achat est un choix fort avec des cons\u00e9quences concr\u00e8tes sur l\u2019environnement. Chaque euro d\u00e9pens\u00e9 est un vote pour le monde dans lequel nous voulons vivre.<br \/>En rappelant \u00e9galement que collectivement, nos actions et nos habitudes ont un impact important sur l\u2019environnement.<br \/>En proposant d\u2019acheter labellis\u00e9, d\u2019occasion, local, en privil\u00e9giant la robustesse.<\/p><p>Et finalement de passer de consommateur \u00e0 consom\u2019acteur.<\/p><p>Green Friday(r) est aujourd\u2019hui une marque d\u00e9pos\u00e9e.<br \/>Pour en savoir plus, rendez-vous sur le site :\u00a0<a href=\"https:\/\/greenfriday.fr\/\">https:\/\/greenfriday.fr\/<\/a><\/p><h2>Passez aux couleurs du Black Friday !<\/h2><p><span style=\"font-size: 16px;\">Notre \u00e9quipe de graphistes a cr\u00e9\u00e9 pour vous des visuels sp\u00e9cialement imagin\u00e9s pour le black friday qui vous permettent de communiquer, d\u2019informer, d\u2019orienter et surtout de booster vos ventes en magasins. <\/span><a style=\"font-size: 16px;\" href=\"https:\/\/www.macapflag.com\/41-beach-flag-oriflamme\"><span style=\"color: #3366ff;\">Beachflags oriflammes<\/span><\/a><span style=\"font-size: 16px;\">, <\/span><a style=\"font-size: 16px;\" href=\"https:\/\/www.macapflag.com\/39-banderole-bache-publicitaire\"><span style=\"color: #3366ff;\">banderoles<\/span><\/a><span style=\"font-size: 16px;\"> et <\/span><a style=\"font-size: 16px;\" href=\"https:\/\/www.macapflag.com\/59-display-roll-up\"><span style=\"color: #3366ff;\">roll-up <\/span><\/a><span style=\"font-size: 16px;\">sont autant de produits au design original \u00e0 recevoir rapidement partout en France.<\/span><\/p><\/div><\/div><\/div><\/div><\/div><\/section>\t\t\t\t\t\t\t\t<\/div>\n\t\t\t\t<\/div>\n\t\t\t\t\t<\/div>\n\t\t<\/div>\n\t\t\t\t\t<\/div>\n\t\t<\/section>\n\t\t\t\t<section class=\"elementor-section elementor-top-section elementor-element elementor-element-67454e9 elementor-section-boxed elementor-section-height-default elementor-section-height-default\" data-id=\"67454e9\" data-element_type=\"section\">\n\t\t\t\t\t\t<div class=\"elementor-container elementor-column-gap-default\">\n\t\t\t\t\t<div class=\"elementor-column elementor-col-33 elementor-top-column elementor-element elementor-element-f54dfae\" data-id=\"f54dfae\" data-element_type=\"column\">\n\t\t\t<div class=\"elementor-widget-wrap elementor-element-populated\">\n\t\t\t\t\t\t<div class=\"elementor-element elementor-element-29259ef elementor-widget elementor-widget-shortcode\" data-id=\"29259ef\" data-element_type=\"widget\" data-widget_type=\"shortcode.default\">\n\t\t\t\t<div class=\"elementor-widget-container\">\n\t\t\t\t\t\t\t<div class=\"elementor-shortcode\"><div class=\"container p-0 m-0\">\n    <div class=\"row m-0 border\">\n        <div class=\"col-12 grid-didpd-body text-center\">\n            <img decoding=\"async\" src=\"https:\/\/www.macapflag.com\/1853824-home_default\/banderole-pvc-oeillets-100x400-cmplv-black-friday-modele-2.jpg\" alt=\"Banderole PVC imprim&eacute;e  Black Friday\" class=\"mx-auto\" \/>\n            <div class=\"grid-didpd-text\">\n                <a href=\"https:\/\/www.macapflag.com\/plv-operations-commerciales\/790652-banderole-pvc-oeillets-100x400-cmplv-black-friday-modele-2.html\" target=\"_blank\" class=\"stretched-link\">\n                    <h3>Banderole PVC imprim\u00e9e  Black Friday<\/h3>\n                <\/a>\n            <\/div>\n                        <p class=\"text-center font-weight-bold\">57,00 \u20ac HT<\/p>            <div class=\"text-center\">\n                <button class=\"btn btn-primary\">Achat banderole<\/button>\n            <\/div>\n        <\/div>\n    <\/div>\n<\/div>\n<\/div>\n\t\t\t\t\t\t<\/div>\n\t\t\t\t<\/div>\n\t\t\t\t\t<\/div>\n\t\t<\/div>\n\t\t\t\t<div class=\"elementor-column elementor-col-33 elementor-top-column elementor-element elementor-element-061dda8\" data-id=\"061dda8\" data-element_type=\"column\">\n\t\t\t<div class=\"elementor-widget-wrap elementor-element-populated\">\n\t\t\t\t\t\t<div class=\"elementor-element elementor-element-27716bb elementor-widget elementor-widget-shortcode\" data-id=\"27716bb\" data-element_type=\"widget\" data-widget_type=\"shortcode.default\">\n\t\t\t\t<div class=\"elementor-widget-container\">\n\t\t\t\t\t\t\t<div class=\"elementor-shortcode\"><div class=\"container p-0 m-0\">\n    <div class=\"row m-0 border\">\n        <div class=\"col-12 grid-didpd-body text-center\">\n            <img decoding=\"async\" src=\"https:\/\/www.macapflag.com\/1853822-home_default\/beach-flag-oriflamme-classique-28-mvisuel-black-friday-modele-2.jpg\" alt=\"Beachflag oriflamme  imprim&eacute;  Black Friday\" class=\"mx-auto\" \/>\n            <div class=\"grid-didpd-text\">\n                <a href=\"https:\/\/www.macapflag.com\/plv-operations-commerciales\/790651-beach-flag-oriflamme-classique-28-mvisuel-black-friday-modele-2.html\" target=\"_blank\" class=\"stretched-link\">\n                    <h3>Beachflag oriflamme  imprim\u00e9  Black Friday<\/h3>\n                <\/a>\n            <\/div>\n                        <p class=\"text-center font-weight-bold\">112,10 \u20ac HT<\/p>            <div class=\"text-center\">\n                <button class=\"btn btn-primary\">Achat oriflamme<\/button>\n            <\/div>\n        <\/div>\n    <\/div>\n<\/div>\n<\/div>\n\t\t\t\t\t\t<\/div>\n\t\t\t\t<\/div>\n\t\t\t\t\t<\/div>\n\t\t<\/div>\n\t\t\t\t<div class=\"elementor-column elementor-col-33 elementor-top-column elementor-element elementor-element-b722799\" data-id=\"b722799\" data-element_type=\"column\">\n\t\t\t<div class=\"elementor-widget-wrap elementor-element-populated\">\n\t\t\t\t\t\t<div class=\"elementor-element elementor-element-7b5b87c elementor-widget elementor-widget-shortcode\" data-id=\"7b5b87c\" data-element_type=\"widget\" data-widget_type=\"shortcode.default\">\n\t\t\t\t<div class=\"elementor-widget-container\">\n\t\t\t\t\t\t\t<div class=\"elementor-shortcode\"><div class=\"container p-0 m-0\">\n    <div class=\"row m-0 border\">\n        <div class=\"col-12 grid-didpd-body text-center\">\n            <img decoding=\"async\" src=\"https:\/\/www.macapflag.com\/1853827-home_default\/roll-up-80x200-cmvisuelblack-friday-modele-2.jpg\" alt=\"Roll Up imprim&eacute;  Black Friday\" class=\"mx-auto\" \/>\n            <div class=\"grid-didpd-text\">\n                <a href=\"https:\/\/www.macapflag.com\/plv-operations-commerciales\/790653-roll-up-80x200-cmvisuelblack-friday-modele-2.html\" target=\"_blank\" class=\"stretched-link\">\n                    <h3>Roll Up imprim\u00e9  Black Friday<\/h3>\n                <\/a>\n            <\/div>\n                        <p class=\"text-center font-weight-bold\">51,30 \u20ac HT<\/p>            <div class=\"text-center\">\n                <button class=\"btn btn-primary\">Achat rollup<\/button>\n            <\/div>\n        <\/div>\n    <\/div>\n<\/div>\n<\/div>\n\t\t\t\t\t\t<\/div>\n\t\t\t\t<\/div>\n\t\t\t\t\t<\/div>\n\t\t<\/div>\n\t\t\t\t\t<\/div>\n\t\t<\/section>\n\t\t\t\t<section class=\"elementor-section elementor-top-section elementor-element elementor-element-e89104e elementor-section-boxed elementor-section-height-default elementor-section-height-default\" data-id=\"e89104e\" data-element_type=\"section\">\n\t\t\t\t\t\t<div class=\"elementor-container elementor-column-gap-default\">\n\t\t\t\t\t<div class=\"elementor-column elementor-col-33 elementor-top-column elementor-element elementor-element-a7e8a75\" data-id=\"a7e8a75\" data-element_type=\"column\">\n\t\t\t<div class=\"elementor-widget-wrap elementor-element-populated\">\n\t\t\t\t\t\t<div class=\"elementor-element elementor-element-1a0632a elementor-widget elementor-widget-shortcode\" data-id=\"1a0632a\" data-element_type=\"widget\" data-widget_type=\"shortcode.default\">\n\t\t\t\t<div class=\"elementor-widget-container\">\n\t\t\t\t\t\t\t<div class=\"elementor-shortcode\"><div class=\"container p-0 m-0\">\n    <div class=\"row m-0 border\">\n        <div class=\"col-12 grid-didpd-body text-center\">\n            <img decoding=\"async\" src=\"https:\/\/www.macapflag.com\/1853803-home_default\/banderole-pvc-oeillets-80x300-cmplv-black-friday-modele-1.jpg\" alt=\"Banderole PVC imprim&eacute;e  Black Friday\" class=\"mx-auto\" \/>\n            <div class=\"grid-didpd-text\">\n                <a href=\"https:\/\/www.macapflag.com\/plv-operations-commerciales\/790644-banderole-pvc-oeillets-80x300-cmplv-black-friday-modele-1.html\" target=\"_blank\" class=\"stretched-link\">\n                    <h3>Banderole PVC imprim\u00e9e  Black Friday<\/h3>\n                <\/a>\n            <\/div>\n                        <p class=\"text-center font-weight-bold\">42,75 \u20ac HT<\/p>            <div class=\"text-center\">\n                <button class=\"btn btn-primary\">Achat banderole<\/button>\n            <\/div>\n        <\/div>\n    <\/div>\n<\/div>\n<\/div>\n\t\t\t\t\t\t<\/div>\n\t\t\t\t<\/div>\n\t\t\t\t\t<\/div>\n\t\t<\/div>\n\t\t\t\t<div class=\"elementor-column elementor-col-33 elementor-top-column elementor-element elementor-element-94e5185\" data-id=\"94e5185\" data-element_type=\"column\">\n\t\t\t<div class=\"elementor-widget-wrap elementor-element-populated\">\n\t\t\t\t\t\t<div class=\"elementor-element elementor-element-b96c006 elementor-widget elementor-widget-shortcode\" data-id=\"b96c006\" data-element_type=\"widget\" data-widget_type=\"shortcode.default\">\n\t\t\t\t<div class=\"elementor-widget-container\">\n\t\t\t\t\t\t\t<div class=\"elementor-shortcode\"><div class=\"container p-0 m-0\">\n    <div class=\"row m-0 border\">\n        <div class=\"col-12 grid-didpd-body text-center\">\n            <img decoding=\"async\" src=\"https:\/\/www.macapflag.com\/1855411-home_default\/beach-flag-oriflamme-potence-350-mvisuel-black-friday-modele-1.jpg\" alt=\"Beachflag oriflamme  imprim&eacute;  Black Friday\" class=\"mx-auto\" \/>\n            <div class=\"grid-didpd-text\">\n                <a href=\"https:\/\/www.macapflag.com\/plv-operations-commerciales\/791257-beach-flag-oriflamme-potence-350-mvisuel-black-friday-modele-1.html\" target=\"_blank\" class=\"stretched-link\">\n                    <h3>Beachflag oriflamme  imprim\u00e9  Black Friday<\/h3>\n                <\/a>\n            <\/div>\n                        <p class=\"text-center font-weight-bold\">142,50 \u20ac HT<\/p>            <div class=\"text-center\">\n                <button class=\"btn btn-primary\">Achat oriflamme<\/button>\n            <\/div>\n        <\/div>\n    <\/div>\n<\/div>\n<\/div>\n\t\t\t\t\t\t<\/div>\n\t\t\t\t<\/div>\n\t\t\t\t\t<\/div>\n\t\t<\/div>\n\t\t\t\t<div class=\"elementor-column elementor-col-33 elementor-top-column elementor-element elementor-element-f0aa45b\" data-id=\"f0aa45b\" data-element_type=\"column\">\n\t\t\t<div class=\"elementor-widget-wrap elementor-element-populated\">\n\t\t\t\t\t\t<div class=\"elementor-element elementor-element-887d0d8 elementor-widget elementor-widget-shortcode\" data-id=\"887d0d8\" data-element_type=\"widget\" data-widget_type=\"shortcode.default\">\n\t\t\t\t<div class=\"elementor-widget-container\">\n\t\t\t\t\t\t\t<div class=\"elementor-shortcode\"><div class=\"container p-0 m-0\">\n    <div class=\"row m-0 border\">\n        <div class=\"col-12 grid-didpd-body text-center\">\n            <img decoding=\"async\" src=\"https:\/\/www.macapflag.com\/1853814-home_default\/roll-up-80x200-cmvisuelblack-friday-modele-1.jpg\" alt=\"Roll Up imprim&eacute;  Black Friday\" class=\"mx-auto\" \/>\n            <div class=\"grid-didpd-text\">\n                <a href=\"https:\/\/www.macapflag.com\/plv-operations-commerciales\/790648-roll-up-80x200-cmvisuelblack-friday-modele-1.html\" target=\"_blank\" class=\"stretched-link\">\n                    <h3>Roll Up imprim\u00e9  Black Friday<\/h3>\n                <\/a>\n            <\/div>\n                        <p class=\"text-center font-weight-bold\">51,30 \u20ac HT<\/p>            <div class=\"text-center\">\n                <button class=\"btn btn-primary\">Achat rollup<\/button>\n            <\/div>\n        <\/div>\n    <\/div>\n<\/div>\n<\/div>\n\t\t\t\t\t\t<\/div>\n\t\t\t\t<\/div>\n\t\t\t\t\t<\/div>\n\t\t<\/div>\n\t\t\t\t\t<\/div>\n\t\t<\/section>\n\t\t\t\t<\/div>\n\t\t","protected":false},"excerpt":{"rendered":"<div class=\"tmnf_excerpt\"><p>Le Black Friday, litt\u00e9ralement le \u00ab Vendredi noir \u00bb, est devenu un \u00e9v\u00e9nement commercial incontournable, aussi bien pour les consommateurs que pour les commer\u00e7ants. Import\u00e9e des \u00c9tats-Unis, cette journ\u00e9e de promotions massives marque le d\u00e9but de la p\u00e9riode des achats de fin d\u2019ann\u00e9e. Elle suscite chaque ann\u00e9e un engouement grandissant, en magasin comme en ligne, &hellip;<\/p>\n<\/div>","protected":false},"author":2,"featured_media":8449,"comment_status":"closed","ping_status":"open","sticky":false,"template":"template-fullwidth.php","format":"standard","meta":{"footnotes":""},"categories":[92],"tags":[],"class_list":["post-8448","post","type-post","status-publish","format-standard","has-post-thumbnail","hentry","category-news"],"yoast_head":"<!-- This site is optimized with the Yoast SEO plugin v26.4 - https:\/\/yoast.com\/wordpress\/plugins\/seo\/ -->\n<title>D\u00e9cryptage du ph\u00e9nom\u00e8ne Black Friday<\/title>\n<meta name=\"description\" content=\"\u00c0 la d\u00e9couverte du ph\u00e9nom\u00e8ne Black Friday, origines, impact \u00e9conomique et engouement aux Etats-Unis et en France\" \/>\n<meta name=\"robots\" content=\"index, follow, max-snippet:-1, max-image-preview:large, max-video-preview:-1\" \/>\n<link rel=\"canonical\" href=\"https:\/\/www.macapflag.com\/blog\/black-friday\/\" \/>\n<meta property=\"og:locale\" content=\"fr_FR\" \/>\n<meta property=\"og:type\" content=\"article\" \/>\n<meta property=\"og:title\" content=\"D\u00e9cryptage du ph\u00e9nom\u00e8ne Black Friday\" \/>\n<meta property=\"og:description\" content=\"\u00c0 la d\u00e9couverte du ph\u00e9nom\u00e8ne Black Friday, origines, impact \u00e9conomique et engouement aux Etats-Unis et en France\" \/>\n<meta property=\"og:url\" content=\"https:\/\/www.macapflag.com\/blog\/black-friday\/\" \/>\n<meta property=\"og:site_name\" content=\"Blog - Macap\" \/>\n<meta property=\"article:publisher\" content=\"https:\/\/www.facebook.com\/macap.pavoisement\/\" \/>\n<meta property=\"article:published_time\" content=\"2025-11-28T07:03:41+00:00\" \/>\n<meta property=\"og:image\" content=\"https:\/\/www.macapflag.com\/blog\/wp-content\/uploads\/2021\/10\/phenomene-black-friday.jpg\" \/>\n\t<meta property=\"og:image:width\" content=\"870\" \/>\n\t<meta property=\"og:image:height\" content=\"600\" \/>\n\t<meta property=\"og:image:type\" content=\"image\/jpeg\" \/>\n<meta name=\"author\" content=\"Blog Macap\" \/>\n<meta name=\"twitter:card\" content=\"summary_large_image\" \/>\n<meta name=\"twitter:label1\" content=\"\u00c9crit par\" \/>\n\t<meta name=\"twitter:data1\" content=\"Blog Macap\" \/>\n\t<meta name=\"twitter:label2\" content=\"Dur\u00e9e de lecture estim\u00e9e\" \/>\n\t<meta name=\"twitter:data2\" content=\"5 minutes\" \/>\n<script type=\"application\/ld+json\" class=\"yoast-schema-graph\">{\"@context\":\"https:\/\/schema.org\",\"@graph\":[{\"@type\":\"Article\",\"@id\":\"https:\/\/www.macapflag.com\/blog\/black-friday\/#article\",\"isPartOf\":{\"@id\":\"https:\/\/www.macapflag.com\/blog\/black-friday\/\"},\"author\":{\"name\":\"Blog Macap\",\"@id\":\"https:\/\/www.macapflag.com\/blog\/#\/schema\/person\/3fea701f2603875e651e6b662578fc3c\"},\"headline\":\"Le ph\u00e9nom\u00e8ne Black Friday : entre bonnes affaires et strat\u00e9gies commerciales\",\"datePublished\":\"2025-11-28T07:03:41+00:00\",\"mainEntityOfPage\":{\"@id\":\"https:\/\/www.macapflag.com\/blog\/black-friday\/\"},\"wordCount\":1075,\"publisher\":{\"@id\":\"https:\/\/www.macapflag.com\/blog\/#organization\"},\"image\":{\"@id\":\"https:\/\/www.macapflag.com\/blog\/black-friday\/#primaryimage\"},\"thumbnailUrl\":\"https:\/\/www.macapflag.com\/blog\/wp-content\/uploads\/2021\/10\/phenomene-black-friday.jpg\",\"articleSection\":[\"News &amp; Actu\"],\"inLanguage\":\"fr-FR\"},{\"@type\":\"WebPage\",\"@id\":\"https:\/\/www.macapflag.com\/blog\/black-friday\/\",\"url\":\"https:\/\/www.macapflag.com\/blog\/black-friday\/\",\"name\":\"D\u00e9cryptage du ph\u00e9nom\u00e8ne Black Friday\",\"isPartOf\":{\"@id\":\"https:\/\/www.macapflag.com\/blog\/#website\"},\"primaryImageOfPage\":{\"@id\":\"https:\/\/www.macapflag.com\/blog\/black-friday\/#primaryimage\"},\"image\":{\"@id\":\"https:\/\/www.macapflag.com\/blog\/black-friday\/#primaryimage\"},\"thumbnailUrl\":\"https:\/\/www.macapflag.com\/blog\/wp-content\/uploads\/2021\/10\/phenomene-black-friday.jpg\",\"datePublished\":\"2025-11-28T07:03:41+00:00\",\"description\":\"\u00c0 la d\u00e9couverte du ph\u00e9nom\u00e8ne Black Friday, origines, impact \u00e9conomique et engouement aux Etats-Unis et en France\",\"breadcrumb\":{\"@id\":\"https:\/\/www.macapflag.com\/blog\/black-friday\/#breadcrumb\"},\"inLanguage\":\"fr-FR\",\"potentialAction\":[{\"@type\":\"ReadAction\",\"target\":[\"https:\/\/www.macapflag.com\/blog\/black-friday\/\"]}]},{\"@type\":\"ImageObject\",\"inLanguage\":\"fr-FR\",\"@id\":\"https:\/\/www.macapflag.com\/blog\/black-friday\/#primaryimage\",\"url\":\"https:\/\/www.macapflag.com\/blog\/wp-content\/uploads\/2021\/10\/phenomene-black-friday.jpg\",\"contentUrl\":\"https:\/\/www.macapflag.com\/blog\/wp-content\/uploads\/2021\/10\/phenomene-black-friday.jpg\",\"width\":870,\"height\":600,\"caption\":\"Le ph\u00e9nom\u00e8ne Black Friday\"},{\"@type\":\"BreadcrumbList\",\"@id\":\"https:\/\/www.macapflag.com\/blog\/black-friday\/#breadcrumb\",\"itemListElement\":[{\"@type\":\"ListItem\",\"position\":1,\"name\":\"Accueil\",\"item\":\"https:\/\/www.macapflag.com\/blog\/\"},{\"@type\":\"ListItem\",\"position\":2,\"name\":\"Le ph\u00e9nom\u00e8ne Black Friday : entre bonnes affaires et strat\u00e9gies commerciales\"}]},{\"@type\":\"WebSite\",\"@id\":\"https:\/\/www.macapflag.com\/blog\/#website\",\"url\":\"https:\/\/www.macapflag.com\/blog\/\",\"name\":\"Blog - Macap\",\"description\":\"Tous nos articles\",\"publisher\":{\"@id\":\"https:\/\/www.macapflag.com\/blog\/#organization\"},\"potentialAction\":[{\"@type\":\"SearchAction\",\"target\":{\"@type\":\"EntryPoint\",\"urlTemplate\":\"https:\/\/www.macapflag.com\/blog\/?s={search_term_string}\"},\"query-input\":{\"@type\":\"PropertyValueSpecification\",\"valueRequired\":true,\"valueName\":\"search_term_string\"}}],\"inLanguage\":\"fr-FR\"},{\"@type\":\"Organization\",\"@id\":\"https:\/\/www.macapflag.com\/blog\/#organization\",\"name\":\"macapflag\",\"url\":\"https:\/\/www.macapflag.com\/blog\/\",\"logo\":{\"@type\":\"ImageObject\",\"inLanguage\":\"fr-FR\",\"@id\":\"https:\/\/www.macapflag.com\/blog\/#\/schema\/logo\/image\/\",\"url\":\"https:\/\/www.macapflag.com\/blog\/wp-content\/uploads\/2020\/12\/cropped-M-512-1.png\",\"contentUrl\":\"https:\/\/www.macapflag.com\/blog\/wp-content\/uploads\/2020\/12\/cropped-M-512-1.png\",\"width\":512,\"height\":512,\"caption\":\"macapflag\"},\"image\":{\"@id\":\"https:\/\/www.macapflag.com\/blog\/#\/schema\/logo\/image\/\"},\"sameAs\":[\"https:\/\/www.facebook.com\/macap.pavoisement\/\",\"https:\/\/www.instagram.com\/macapflag\/?hl=fr\",\"https:\/\/www.linkedin.com\/company\/macap\/?originalSubdomain=fr\",\"https:\/\/www.youtube.com\/channel\/UCXNzTIdZh9poEBjSXEqDtNw\"]},{\"@type\":\"Person\",\"@id\":\"https:\/\/www.macapflag.com\/blog\/#\/schema\/person\/3fea701f2603875e651e6b662578fc3c\",\"name\":\"Blog Macap\",\"image\":{\"@type\":\"ImageObject\",\"inLanguage\":\"fr-FR\",\"@id\":\"https:\/\/www.macapflag.com\/blog\/#\/schema\/person\/image\/\",\"url\":\"https:\/\/secure.gravatar.com\/avatar\/c12551f2dc51f0db049633b03e7856985477a70da834cc8967dea4ce54bdd6a2?s=96&d=mm&r=g\",\"contentUrl\":\"https:\/\/secure.gravatar.com\/avatar\/c12551f2dc51f0db049633b03e7856985477a70da834cc8967dea4ce54bdd6a2?s=96&d=mm&r=g\",\"caption\":\"Blog Macap\"},\"url\":\"https:\/\/www.macapflag.com\/blog\/author\/macap\/\"}]}<\/script>\n<!-- \/ Yoast SEO plugin. -->","yoast_head_json":{"title":"D\u00e9cryptage du ph\u00e9nom\u00e8ne Black Friday","description":"\u00c0 la d\u00e9couverte du ph\u00e9nom\u00e8ne Black Friday, origines, impact \u00e9conomique et engouement aux Etats-Unis et en France","robots":{"index":"index","follow":"follow","max-snippet":"max-snippet:-1","max-image-preview":"max-image-preview:large","max-video-preview":"max-video-preview:-1"},"canonical":"https:\/\/www.macapflag.com\/blog\/black-friday\/","og_locale":"fr_FR","og_type":"article","og_title":"D\u00e9cryptage du ph\u00e9nom\u00e8ne Black Friday","og_description":"\u00c0 la d\u00e9couverte du ph\u00e9nom\u00e8ne Black Friday, origines, impact \u00e9conomique et engouement aux Etats-Unis et en France","og_url":"https:\/\/www.macapflag.com\/blog\/black-friday\/","og_site_name":"Blog - Macap","article_publisher":"https:\/\/www.facebook.com\/macap.pavoisement\/","article_published_time":"2025-11-28T07:03:41+00:00","og_image":[{"width":870,"height":600,"url":"https:\/\/www.macapflag.com\/blog\/wp-content\/uploads\/2021\/10\/phenomene-black-friday.jpg","type":"image\/jpeg"}],"author":"Blog Macap","twitter_card":"summary_large_image","twitter_misc":{"\u00c9crit par":"Blog Macap","Dur\u00e9e de lecture estim\u00e9e":"5 minutes"},"schema":{"@context":"https:\/\/schema.org","@graph":[{"@type":"Article","@id":"https:\/\/www.macapflag.com\/blog\/black-friday\/#article","isPartOf":{"@id":"https:\/\/www.macapflag.com\/blog\/black-friday\/"},"author":{"name":"Blog Macap","@id":"https:\/\/www.macapflag.com\/blog\/#\/schema\/person\/3fea701f2603875e651e6b662578fc3c"},"headline":"Le ph\u00e9nom\u00e8ne Black Friday : entre bonnes affaires et strat\u00e9gies commerciales","datePublished":"2025-11-28T07:03:41+00:00","mainEntityOfPage":{"@id":"https:\/\/www.macapflag.com\/blog\/black-friday\/"},"wordCount":1075,"publisher":{"@id":"https:\/\/www.macapflag.com\/blog\/#organization"},"image":{"@id":"https:\/\/www.macapflag.com\/blog\/black-friday\/#primaryimage"},"thumbnailUrl":"https:\/\/www.macapflag.com\/blog\/wp-content\/uploads\/2021\/10\/phenomene-black-friday.jpg","articleSection":["News &amp; Actu"],"inLanguage":"fr-FR"},{"@type":"WebPage","@id":"https:\/\/www.macapflag.com\/blog\/black-friday\/","url":"https:\/\/www.macapflag.com\/blog\/black-friday\/","name":"D\u00e9cryptage du ph\u00e9nom\u00e8ne Black Friday","isPartOf":{"@id":"https:\/\/www.macapflag.com\/blog\/#website"},"primaryImageOfPage":{"@id":"https:\/\/www.macapflag.com\/blog\/black-friday\/#primaryimage"},"image":{"@id":"https:\/\/www.macapflag.com\/blog\/black-friday\/#primaryimage"},"thumbnailUrl":"https:\/\/www.macapflag.com\/blog\/wp-content\/uploads\/2021\/10\/phenomene-black-friday.jpg","datePublished":"2025-11-28T07:03:41+00:00","description":"\u00c0 la d\u00e9couverte du ph\u00e9nom\u00e8ne Black Friday, origines, impact \u00e9conomique et engouement aux Etats-Unis et en France","breadcrumb":{"@id":"https:\/\/www.macapflag.com\/blog\/black-friday\/#breadcrumb"},"inLanguage":"fr-FR","potentialAction":[{"@type":"ReadAction","target":["https:\/\/www.macapflag.com\/blog\/black-friday\/"]}]},{"@type":"ImageObject","inLanguage":"fr-FR","@id":"https:\/\/www.macapflag.com\/blog\/black-friday\/#primaryimage","url":"https:\/\/www.macapflag.com\/blog\/wp-content\/uploads\/2021\/10\/phenomene-black-friday.jpg","contentUrl":"https:\/\/www.macapflag.com\/blog\/wp-content\/uploads\/2021\/10\/phenomene-black-friday.jpg","width":870,"height":600,"caption":"Le ph\u00e9nom\u00e8ne Black Friday"},{"@type":"BreadcrumbList","@id":"https:\/\/www.macapflag.com\/blog\/black-friday\/#breadcrumb","itemListElement":[{"@type":"ListItem","position":1,"name":"Accueil","item":"https:\/\/www.macapflag.com\/blog\/"},{"@type":"ListItem","position":2,"name":"Le ph\u00e9nom\u00e8ne Black Friday : entre bonnes affaires et strat\u00e9gies commerciales"}]},{"@type":"WebSite","@id":"https:\/\/www.macapflag.com\/blog\/#website","url":"https:\/\/www.macapflag.com\/blog\/","name":"Blog - Macap","description":"Tous nos articles","publisher":{"@id":"https:\/\/www.macapflag.com\/blog\/#organization"},"potentialAction":[{"@type":"SearchAction","target":{"@type":"EntryPoint","urlTemplate":"https:\/\/www.macapflag.com\/blog\/?s={search_term_string}"},"query-input":{"@type":"PropertyValueSpecification","valueRequired":true,"valueName":"search_term_string"}}],"inLanguage":"fr-FR"},{"@type":"Organization","@id":"https:\/\/www.macapflag.com\/blog\/#organization","name":"macapflag","url":"https:\/\/www.macapflag.com\/blog\/","logo":{"@type":"ImageObject","inLanguage":"fr-FR","@id":"https:\/\/www.macapflag.com\/blog\/#\/schema\/logo\/image\/","url":"https:\/\/www.macapflag.com\/blog\/wp-content\/uploads\/2020\/12\/cropped-M-512-1.png","contentUrl":"https:\/\/www.macapflag.com\/blog\/wp-content\/uploads\/2020\/12\/cropped-M-512-1.png","width":512,"height":512,"caption":"macapflag"},"image":{"@id":"https:\/\/www.macapflag.com\/blog\/#\/schema\/logo\/image\/"},"sameAs":["https:\/\/www.facebook.com\/macap.pavoisement\/","https:\/\/www.instagram.com\/macapflag\/?hl=fr","https:\/\/www.linkedin.com\/company\/macap\/?originalSubdomain=fr","https:\/\/www.youtube.com\/channel\/UCXNzTIdZh9poEBjSXEqDtNw"]},{"@type":"Person","@id":"https:\/\/www.macapflag.com\/blog\/#\/schema\/person\/3fea701f2603875e651e6b662578fc3c","name":"Blog Macap","image":{"@type":"ImageObject","inLanguage":"fr-FR","@id":"https:\/\/www.macapflag.com\/blog\/#\/schema\/person\/image\/","url":"https:\/\/secure.gravatar.com\/avatar\/c12551f2dc51f0db049633b03e7856985477a70da834cc8967dea4ce54bdd6a2?s=96&d=mm&r=g","contentUrl":"https:\/\/secure.gravatar.com\/avatar\/c12551f2dc51f0db049633b03e7856985477a70da834cc8967dea4ce54bdd6a2?s=96&d=mm&r=g","caption":"Blog Macap"},"url":"https:\/\/www.macapflag.com\/blog\/author\/macap\/"}]}},"_links":{"self":[{"href":"https:\/\/www.macapflag.com\/blog\/wp-json\/wp\/v2\/posts\/8448","targetHints":{"allow":["GET"]}}],"collection":[{"href":"https:\/\/www.macapflag.com\/blog\/wp-json\/wp\/v2\/posts"}],"about":[{"href":"https:\/\/www.macapflag.com\/blog\/wp-json\/wp\/v2\/types\/post"}],"author":[{"embeddable":true,"href":"https:\/\/www.macapflag.com\/blog\/wp-json\/wp\/v2\/users\/2"}],"replies":[{"embeddable":true,"href":"https:\/\/www.macapflag.com\/blog\/wp-json\/wp\/v2\/comments?post=8448"}],"version-history":[{"count":59,"href":"https:\/\/www.macapflag.com\/blog\/wp-json\/wp\/v2\/posts\/8448\/revisions"}],"predecessor-version":[{"id":21224,"href":"https:\/\/www.macapflag.com\/blog\/wp-json\/wp\/v2\/posts\/8448\/revisions\/21224"}],"wp:featuredmedia":[{"embeddable":true,"href":"https:\/\/www.macapflag.com\/blog\/wp-json\/wp\/v2\/media\/8449"}],"wp:attachment":[{"href":"https:\/\/www.macapflag.com\/blog\/wp-json\/wp\/v2\/media?parent=8448"}],"wp:term":[{"taxonomy":"category","embeddable":true,"href":"https:\/\/www.macapflag.com\/blog\/wp-json\/wp\/v2\/categories?post=8448"},{"taxonomy":"post_tag","embeddable":true,"href":"https:\/\/www.macapflag.com\/blog\/wp-json\/wp\/v2\/tags?post=8448"}],"curies":[{"name":"wp","href":"https:\/\/api.w.org\/{rel}","templated":true}]}}