{"id":8889,"date":"2021-11-22T16:28:32","date_gmt":"2021-11-22T15:28:32","guid":{"rendered":"https:\/\/www.macapflag.com\/blog\/?p=8889"},"modified":"2021-11-29T08:14:56","modified_gmt":"2021-11-29T07:14:56","slug":"groupe-lombardot","status":"publish","type":"post","link":"https:\/\/www.macapflag.com\/blog\/groupe-lombardot\/","title":{"rendered":"Le Groupe Lombardot"},"content":{"rendered":"\t\t<div data-elementor-type=\"wp-post\" data-elementor-id=\"8889\" class=\"elementor elementor-8889\">\n\t\t\t\t\t\t<section class=\"elementor-section elementor-top-section elementor-element elementor-element-06ff97a elementor-section-boxed elementor-section-height-default elementor-section-height-default\" data-id=\"06ff97a\" data-element_type=\"section\">\n\t\t\t\t\t\t<div class=\"elementor-container elementor-column-gap-default\">\n\t\t\t\t\t<div class=\"elementor-column elementor-col-100 elementor-top-column elementor-element elementor-element-49a02aa\" data-id=\"49a02aa\" data-element_type=\"column\">\n\t\t\t<div class=\"elementor-widget-wrap elementor-element-populated\">\n\t\t\t\t\t\t<div class=\"elementor-element elementor-element-ec989d4 elementor-widget elementor-widget-text-editor\" data-id=\"ec989d4\" data-element_type=\"widget\" data-widget_type=\"text-editor.default\">\n\t\t\t\t<div class=\"elementor-widget-container\">\n\t\t\t\t\t\t\t\t\t<p>C\u2019est \u00e0 l\u2019Avenue 83 \u00e0 la Valette du Var que le groupe Lombardot a choisi d\u2019exposer sa nouvelle gamme de v\u00e9hicules Mercedes\u00ae.<br \/>Des <a href=\"https:\/\/www.macapflag.com\/beach-flag-oriflamme\/245-beach-flag-oriflamme-classique-kit-complet-fourreau-elastique-noir.html\"><span style=\"color: #3366ff;\"><strong>beach flags oriflammes<\/strong><\/span><\/a> avec <a href=\"https:\/\/www.macapflag.com\/beach-flag-oriflamme\/593633-pied-autocal-pour-beachflag.html\"><span style=\"color: #3366ff;\"><strong>pied autocal<\/strong><\/span><\/a> fabriqu\u00e9s par Macap permettent de communiquer et de mettre en avant cette op\u00e9ration de pr\u00e9sentation.<\/p>\t\t\t\t\t\t\t\t<\/div>\n\t\t\t\t<\/div>\n\t\t\t\t\t<\/div>\n\t\t<\/div>\n\t\t\t\t\t<\/div>\n\t\t<\/section>\n\t\t\t\t<section class=\"elementor-section elementor-top-section elementor-element elementor-element-bee1323 elementor-section-boxed elementor-section-height-default elementor-section-height-default\" data-id=\"bee1323\" data-element_type=\"section\">\n\t\t\t\t\t\t<div class=\"elementor-container elementor-column-gap-default\">\n\t\t\t\t\t<div class=\"elementor-column elementor-col-50 elementor-top-column elementor-element elementor-element-6ca4687\" data-id=\"6ca4687\" data-element_type=\"column\">\n\t\t\t<div class=\"elementor-widget-wrap elementor-element-populated\">\n\t\t\t\t\t\t<div class=\"elementor-element elementor-element-ec11635 elementor-widget elementor-widget-image\" data-id=\"ec11635\" data-element_type=\"widget\" data-widget_type=\"image.default\">\n\t\t\t\t<div class=\"elementor-widget-container\">\n\t\t\t\t\t\t\t\t\t\t\t\t\t\t\t<img fetchpriority=\"high\" decoding=\"async\" width=\"534\" height=\"700\" src=\"https:\/\/www.macapflag.com\/blog\/wp-content\/uploads\/2021\/11\/groupe-lombardot-1.jpg\" class=\"attachment-large size-large wp-image-8891\" alt=\"Le groupe Lombardot expose ses v\u00e9hicules \u00e0 l&#039;Avenue 83\" srcset=\"https:\/\/www.macapflag.com\/blog\/wp-content\/uploads\/2021\/11\/groupe-lombardot-1.jpg 534w, https:\/\/www.macapflag.com\/blog\/wp-content\/uploads\/2021\/11\/groupe-lombardot-1-229x300.jpg 229w\" sizes=\"(max-width: 534px) 100vw, 534px\" \/>\t\t\t\t\t\t\t\t\t\t\t\t\t\t\t<\/div>\n\t\t\t\t<\/div>\n\t\t\t\t\t<\/div>\n\t\t<\/div>\n\t\t\t\t<div class=\"elementor-column elementor-col-50 elementor-top-column elementor-element elementor-element-2e5a5bf\" data-id=\"2e5a5bf\" data-element_type=\"column\">\n\t\t\t<div class=\"elementor-widget-wrap elementor-element-populated\">\n\t\t\t\t\t\t<div class=\"elementor-element elementor-element-c22460e elementor-widget elementor-widget-image\" data-id=\"c22460e\" data-element_type=\"widget\" data-widget_type=\"image.default\">\n\t\t\t\t<div class=\"elementor-widget-container\">\n\t\t\t\t\t\t\t\t\t\t\t\t\t\t\t<img decoding=\"async\" width=\"534\" height=\"700\" src=\"https:\/\/www.macapflag.com\/blog\/wp-content\/uploads\/2021\/11\/groupe-lombardot-2.jpg\" class=\"attachment-large size-large wp-image-8892\" alt=\"Les voitures Mercedes expos\u00e9es \u00e0 l&#039;Avenue 83\" srcset=\"https:\/\/www.macapflag.com\/blog\/wp-content\/uploads\/2021\/11\/groupe-lombardot-2.jpg 534w, https:\/\/www.macapflag.com\/blog\/wp-content\/uploads\/2021\/11\/groupe-lombardot-2-229x300.jpg 229w\" sizes=\"(max-width: 534px) 100vw, 534px\" \/>\t\t\t\t\t\t\t\t\t\t\t\t\t\t\t<\/div>\n\t\t\t\t<\/div>\n\t\t\t\t\t<\/div>\n\t\t<\/div>\n\t\t\t\t\t<\/div>\n\t\t<\/section>\n\t\t\t\t<section class=\"elementor-section elementor-top-section elementor-element elementor-element-8999c90 elementor-section-boxed elementor-section-height-default elementor-section-height-default\" data-id=\"8999c90\" data-element_type=\"section\">\n\t\t\t\t\t\t<div class=\"elementor-container elementor-column-gap-default\">\n\t\t\t\t\t<div class=\"elementor-column elementor-col-50 elementor-top-column elementor-element elementor-element-c05d961\" data-id=\"c05d961\" data-element_type=\"column\">\n\t\t\t<div class=\"elementor-widget-wrap elementor-element-populated\">\n\t\t\t\t\t\t<div class=\"elementor-element elementor-element-ce9fae1 elementor-widget elementor-widget-image\" data-id=\"ce9fae1\" data-element_type=\"widget\" data-widget_type=\"image.default\">\n\t\t\t\t<div class=\"elementor-widget-container\">\n\t\t\t\t\t\t\t\t\t\t\t\t\t\t\t<img decoding=\"async\" width=\"534\" height=\"700\" src=\"https:\/\/www.macapflag.com\/blog\/wp-content\/uploads\/2021\/11\/groupe-lombardot-3.jpg\" class=\"attachment-large size-large wp-image-8893\" alt=\"Les voitures Mercedes expos\u00e9es \u00e0 l&#039;Avenue 83 avec les beachflags oriflammes personnalis\u00e9s du Groupe Lombardot\" srcset=\"https:\/\/www.macapflag.com\/blog\/wp-content\/uploads\/2021\/11\/groupe-lombardot-3.jpg 534w, https:\/\/www.macapflag.com\/blog\/wp-content\/uploads\/2021\/11\/groupe-lombardot-3-229x300.jpg 229w\" sizes=\"(max-width: 534px) 100vw, 534px\" \/>\t\t\t\t\t\t\t\t\t\t\t\t\t\t\t<\/div>\n\t\t\t\t<\/div>\n\t\t\t\t\t<\/div>\n\t\t<\/div>\n\t\t\t\t<div class=\"elementor-column elementor-col-50 elementor-top-column elementor-element elementor-element-048f5e9\" data-id=\"048f5e9\" data-element_type=\"column\">\n\t\t\t<div class=\"elementor-widget-wrap elementor-element-populated\">\n\t\t\t\t\t\t<div class=\"elementor-element elementor-element-9afeeca elementor-widget elementor-widget-image\" data-id=\"9afeeca\" data-element_type=\"widget\" data-widget_type=\"image.default\">\n\t\t\t\t<div class=\"elementor-widget-container\">\n\t\t\t\t\t\t\t\t\t\t\t\t\t\t\t<img loading=\"lazy\" decoding=\"async\" width=\"534\" height=\"700\" src=\"https:\/\/www.macapflag.com\/blog\/wp-content\/uploads\/2021\/11\/groupe-lombardot-4.jpg\" class=\"attachment-large size-large wp-image-8894\" alt=\"Les voitures Mercedes expos\u00e9es \u00e0 l&#039;Avenue 83 avec les beachflags du Groupe Lombardot\" srcset=\"https:\/\/www.macapflag.com\/blog\/wp-content\/uploads\/2021\/11\/groupe-lombardot-4.jpg 534w, https:\/\/www.macapflag.com\/blog\/wp-content\/uploads\/2021\/11\/groupe-lombardot-4-229x300.jpg 229w\" sizes=\"(max-width: 534px) 100vw, 534px\" \/>\t\t\t\t\t\t\t\t\t\t\t\t\t\t\t<\/div>\n\t\t\t\t<\/div>\n\t\t\t\t\t<\/div>\n\t\t<\/div>\n\t\t\t\t\t<\/div>\n\t\t<\/section>\n\t\t\t\t<section class=\"elementor-section elementor-top-section elementor-element elementor-element-b1372a4 elementor-section-boxed elementor-section-height-default elementor-section-height-default\" data-id=\"b1372a4\" data-element_type=\"section\">\n\t\t\t\t\t\t<div class=\"elementor-container elementor-column-gap-default\">\n\t\t\t\t\t<div class=\"elementor-column elementor-col-100 elementor-top-column elementor-element elementor-element-0fae297\" data-id=\"0fae297\" data-element_type=\"column\">\n\t\t\t<div class=\"elementor-widget-wrap elementor-element-populated\">\n\t\t\t\t\t\t<div class=\"elementor-element elementor-element-7df208b elementor-widget elementor-widget-text-editor\" data-id=\"7df208b\" data-element_type=\"widget\" data-widget_type=\"text-editor.default\">\n\t\t\t\t<div class=\"elementor-widget-container\">\n\t\t\t\t\t\t\t\t\t<p>Ces supports de communication utilisables aussi bien en int\u00e9rieur qu\u2019en ext\u00e9rieur sont particuli\u00e8rement pris\u00e9s par le monde de l\u2019automobile :<br \/>. <strong>La voile du beach flag<\/strong> est en textile polyester totalement personnalisable, elle est dynamique et attire ainsi l&#8217;\u0153il des passants.<\/p>\t\t\t\t\t\t\t\t<\/div>\n\t\t\t\t<\/div>\n\t\t\t\t\t<\/div>\n\t\t<\/div>\n\t\t\t\t\t<\/div>\n\t\t<\/section>\n\t\t\t\t<section class=\"elementor-section elementor-top-section elementor-element elementor-element-5492004 elementor-section-boxed elementor-section-height-default elementor-section-height-default\" data-id=\"5492004\" data-element_type=\"section\">\n\t\t\t\t\t\t<div class=\"elementor-container elementor-column-gap-default\">\n\t\t\t\t\t<div class=\"elementor-column elementor-col-50 elementor-top-column elementor-element elementor-element-d607c1f\" data-id=\"d607c1f\" data-element_type=\"column\">\n\t\t\t<div class=\"elementor-widget-wrap elementor-element-populated\">\n\t\t\t\t\t\t<div class=\"elementor-element elementor-element-208c700 elementor-widget elementor-widget-image\" data-id=\"208c700\" data-element_type=\"widget\" data-widget_type=\"image.default\">\n\t\t\t\t<div class=\"elementor-widget-container\">\n\t\t\t\t\t\t\t\t\t\t\t\t\t\t\t\t<a href=\"https:\/\/www.macapflag.com\/beach-flag-oriflamme\/593633-pied-autocal-pour-beachflag.html\">\n\t\t\t\t\t\t\t<img loading=\"lazy\" decoding=\"async\" width=\"534\" height=\"700\" src=\"https:\/\/www.macapflag.com\/blog\/wp-content\/uploads\/2021\/11\/groupe-lombardot-5.jpg\" class=\"attachment-large size-large wp-image-8895\" alt=\"Le pied autocal pour beach flag\" srcset=\"https:\/\/www.macapflag.com\/blog\/wp-content\/uploads\/2021\/11\/groupe-lombardot-5.jpg 534w, https:\/\/www.macapflag.com\/blog\/wp-content\/uploads\/2021\/11\/groupe-lombardot-5-229x300.jpg 229w\" sizes=\"(max-width: 534px) 100vw, 534px\" \/>\t\t\t\t\t\t\t\t<\/a>\n\t\t\t\t\t\t\t\t\t\t\t\t\t\t\t<\/div>\n\t\t\t\t<\/div>\n\t\t\t\t\t<\/div>\n\t\t<\/div>\n\t\t\t\t<div class=\"elementor-column elementor-col-50 elementor-top-column elementor-element elementor-element-f07bcee\" data-id=\"f07bcee\" data-element_type=\"column\">\n\t\t\t<div class=\"elementor-widget-wrap elementor-element-populated\">\n\t\t\t\t\t\t<div class=\"elementor-element elementor-element-59f60cc elementor-widget elementor-widget-text-editor\" data-id=\"59f60cc\" data-element_type=\"widget\" data-widget_type=\"text-editor.default\">\n\t\t\t\t<div class=\"elementor-widget-container\">\n\t\t\t\t\t\t\t\t\t<p>. <strong>Le pied autocal<\/strong> se glisse sous la roue de n\u2019importe quel v\u00e9hicule en assurant ainsi la stabilit\u00e9 du beach flag quelles que soient les conditions m\u00e9t\u00e9orologiques. Son poids est de 2.8 kg.<\/p>\n<p>. <strong>L\u2019ensemble<\/strong> est tr\u00e8s facile \u00e0 transporter et s\u2019installe en quelques minutes sans outils.<\/p>\t\t\t\t\t\t\t\t<\/div>\n\t\t\t\t<\/div>\n\t\t\t\t\t<\/div>\n\t\t<\/div>\n\t\t\t\t\t<\/div>\n\t\t<\/section>\n\t\t\t\t<section class=\"elementor-section elementor-top-section elementor-element elementor-element-e01adec elementor-section-boxed elementor-section-height-default elementor-section-height-default\" data-id=\"e01adec\" data-element_type=\"section\">\n\t\t\t\t\t\t<div class=\"elementor-container elementor-column-gap-default\">\n\t\t\t\t\t<div class=\"elementor-column elementor-col-100 elementor-top-column elementor-element elementor-element-40e215f\" data-id=\"40e215f\" data-element_type=\"column\">\n\t\t\t<div class=\"elementor-widget-wrap elementor-element-populated\">\n\t\t\t\t\t\t<div class=\"elementor-element elementor-element-d6a480e elementor-widget elementor-widget-text-editor\" data-id=\"d6a480e\" data-element_type=\"widget\" data-widget_type=\"text-editor.default\">\n\t\t\t\t<div class=\"elementor-widget-container\">\n\t\t\t\t\t\t\t\t\t<p style=\"text-align: center;\"><br \/>Merci au Groupe Lombardot pour sa confiance !<br \/><span style=\"color: #3366ff;\"><a style=\"color: #3366ff;\" href=\"https:\/\/www.groupelombardot.com\/\">https:\/\/www.groupelombardot.com\/<\/a><\/span><\/p>\t\t\t\t\t\t\t\t<\/div>\n\t\t\t\t<\/div>\n\t\t\t\t\t<\/div>\n\t\t<\/div>\n\t\t\t\t\t<\/div>\n\t\t<\/section>\n\t\t\t\t<\/div>\n\t\t","protected":false},"excerpt":{"rendered":"<div class=\"tmnf_excerpt\"><p>C\u2019est \u00e0 l\u2019Avenue 83 \u00e0 la Valette du Var que le groupe Lombardot a choisi d\u2019exposer sa nouvelle gamme de v\u00e9hicules Mercedes\u00ae.Des beach flags oriflammes avec pied autocal fabriqu\u00e9s par Macap permettent de communiquer et de mettre en avant cette op\u00e9ration de pr\u00e9sentation. Ces supports de communication utilisables aussi bien en int\u00e9rieur qu\u2019en ext\u00e9rieur sont &hellip;<\/p>\n<\/div>","protected":false},"author":2,"featured_media":7880,"comment_status":"closed","ping_status":"open","sticky":false,"template":"template-fullwidth.php","format":"standard","meta":{"footnotes":""},"categories":[92],"tags":[],"class_list":["post-8889","post","type-post","status-publish","format-standard","has-post-thumbnail","hentry","category-news"],"yoast_head":"<!-- This site is optimized with the Yoast SEO plugin v26.4 - https:\/\/yoast.com\/wordpress\/plugins\/seo\/ -->\n<title>Le groupe Lombardot expose ses v\u00e9hicules Mercedes \u00e0 l&#039;Avenue 83<\/title>\n<meta name=\"description\" content=\"Lors de la pr\u00e9sentation de v\u00e9hicules Mercedes au centre commercial de l&#039;Avenue 83, le Groupe Lombardot a choisi les beachflags de Macap\" \/>\n<meta name=\"robots\" content=\"index, follow, max-snippet:-1, max-image-preview:large, max-video-preview:-1\" \/>\n<link rel=\"canonical\" href=\"https:\/\/www.macapflag.com\/blog\/groupe-lombardot\/\" \/>\n<meta property=\"og:locale\" content=\"fr_FR\" \/>\n<meta property=\"og:type\" content=\"article\" \/>\n<meta property=\"og:title\" content=\"Le groupe Lombardot expose ses v\u00e9hicules Mercedes \u00e0 l&#039;Avenue 83\" \/>\n<meta property=\"og:description\" content=\"Lors de la pr\u00e9sentation de v\u00e9hicules Mercedes au centre commercial de l&#039;Avenue 83, le Groupe Lombardot a choisi les beachflags de Macap\" \/>\n<meta property=\"og:url\" content=\"https:\/\/www.macapflag.com\/blog\/groupe-lombardot\/\" \/>\n<meta property=\"og:site_name\" content=\"Blog - Macap\" \/>\n<meta property=\"article:publisher\" content=\"https:\/\/www.facebook.com\/macap.pavoisement\/\" \/>\n<meta property=\"article:published_time\" content=\"2021-11-22T15:28:32+00:00\" \/>\n<meta property=\"article:modified_time\" content=\"2021-11-29T07:14:56+00:00\" \/>\n<meta property=\"og:image\" content=\"https:\/\/www.macapflag.com\/blog\/wp-content\/uploads\/2021\/09\/ils-nous-font-confiance-TITRE.jpg\" \/>\n\t<meta property=\"og:image:width\" content=\"870\" \/>\n\t<meta property=\"og:image:height\" content=\"601\" \/>\n\t<meta property=\"og:image:type\" content=\"image\/jpeg\" \/>\n<meta name=\"author\" content=\"Blog Macap\" \/>\n<meta name=\"twitter:card\" content=\"summary_large_image\" \/>\n<meta name=\"twitter:label1\" content=\"\u00c9crit par\" \/>\n\t<meta name=\"twitter:data1\" content=\"Blog Macap\" \/>\n\t<meta name=\"twitter:label2\" content=\"Dur\u00e9e de lecture estim\u00e9e\" \/>\n\t<meta name=\"twitter:data2\" content=\"2 minutes\" \/>\n<script type=\"application\/ld+json\" class=\"yoast-schema-graph\">{\"@context\":\"https:\/\/schema.org\",\"@graph\":[{\"@type\":\"Article\",\"@id\":\"https:\/\/www.macapflag.com\/blog\/groupe-lombardot\/#article\",\"isPartOf\":{\"@id\":\"https:\/\/www.macapflag.com\/blog\/groupe-lombardot\/\"},\"author\":{\"name\":\"Blog Macap\",\"@id\":\"https:\/\/www.macapflag.com\/blog\/#\/schema\/person\/3fea701f2603875e651e6b662578fc3c\"},\"headline\":\"Le Groupe Lombardot\",\"datePublished\":\"2021-11-22T15:28:32+00:00\",\"dateModified\":\"2021-11-29T07:14:56+00:00\",\"mainEntityOfPage\":{\"@id\":\"https:\/\/www.macapflag.com\/blog\/groupe-lombardot\/\"},\"wordCount\":158,\"publisher\":{\"@id\":\"https:\/\/www.macapflag.com\/blog\/#organization\"},\"image\":{\"@id\":\"https:\/\/www.macapflag.com\/blog\/groupe-lombardot\/#primaryimage\"},\"thumbnailUrl\":\"https:\/\/www.macapflag.com\/blog\/wp-content\/uploads\/2021\/09\/ils-nous-font-confiance-TITRE.jpg\",\"articleSection\":[\"News &amp; Actu\"],\"inLanguage\":\"fr-FR\"},{\"@type\":\"WebPage\",\"@id\":\"https:\/\/www.macapflag.com\/blog\/groupe-lombardot\/\",\"url\":\"https:\/\/www.macapflag.com\/blog\/groupe-lombardot\/\",\"name\":\"Le groupe Lombardot expose ses v\u00e9hicules Mercedes \u00e0 l'Avenue 83\",\"isPartOf\":{\"@id\":\"https:\/\/www.macapflag.com\/blog\/#website\"},\"primaryImageOfPage\":{\"@id\":\"https:\/\/www.macapflag.com\/blog\/groupe-lombardot\/#primaryimage\"},\"image\":{\"@id\":\"https:\/\/www.macapflag.com\/blog\/groupe-lombardot\/#primaryimage\"},\"thumbnailUrl\":\"https:\/\/www.macapflag.com\/blog\/wp-content\/uploads\/2021\/09\/ils-nous-font-confiance-TITRE.jpg\",\"datePublished\":\"2021-11-22T15:28:32+00:00\",\"dateModified\":\"2021-11-29T07:14:56+00:00\",\"description\":\"Lors de la pr\u00e9sentation de v\u00e9hicules Mercedes au centre commercial de l'Avenue 83, le Groupe Lombardot a choisi les beachflags de Macap\",\"breadcrumb\":{\"@id\":\"https:\/\/www.macapflag.com\/blog\/groupe-lombardot\/#breadcrumb\"},\"inLanguage\":\"fr-FR\",\"potentialAction\":[{\"@type\":\"ReadAction\",\"target\":[\"https:\/\/www.macapflag.com\/blog\/groupe-lombardot\/\"]}]},{\"@type\":\"ImageObject\",\"inLanguage\":\"fr-FR\",\"@id\":\"https:\/\/www.macapflag.com\/blog\/groupe-lombardot\/#primaryimage\",\"url\":\"https:\/\/www.macapflag.com\/blog\/wp-content\/uploads\/2021\/09\/ils-nous-font-confiance-TITRE.jpg\",\"contentUrl\":\"https:\/\/www.macapflag.com\/blog\/wp-content\/uploads\/2021\/09\/ils-nous-font-confiance-TITRE.jpg\",\"width\":870,\"height\":601,\"caption\":\"Le groupe automobile Lombardot\"},{\"@type\":\"BreadcrumbList\",\"@id\":\"https:\/\/www.macapflag.com\/blog\/groupe-lombardot\/#breadcrumb\",\"itemListElement\":[{\"@type\":\"ListItem\",\"position\":1,\"name\":\"Accueil\",\"item\":\"https:\/\/www.macapflag.com\/blog\/\"},{\"@type\":\"ListItem\",\"position\":2,\"name\":\"Le Groupe Lombardot\"}]},{\"@type\":\"WebSite\",\"@id\":\"https:\/\/www.macapflag.com\/blog\/#website\",\"url\":\"https:\/\/www.macapflag.com\/blog\/\",\"name\":\"Blog - Macap\",\"description\":\"Tous nos articles\",\"publisher\":{\"@id\":\"https:\/\/www.macapflag.com\/blog\/#organization\"},\"potentialAction\":[{\"@type\":\"SearchAction\",\"target\":{\"@type\":\"EntryPoint\",\"urlTemplate\":\"https:\/\/www.macapflag.com\/blog\/?s={search_term_string}\"},\"query-input\":{\"@type\":\"PropertyValueSpecification\",\"valueRequired\":true,\"valueName\":\"search_term_string\"}}],\"inLanguage\":\"fr-FR\"},{\"@type\":\"Organization\",\"@id\":\"https:\/\/www.macapflag.com\/blog\/#organization\",\"name\":\"macapflag\",\"url\":\"https:\/\/www.macapflag.com\/blog\/\",\"logo\":{\"@type\":\"ImageObject\",\"inLanguage\":\"fr-FR\",\"@id\":\"https:\/\/www.macapflag.com\/blog\/#\/schema\/logo\/image\/\",\"url\":\"https:\/\/www.macapflag.com\/blog\/wp-content\/uploads\/2020\/12\/cropped-M-512-1.png\",\"contentUrl\":\"https:\/\/www.macapflag.com\/blog\/wp-content\/uploads\/2020\/12\/cropped-M-512-1.png\",\"width\":512,\"height\":512,\"caption\":\"macapflag\"},\"image\":{\"@id\":\"https:\/\/www.macapflag.com\/blog\/#\/schema\/logo\/image\/\"},\"sameAs\":[\"https:\/\/www.facebook.com\/macap.pavoisement\/\",\"https:\/\/www.instagram.com\/macapflag\/?hl=fr\",\"https:\/\/www.linkedin.com\/company\/macap\/?originalSubdomain=fr\",\"https:\/\/www.youtube.com\/channel\/UCXNzTIdZh9poEBjSXEqDtNw\"]},{\"@type\":\"Person\",\"@id\":\"https:\/\/www.macapflag.com\/blog\/#\/schema\/person\/3fea701f2603875e651e6b662578fc3c\",\"name\":\"Blog Macap\",\"image\":{\"@type\":\"ImageObject\",\"inLanguage\":\"fr-FR\",\"@id\":\"https:\/\/www.macapflag.com\/blog\/#\/schema\/person\/image\/\",\"url\":\"https:\/\/secure.gravatar.com\/avatar\/c12551f2dc51f0db049633b03e7856985477a70da834cc8967dea4ce54bdd6a2?s=96&d=mm&r=g\",\"contentUrl\":\"https:\/\/secure.gravatar.com\/avatar\/c12551f2dc51f0db049633b03e7856985477a70da834cc8967dea4ce54bdd6a2?s=96&d=mm&r=g\",\"caption\":\"Blog Macap\"},\"url\":\"https:\/\/www.macapflag.com\/blog\/author\/macap\/\"}]}<\/script>\n<!-- \/ Yoast SEO plugin. -->","yoast_head_json":{"title":"Le groupe Lombardot expose ses v\u00e9hicules Mercedes \u00e0 l'Avenue 83","description":"Lors de la pr\u00e9sentation de v\u00e9hicules Mercedes au centre commercial de l'Avenue 83, le Groupe Lombardot a choisi les beachflags de Macap","robots":{"index":"index","follow":"follow","max-snippet":"max-snippet:-1","max-image-preview":"max-image-preview:large","max-video-preview":"max-video-preview:-1"},"canonical":"https:\/\/www.macapflag.com\/blog\/groupe-lombardot\/","og_locale":"fr_FR","og_type":"article","og_title":"Le groupe Lombardot expose ses v\u00e9hicules Mercedes \u00e0 l'Avenue 83","og_description":"Lors de la pr\u00e9sentation de v\u00e9hicules Mercedes au centre commercial de l'Avenue 83, le Groupe Lombardot a choisi les beachflags de Macap","og_url":"https:\/\/www.macapflag.com\/blog\/groupe-lombardot\/","og_site_name":"Blog - Macap","article_publisher":"https:\/\/www.facebook.com\/macap.pavoisement\/","article_published_time":"2021-11-22T15:28:32+00:00","article_modified_time":"2021-11-29T07:14:56+00:00","og_image":[{"width":870,"height":601,"url":"https:\/\/www.macapflag.com\/blog\/wp-content\/uploads\/2021\/09\/ils-nous-font-confiance-TITRE.jpg","type":"image\/jpeg"}],"author":"Blog Macap","twitter_card":"summary_large_image","twitter_misc":{"\u00c9crit par":"Blog Macap","Dur\u00e9e de lecture estim\u00e9e":"2 minutes"},"schema":{"@context":"https:\/\/schema.org","@graph":[{"@type":"Article","@id":"https:\/\/www.macapflag.com\/blog\/groupe-lombardot\/#article","isPartOf":{"@id":"https:\/\/www.macapflag.com\/blog\/groupe-lombardot\/"},"author":{"name":"Blog Macap","@id":"https:\/\/www.macapflag.com\/blog\/#\/schema\/person\/3fea701f2603875e651e6b662578fc3c"},"headline":"Le Groupe Lombardot","datePublished":"2021-11-22T15:28:32+00:00","dateModified":"2021-11-29T07:14:56+00:00","mainEntityOfPage":{"@id":"https:\/\/www.macapflag.com\/blog\/groupe-lombardot\/"},"wordCount":158,"publisher":{"@id":"https:\/\/www.macapflag.com\/blog\/#organization"},"image":{"@id":"https:\/\/www.macapflag.com\/blog\/groupe-lombardot\/#primaryimage"},"thumbnailUrl":"https:\/\/www.macapflag.com\/blog\/wp-content\/uploads\/2021\/09\/ils-nous-font-confiance-TITRE.jpg","articleSection":["News &amp; Actu"],"inLanguage":"fr-FR"},{"@type":"WebPage","@id":"https:\/\/www.macapflag.com\/blog\/groupe-lombardot\/","url":"https:\/\/www.macapflag.com\/blog\/groupe-lombardot\/","name":"Le groupe Lombardot expose ses v\u00e9hicules Mercedes \u00e0 l'Avenue 83","isPartOf":{"@id":"https:\/\/www.macapflag.com\/blog\/#website"},"primaryImageOfPage":{"@id":"https:\/\/www.macapflag.com\/blog\/groupe-lombardot\/#primaryimage"},"image":{"@id":"https:\/\/www.macapflag.com\/blog\/groupe-lombardot\/#primaryimage"},"thumbnailUrl":"https:\/\/www.macapflag.com\/blog\/wp-content\/uploads\/2021\/09\/ils-nous-font-confiance-TITRE.jpg","datePublished":"2021-11-22T15:28:32+00:00","dateModified":"2021-11-29T07:14:56+00:00","description":"Lors de la pr\u00e9sentation de v\u00e9hicules Mercedes au centre commercial de l'Avenue 83, le Groupe Lombardot a choisi les beachflags de Macap","breadcrumb":{"@id":"https:\/\/www.macapflag.com\/blog\/groupe-lombardot\/#breadcrumb"},"inLanguage":"fr-FR","potentialAction":[{"@type":"ReadAction","target":["https:\/\/www.macapflag.com\/blog\/groupe-lombardot\/"]}]},{"@type":"ImageObject","inLanguage":"fr-FR","@id":"https:\/\/www.macapflag.com\/blog\/groupe-lombardot\/#primaryimage","url":"https:\/\/www.macapflag.com\/blog\/wp-content\/uploads\/2021\/09\/ils-nous-font-confiance-TITRE.jpg","contentUrl":"https:\/\/www.macapflag.com\/blog\/wp-content\/uploads\/2021\/09\/ils-nous-font-confiance-TITRE.jpg","width":870,"height":601,"caption":"Le groupe automobile Lombardot"},{"@type":"BreadcrumbList","@id":"https:\/\/www.macapflag.com\/blog\/groupe-lombardot\/#breadcrumb","itemListElement":[{"@type":"ListItem","position":1,"name":"Accueil","item":"https:\/\/www.macapflag.com\/blog\/"},{"@type":"ListItem","position":2,"name":"Le Groupe Lombardot"}]},{"@type":"WebSite","@id":"https:\/\/www.macapflag.com\/blog\/#website","url":"https:\/\/www.macapflag.com\/blog\/","name":"Blog - Macap","description":"Tous nos articles","publisher":{"@id":"https:\/\/www.macapflag.com\/blog\/#organization"},"potentialAction":[{"@type":"SearchAction","target":{"@type":"EntryPoint","urlTemplate":"https:\/\/www.macapflag.com\/blog\/?s={search_term_string}"},"query-input":{"@type":"PropertyValueSpecification","valueRequired":true,"valueName":"search_term_string"}}],"inLanguage":"fr-FR"},{"@type":"Organization","@id":"https:\/\/www.macapflag.com\/blog\/#organization","name":"macapflag","url":"https:\/\/www.macapflag.com\/blog\/","logo":{"@type":"ImageObject","inLanguage":"fr-FR","@id":"https:\/\/www.macapflag.com\/blog\/#\/schema\/logo\/image\/","url":"https:\/\/www.macapflag.com\/blog\/wp-content\/uploads\/2020\/12\/cropped-M-512-1.png","contentUrl":"https:\/\/www.macapflag.com\/blog\/wp-content\/uploads\/2020\/12\/cropped-M-512-1.png","width":512,"height":512,"caption":"macapflag"},"image":{"@id":"https:\/\/www.macapflag.com\/blog\/#\/schema\/logo\/image\/"},"sameAs":["https:\/\/www.facebook.com\/macap.pavoisement\/","https:\/\/www.instagram.com\/macapflag\/?hl=fr","https:\/\/www.linkedin.com\/company\/macap\/?originalSubdomain=fr","https:\/\/www.youtube.com\/channel\/UCXNzTIdZh9poEBjSXEqDtNw"]},{"@type":"Person","@id":"https:\/\/www.macapflag.com\/blog\/#\/schema\/person\/3fea701f2603875e651e6b662578fc3c","name":"Blog Macap","image":{"@type":"ImageObject","inLanguage":"fr-FR","@id":"https:\/\/www.macapflag.com\/blog\/#\/schema\/person\/image\/","url":"https:\/\/secure.gravatar.com\/avatar\/c12551f2dc51f0db049633b03e7856985477a70da834cc8967dea4ce54bdd6a2?s=96&d=mm&r=g","contentUrl":"https:\/\/secure.gravatar.com\/avatar\/c12551f2dc51f0db049633b03e7856985477a70da834cc8967dea4ce54bdd6a2?s=96&d=mm&r=g","caption":"Blog Macap"},"url":"https:\/\/www.macapflag.com\/blog\/author\/macap\/"}]}},"_links":{"self":[{"href":"https:\/\/www.macapflag.com\/blog\/wp-json\/wp\/v2\/posts\/8889","targetHints":{"allow":["GET"]}}],"collection":[{"href":"https:\/\/www.macapflag.com\/blog\/wp-json\/wp\/v2\/posts"}],"about":[{"href":"https:\/\/www.macapflag.com\/blog\/wp-json\/wp\/v2\/types\/post"}],"author":[{"embeddable":true,"href":"https:\/\/www.macapflag.com\/blog\/wp-json\/wp\/v2\/users\/2"}],"replies":[{"embeddable":true,"href":"https:\/\/www.macapflag.com\/blog\/wp-json\/wp\/v2\/comments?post=8889"}],"version-history":[{"count":29,"href":"https:\/\/www.macapflag.com\/blog\/wp-json\/wp\/v2\/posts\/8889\/revisions"}],"predecessor-version":[{"id":8931,"href":"https:\/\/www.macapflag.com\/blog\/wp-json\/wp\/v2\/posts\/8889\/revisions\/8931"}],"wp:featuredmedia":[{"embeddable":true,"href":"https:\/\/www.macapflag.com\/blog\/wp-json\/wp\/v2\/media\/7880"}],"wp:attachment":[{"href":"https:\/\/www.macapflag.com\/blog\/wp-json\/wp\/v2\/media?parent=8889"}],"wp:term":[{"taxonomy":"category","embeddable":true,"href":"https:\/\/www.macapflag.com\/blog\/wp-json\/wp\/v2\/categories?post=8889"},{"taxonomy":"post_tag","embeddable":true,"href":"https:\/\/www.macapflag.com\/blog\/wp-json\/wp\/v2\/tags?post=8889"}],"curies":[{"name":"wp","href":"https:\/\/api.w.org\/{rel}","templated":true}]}}