{"id":9352,"date":"2022-03-07T08:58:00","date_gmt":"2022-03-07T07:58:00","guid":{"rendered":"https:\/\/www.macapflag.com\/blog\/?p=9352"},"modified":"2022-03-07T09:17:23","modified_gmt":"2022-03-07T08:17:23","slug":"apprentis","status":"publish","type":"post","link":"https:\/\/www.macapflag.com\/blog\/apprentis\/","title":{"rendered":"Les apprentis ing\u00e9nieurs des Arts &#038; M\u00e9tiers d\u2019Aix en Provence"},"content":{"rendered":"\t\t<div data-elementor-type=\"wp-post\" data-elementor-id=\"9352\" class=\"elementor elementor-9352\">\n\t\t\t\t\t\t<section class=\"elementor-section elementor-top-section elementor-element elementor-element-99fbfbe elementor-section-boxed elementor-section-height-default elementor-section-height-default\" data-id=\"99fbfbe\" data-element_type=\"section\">\n\t\t\t\t\t\t<div class=\"elementor-container elementor-column-gap-default\">\n\t\t\t\t\t<div class=\"elementor-column elementor-col-100 elementor-top-column elementor-element elementor-element-8561d95\" data-id=\"8561d95\" data-element_type=\"column\">\n\t\t\t<div class=\"elementor-widget-wrap elementor-element-populated\">\n\t\t\t\t\t\t<div class=\"elementor-element elementor-element-11d8fdf elementor-widget elementor-widget-image\" data-id=\"11d8fdf\" data-element_type=\"widget\" data-widget_type=\"image.default\">\n\t\t\t\t<div class=\"elementor-widget-container\">\n\t\t\t\t\t\t\t\t\t\t\t\t<figure class=\"wp-caption\">\n\t\t\t\t\t\t\t\t\t\t<img fetchpriority=\"high\" decoding=\"async\" width=\"534\" height=\"700\" src=\"https:\/\/www.macapflag.com\/blog\/wp-content\/uploads\/2022\/02\/drapeau-etudiants-bde-arts-et-metiers.jpg\" class=\"attachment-large size-large wp-image-9351\" alt=\"Le bureau des apprentis et leur drapeau devant l&#039;\u00e9cole\" \/>\t\t\t\t\t\t\t\t\t\t\t<figcaption class=\"widget-image-caption wp-caption-text\">Les membres du bureau devant l'\u00e9tablissement aixois<\/figcaption>\n\t\t\t\t\t\t\t\t\t\t<\/figure>\n\t\t\t\t\t\t\t\t\t<\/div>\n\t\t\t\t<\/div>\n\t\t\t\t\t<\/div>\n\t\t<\/div>\n\t\t\t\t\t<\/div>\n\t\t<\/section>\n\t\t\t\t<section class=\"elementor-section elementor-top-section elementor-element elementor-element-25b95c8 elementor-section-boxed elementor-section-height-default elementor-section-height-default\" data-id=\"25b95c8\" data-element_type=\"section\">\n\t\t\t\t\t\t<div class=\"elementor-container elementor-column-gap-default\">\n\t\t\t\t\t<div class=\"elementor-column elementor-col-100 elementor-top-column elementor-element elementor-element-711c62d\" data-id=\"711c62d\" data-element_type=\"column\">\n\t\t\t<div class=\"elementor-widget-wrap elementor-element-populated\">\n\t\t\t\t\t\t<div class=\"elementor-element elementor-element-3ff6d95 elementor-widget elementor-widget-text-editor\" data-id=\"3ff6d95\" data-element_type=\"widget\" data-widget_type=\"text-editor.default\">\n\t\t\t\t<div class=\"elementor-widget-container\">\n\t\t\t\t\t\t\t\t\t<p>C\u2019est chez Macap que les responsables de l\u2019actuel BDA (Bureau des Apprentis) de l\u2019\u00e9cole d\u2019ing\u00e9nieurs des Arts et M\u00e9tiers d\u2019Aix en Provence ont choisi de faire fabriquer leurs <a href=\"https:\/\/www.macapflag.com\/53-drapeau-personnalise\"><span style=\"color: #3366ff;\"><strong>drapeaux personnalis\u00e9s<\/strong><\/span><\/a>.<\/p><p>L\u2019association du bureau des apprentis est compos\u00e9e d\u2019\u00e9l\u00e8ves de 2\u00e8me et 3\u00e8me ann\u00e9es qui organisent la vie \u00e9tudiante, hors du temps scolaire : int\u00e9gration des nouveaux \u00e9l\u00e8ves, animations pendant l\u2019ann\u00e9e scolaire, sorties, activit\u00e9s sportives sont autant d&#8217;\u00e9v\u00e9nements qu\u2019ils se chargent d\u2019organiser.<\/p><p>Pour accompagner leur communication et assurer la visibilit\u00e9 de leurs \u00e9v\u00e9nements , les responsables du bureau des \u00e9l\u00e8ves ont command\u00e9 chez Macap des <a href=\"https:\/\/www.macapflag.com\/drapeau-personnalise\/292-drapeau-textile-personnalise-hampe-en-bois.html\"><span style=\"color: #3366ff;\"><strong>drapeaux sur hampe personnalis\u00e9s<\/strong><\/span><\/a> de leur logo \u201cApprentis Arts et M\u00e9tiers KIN\u201d (KIN \u00e9tant l&#8217;acronyme de Cayenne, le surnom de l\u2019\u00e9tablissement aixois).<\/p><p>Choisis en plusieurs dimensions, pratiques et faciles \u00e0 transporter, ces drapeaux logot\u00e9s sont utilis\u00e9s \u00e0 de multiples occasions.<\/p>\t\t\t\t\t\t\t\t<\/div>\n\t\t\t\t<\/div>\n\t\t\t\t\t<\/div>\n\t\t<\/div>\n\t\t\t\t\t<\/div>\n\t\t<\/section>\n\t\t\t\t<section class=\"elementor-section elementor-top-section elementor-element elementor-element-0342f95 elementor-section-boxed elementor-section-height-default elementor-section-height-default\" data-id=\"0342f95\" data-element_type=\"section\">\n\t\t\t\t\t\t<div class=\"elementor-container elementor-column-gap-default\">\n\t\t\t\t\t<div class=\"elementor-column elementor-col-100 elementor-top-column elementor-element elementor-element-c9e3dbe\" data-id=\"c9e3dbe\" data-element_type=\"column\">\n\t\t\t<div class=\"elementor-widget-wrap elementor-element-populated\">\n\t\t\t\t\t\t<div class=\"elementor-element elementor-element-81b9666 elementor-widget elementor-widget-image\" data-id=\"81b9666\" data-element_type=\"widget\" data-widget_type=\"image.default\">\n\t\t\t\t<div class=\"elementor-widget-container\">\n\t\t\t\t\t\t\t\t\t\t\t\t<figure class=\"wp-caption\">\n\t\t\t\t\t\t\t\t\t\t<img decoding=\"async\" width=\"700\" height=\"534\" src=\"https:\/\/www.macapflag.com\/blog\/wp-content\/uploads\/2022\/02\/arts-et-metiers-aix-en-provence-2.jpg\" class=\"attachment-large size-large wp-image-9349\" alt=\"Le bureau des apprentis de l&#039;\u00e9cole des Arts et M\u00e9tiers Aix en Provence\" \/>\t\t\t\t\t\t\t\t\t\t\t<figcaption class=\"widget-image-caption wp-caption-text\">L'utilisation du drapeau lors de la journ\u00e9e portes ouvertes<\/figcaption>\n\t\t\t\t\t\t\t\t\t\t<\/figure>\n\t\t\t\t\t\t\t\t\t<\/div>\n\t\t\t\t<\/div>\n\t\t\t\t\t<\/div>\n\t\t<\/div>\n\t\t\t\t\t<\/div>\n\t\t<\/section>\n\t\t\t\t<section class=\"elementor-section elementor-top-section elementor-element elementor-element-41e40a9 elementor-section-boxed elementor-section-height-default elementor-section-height-default\" data-id=\"41e40a9\" data-element_type=\"section\">\n\t\t\t\t\t\t<div class=\"elementor-container elementor-column-gap-default\">\n\t\t\t\t\t<div class=\"elementor-column elementor-col-100 elementor-top-column elementor-element elementor-element-af10919\" data-id=\"af10919\" data-element_type=\"column\">\n\t\t\t<div class=\"elementor-widget-wrap elementor-element-populated\">\n\t\t\t\t\t\t<div class=\"elementor-element elementor-element-1d9f48a elementor-widget elementor-widget-image\" data-id=\"1d9f48a\" data-element_type=\"widget\" data-widget_type=\"image.default\">\n\t\t\t\t<div class=\"elementor-widget-container\">\n\t\t\t\t\t\t\t\t\t\t\t\t<figure class=\"wp-caption\">\n\t\t\t\t\t\t\t\t\t\t<img decoding=\"async\" width=\"700\" height=\"534\" src=\"https:\/\/www.macapflag.com\/blog\/wp-content\/uploads\/2022\/02\/arts-et-metiers-aix-en-provence-3.jpg\" class=\"attachment-large size-large wp-image-9350\" alt=\"Week end ski des apprentis des Arts et M\u00e9tiers Aix en Provence\" srcset=\"https:\/\/www.macapflag.com\/blog\/wp-content\/uploads\/2022\/02\/arts-et-metiers-aix-en-provence-3.jpg 700w, https:\/\/www.macapflag.com\/blog\/wp-content\/uploads\/2022\/02\/arts-et-metiers-aix-en-provence-3-300x229.jpg 300w\" sizes=\"(max-width: 700px) 100vw, 700px\" \/>\t\t\t\t\t\t\t\t\t\t\t<figcaption class=\"widget-image-caption wp-caption-text\">ou \u00e0 l'occasion du traditionnel Week-end au ski du mois de janvier<\/figcaption>\n\t\t\t\t\t\t\t\t\t\t<\/figure>\n\t\t\t\t\t\t\t\t\t<\/div>\n\t\t\t\t<\/div>\n\t\t\t\t\t<\/div>\n\t\t<\/div>\n\t\t\t\t\t<\/div>\n\t\t<\/section>\n\t\t\t\t<section class=\"elementor-section elementor-top-section elementor-element elementor-element-71d138e elementor-section-boxed elementor-section-height-default elementor-section-height-default\" data-id=\"71d138e\" data-element_type=\"section\">\n\t\t\t\t\t\t<div class=\"elementor-container elementor-column-gap-default\">\n\t\t\t\t\t<div class=\"elementor-column elementor-col-100 elementor-top-column elementor-element elementor-element-c000d0b\" data-id=\"c000d0b\" data-element_type=\"column\">\n\t\t\t<div class=\"elementor-widget-wrap elementor-element-populated\">\n\t\t\t\t\t\t<div class=\"elementor-element elementor-element-dc0aca6 elementor-widget elementor-widget-text-editor\" data-id=\"dc0aca6\" data-element_type=\"widget\" data-widget_type=\"text-editor.default\">\n\t\t\t\t<div class=\"elementor-widget-container\">\n\t\t\t\t\t\t\t\t\t<p>Merci \u00e0 cette \u00e9quipe motiv\u00e9e d\u2019apprentis ing\u00e9nieurs \u00e0 qui nous souhaitons succ\u00e8s et r\u00e9ussite dans l\u2019organisation de tous leurs projets !<\/p>\t\t\t\t\t\t\t\t<\/div>\n\t\t\t\t<\/div>\n\t\t\t\t\t<\/div>\n\t\t<\/div>\n\t\t\t\t\t<\/div>\n\t\t<\/section>\n\t\t\t\t<\/div>\n\t\t","protected":false},"excerpt":{"rendered":"<div class=\"tmnf_excerpt\"><p>Les membres du bureau devant l&#8217;\u00e9tablissement aixois C\u2019est chez Macap que les responsables de l\u2019actuel BDA (Bureau des Apprentis) de l\u2019\u00e9cole d\u2019ing\u00e9nieurs des Arts et M\u00e9tiers d\u2019Aix en Provence ont choisi de faire fabriquer leurs drapeaux personnalis\u00e9s. L\u2019association du bureau des apprentis est compos\u00e9e d\u2019\u00e9l\u00e8ves de 2\u00e8me et 3\u00e8me ann\u00e9es qui organisent la vie \u00e9tudiante, &hellip;<\/p>\n<\/div>","protected":false},"author":2,"featured_media":9354,"comment_status":"closed","ping_status":"open","sticky":false,"template":"template-fullwidth.php","format":"standard","meta":{"footnotes":""},"categories":[92],"tags":[],"class_list":["post-9352","post","type-post","status-publish","format-standard","has-post-thumbnail","hentry","category-news"],"yoast_head":"<!-- This site is optimized with the Yoast SEO plugin v26.4 - https:\/\/yoast.com\/wordpress\/plugins\/seo\/ -->\n<title>Le bureau des apprentis des Arts et M\u00e9tiers d&#039;Aix nous font confiance<\/title>\n<meta name=\"description\" content=\"C&#039;est Macap que le bureau des apprentis des Arts et M\u00e9tiers d&#039;Aix en Provence a choisi pour fabriqu\u00e9 son drapeau logot\u00e9\" \/>\n<meta name=\"robots\" content=\"index, follow, max-snippet:-1, max-image-preview:large, max-video-preview:-1\" \/>\n<link rel=\"canonical\" href=\"https:\/\/www.macapflag.com\/blog\/apprentis\/\" \/>\n<meta property=\"og:locale\" content=\"fr_FR\" \/>\n<meta property=\"og:type\" content=\"article\" \/>\n<meta property=\"og:title\" content=\"Le bureau des apprentis des Arts et M\u00e9tiers d&#039;Aix nous font confiance\" \/>\n<meta property=\"og:description\" content=\"C&#039;est Macap que le bureau des apprentis des Arts et M\u00e9tiers d&#039;Aix en Provence a choisi pour fabriqu\u00e9 son drapeau logot\u00e9\" \/>\n<meta property=\"og:url\" content=\"https:\/\/www.macapflag.com\/blog\/apprentis\/\" \/>\n<meta property=\"og:site_name\" content=\"Blog - Macap\" \/>\n<meta property=\"article:publisher\" content=\"https:\/\/www.facebook.com\/macap.pavoisement\/\" \/>\n<meta property=\"article:published_time\" content=\"2022-03-07T07:58:00+00:00\" \/>\n<meta property=\"article:modified_time\" content=\"2022-03-07T08:17:23+00:00\" \/>\n<meta property=\"og:image\" content=\"https:\/\/www.macapflag.com\/blog\/wp-content\/uploads\/2022\/02\/ils-nous-font-confiance-TITRE.jpg\" \/>\n\t<meta property=\"og:image:width\" content=\"870\" \/>\n\t<meta property=\"og:image:height\" content=\"601\" \/>\n\t<meta property=\"og:image:type\" content=\"image\/jpeg\" \/>\n<meta name=\"author\" content=\"Blog Macap\" \/>\n<meta name=\"twitter:card\" content=\"summary_large_image\" \/>\n<meta name=\"twitter:label1\" content=\"\u00c9crit par\" \/>\n\t<meta name=\"twitter:data1\" content=\"Blog Macap\" \/>\n\t<meta name=\"twitter:label2\" content=\"Dur\u00e9e de lecture estim\u00e9e\" \/>\n\t<meta name=\"twitter:data2\" content=\"2 minutes\" \/>\n<script type=\"application\/ld+json\" class=\"yoast-schema-graph\">{\"@context\":\"https:\/\/schema.org\",\"@graph\":[{\"@type\":\"Article\",\"@id\":\"https:\/\/www.macapflag.com\/blog\/apprentis\/#article\",\"isPartOf\":{\"@id\":\"https:\/\/www.macapflag.com\/blog\/apprentis\/\"},\"author\":{\"name\":\"Blog Macap\",\"@id\":\"https:\/\/www.macapflag.com\/blog\/#\/schema\/person\/3fea701f2603875e651e6b662578fc3c\"},\"headline\":\"Les apprentis ing\u00e9nieurs des Arts &#038; M\u00e9tiers d\u2019Aix en Provence\",\"datePublished\":\"2022-03-07T07:58:00+00:00\",\"dateModified\":\"2022-03-07T08:17:23+00:00\",\"mainEntityOfPage\":{\"@id\":\"https:\/\/www.macapflag.com\/blog\/apprentis\/\"},\"wordCount\":224,\"publisher\":{\"@id\":\"https:\/\/www.macapflag.com\/blog\/#organization\"},\"image\":{\"@id\":\"https:\/\/www.macapflag.com\/blog\/apprentis\/#primaryimage\"},\"thumbnailUrl\":\"https:\/\/www.macapflag.com\/blog\/wp-content\/uploads\/2022\/02\/ils-nous-font-confiance-TITRE.jpg\",\"articleSection\":[\"News &amp; Actu\"],\"inLanguage\":\"fr-FR\"},{\"@type\":\"WebPage\",\"@id\":\"https:\/\/www.macapflag.com\/blog\/apprentis\/\",\"url\":\"https:\/\/www.macapflag.com\/blog\/apprentis\/\",\"name\":\"Le bureau des apprentis des Arts et M\u00e9tiers d'Aix nous font confiance\",\"isPartOf\":{\"@id\":\"https:\/\/www.macapflag.com\/blog\/#website\"},\"primaryImageOfPage\":{\"@id\":\"https:\/\/www.macapflag.com\/blog\/apprentis\/#primaryimage\"},\"image\":{\"@id\":\"https:\/\/www.macapflag.com\/blog\/apprentis\/#primaryimage\"},\"thumbnailUrl\":\"https:\/\/www.macapflag.com\/blog\/wp-content\/uploads\/2022\/02\/ils-nous-font-confiance-TITRE.jpg\",\"datePublished\":\"2022-03-07T07:58:00+00:00\",\"dateModified\":\"2022-03-07T08:17:23+00:00\",\"description\":\"C'est Macap que le bureau des apprentis des Arts et M\u00e9tiers d'Aix en Provence a choisi pour fabriqu\u00e9 son drapeau logot\u00e9\",\"breadcrumb\":{\"@id\":\"https:\/\/www.macapflag.com\/blog\/apprentis\/#breadcrumb\"},\"inLanguage\":\"fr-FR\",\"potentialAction\":[{\"@type\":\"ReadAction\",\"target\":[\"https:\/\/www.macapflag.com\/blog\/apprentis\/\"]}]},{\"@type\":\"ImageObject\",\"inLanguage\":\"fr-FR\",\"@id\":\"https:\/\/www.macapflag.com\/blog\/apprentis\/#primaryimage\",\"url\":\"https:\/\/www.macapflag.com\/blog\/wp-content\/uploads\/2022\/02\/ils-nous-font-confiance-TITRE.jpg\",\"contentUrl\":\"https:\/\/www.macapflag.com\/blog\/wp-content\/uploads\/2022\/02\/ils-nous-font-confiance-TITRE.jpg\",\"width\":870,\"height\":601,\"caption\":\"Association Louis Jules and co pour aider les autistes\"},{\"@type\":\"BreadcrumbList\",\"@id\":\"https:\/\/www.macapflag.com\/blog\/apprentis\/#breadcrumb\",\"itemListElement\":[{\"@type\":\"ListItem\",\"position\":1,\"name\":\"Accueil\",\"item\":\"https:\/\/www.macapflag.com\/blog\/\"},{\"@type\":\"ListItem\",\"position\":2,\"name\":\"Les apprentis ing\u00e9nieurs des Arts &#038; M\u00e9tiers d\u2019Aix en Provence\"}]},{\"@type\":\"WebSite\",\"@id\":\"https:\/\/www.macapflag.com\/blog\/#website\",\"url\":\"https:\/\/www.macapflag.com\/blog\/\",\"name\":\"Blog - Macap\",\"description\":\"Tous nos articles\",\"publisher\":{\"@id\":\"https:\/\/www.macapflag.com\/blog\/#organization\"},\"potentialAction\":[{\"@type\":\"SearchAction\",\"target\":{\"@type\":\"EntryPoint\",\"urlTemplate\":\"https:\/\/www.macapflag.com\/blog\/?s={search_term_string}\"},\"query-input\":{\"@type\":\"PropertyValueSpecification\",\"valueRequired\":true,\"valueName\":\"search_term_string\"}}],\"inLanguage\":\"fr-FR\"},{\"@type\":\"Organization\",\"@id\":\"https:\/\/www.macapflag.com\/blog\/#organization\",\"name\":\"macapflag\",\"url\":\"https:\/\/www.macapflag.com\/blog\/\",\"logo\":{\"@type\":\"ImageObject\",\"inLanguage\":\"fr-FR\",\"@id\":\"https:\/\/www.macapflag.com\/blog\/#\/schema\/logo\/image\/\",\"url\":\"https:\/\/www.macapflag.com\/blog\/wp-content\/uploads\/2020\/12\/cropped-M-512-1.png\",\"contentUrl\":\"https:\/\/www.macapflag.com\/blog\/wp-content\/uploads\/2020\/12\/cropped-M-512-1.png\",\"width\":512,\"height\":512,\"caption\":\"macapflag\"},\"image\":{\"@id\":\"https:\/\/www.macapflag.com\/blog\/#\/schema\/logo\/image\/\"},\"sameAs\":[\"https:\/\/www.facebook.com\/macap.pavoisement\/\",\"https:\/\/www.instagram.com\/macapflag\/?hl=fr\",\"https:\/\/www.linkedin.com\/company\/macap\/?originalSubdomain=fr\",\"https:\/\/www.youtube.com\/channel\/UCXNzTIdZh9poEBjSXEqDtNw\"]},{\"@type\":\"Person\",\"@id\":\"https:\/\/www.macapflag.com\/blog\/#\/schema\/person\/3fea701f2603875e651e6b662578fc3c\",\"name\":\"Blog Macap\",\"image\":{\"@type\":\"ImageObject\",\"inLanguage\":\"fr-FR\",\"@id\":\"https:\/\/www.macapflag.com\/blog\/#\/schema\/person\/image\/\",\"url\":\"https:\/\/secure.gravatar.com\/avatar\/c12551f2dc51f0db049633b03e7856985477a70da834cc8967dea4ce54bdd6a2?s=96&d=mm&r=g\",\"contentUrl\":\"https:\/\/secure.gravatar.com\/avatar\/c12551f2dc51f0db049633b03e7856985477a70da834cc8967dea4ce54bdd6a2?s=96&d=mm&r=g\",\"caption\":\"Blog Macap\"},\"url\":\"https:\/\/www.macapflag.com\/blog\/author\/macap\/\"}]}<\/script>\n<!-- \/ Yoast SEO plugin. -->","yoast_head_json":{"title":"Le bureau des apprentis des Arts et M\u00e9tiers d'Aix nous font confiance","description":"C'est Macap que le bureau des apprentis des Arts et M\u00e9tiers d'Aix en Provence a choisi pour fabriqu\u00e9 son drapeau logot\u00e9","robots":{"index":"index","follow":"follow","max-snippet":"max-snippet:-1","max-image-preview":"max-image-preview:large","max-video-preview":"max-video-preview:-1"},"canonical":"https:\/\/www.macapflag.com\/blog\/apprentis\/","og_locale":"fr_FR","og_type":"article","og_title":"Le bureau des apprentis des Arts et M\u00e9tiers d'Aix nous font confiance","og_description":"C'est Macap que le bureau des apprentis des Arts et M\u00e9tiers d'Aix en Provence a choisi pour fabriqu\u00e9 son drapeau logot\u00e9","og_url":"https:\/\/www.macapflag.com\/blog\/apprentis\/","og_site_name":"Blog - Macap","article_publisher":"https:\/\/www.facebook.com\/macap.pavoisement\/","article_published_time":"2022-03-07T07:58:00+00:00","article_modified_time":"2022-03-07T08:17:23+00:00","og_image":[{"width":870,"height":601,"url":"https:\/\/www.macapflag.com\/blog\/wp-content\/uploads\/2022\/02\/ils-nous-font-confiance-TITRE.jpg","type":"image\/jpeg"}],"author":"Blog Macap","twitter_card":"summary_large_image","twitter_misc":{"\u00c9crit par":"Blog Macap","Dur\u00e9e de lecture estim\u00e9e":"2 minutes"},"schema":{"@context":"https:\/\/schema.org","@graph":[{"@type":"Article","@id":"https:\/\/www.macapflag.com\/blog\/apprentis\/#article","isPartOf":{"@id":"https:\/\/www.macapflag.com\/blog\/apprentis\/"},"author":{"name":"Blog Macap","@id":"https:\/\/www.macapflag.com\/blog\/#\/schema\/person\/3fea701f2603875e651e6b662578fc3c"},"headline":"Les apprentis ing\u00e9nieurs des Arts &#038; M\u00e9tiers d\u2019Aix en Provence","datePublished":"2022-03-07T07:58:00+00:00","dateModified":"2022-03-07T08:17:23+00:00","mainEntityOfPage":{"@id":"https:\/\/www.macapflag.com\/blog\/apprentis\/"},"wordCount":224,"publisher":{"@id":"https:\/\/www.macapflag.com\/blog\/#organization"},"image":{"@id":"https:\/\/www.macapflag.com\/blog\/apprentis\/#primaryimage"},"thumbnailUrl":"https:\/\/www.macapflag.com\/blog\/wp-content\/uploads\/2022\/02\/ils-nous-font-confiance-TITRE.jpg","articleSection":["News &amp; Actu"],"inLanguage":"fr-FR"},{"@type":"WebPage","@id":"https:\/\/www.macapflag.com\/blog\/apprentis\/","url":"https:\/\/www.macapflag.com\/blog\/apprentis\/","name":"Le bureau des apprentis des Arts et M\u00e9tiers d'Aix nous font confiance","isPartOf":{"@id":"https:\/\/www.macapflag.com\/blog\/#website"},"primaryImageOfPage":{"@id":"https:\/\/www.macapflag.com\/blog\/apprentis\/#primaryimage"},"image":{"@id":"https:\/\/www.macapflag.com\/blog\/apprentis\/#primaryimage"},"thumbnailUrl":"https:\/\/www.macapflag.com\/blog\/wp-content\/uploads\/2022\/02\/ils-nous-font-confiance-TITRE.jpg","datePublished":"2022-03-07T07:58:00+00:00","dateModified":"2022-03-07T08:17:23+00:00","description":"C'est Macap que le bureau des apprentis des Arts et M\u00e9tiers d'Aix en Provence a choisi pour fabriqu\u00e9 son drapeau logot\u00e9","breadcrumb":{"@id":"https:\/\/www.macapflag.com\/blog\/apprentis\/#breadcrumb"},"inLanguage":"fr-FR","potentialAction":[{"@type":"ReadAction","target":["https:\/\/www.macapflag.com\/blog\/apprentis\/"]}]},{"@type":"ImageObject","inLanguage":"fr-FR","@id":"https:\/\/www.macapflag.com\/blog\/apprentis\/#primaryimage","url":"https:\/\/www.macapflag.com\/blog\/wp-content\/uploads\/2022\/02\/ils-nous-font-confiance-TITRE.jpg","contentUrl":"https:\/\/www.macapflag.com\/blog\/wp-content\/uploads\/2022\/02\/ils-nous-font-confiance-TITRE.jpg","width":870,"height":601,"caption":"Association Louis Jules and co pour aider les autistes"},{"@type":"BreadcrumbList","@id":"https:\/\/www.macapflag.com\/blog\/apprentis\/#breadcrumb","itemListElement":[{"@type":"ListItem","position":1,"name":"Accueil","item":"https:\/\/www.macapflag.com\/blog\/"},{"@type":"ListItem","position":2,"name":"Les apprentis ing\u00e9nieurs des Arts &#038; M\u00e9tiers d\u2019Aix en Provence"}]},{"@type":"WebSite","@id":"https:\/\/www.macapflag.com\/blog\/#website","url":"https:\/\/www.macapflag.com\/blog\/","name":"Blog - Macap","description":"Tous nos articles","publisher":{"@id":"https:\/\/www.macapflag.com\/blog\/#organization"},"potentialAction":[{"@type":"SearchAction","target":{"@type":"EntryPoint","urlTemplate":"https:\/\/www.macapflag.com\/blog\/?s={search_term_string}"},"query-input":{"@type":"PropertyValueSpecification","valueRequired":true,"valueName":"search_term_string"}}],"inLanguage":"fr-FR"},{"@type":"Organization","@id":"https:\/\/www.macapflag.com\/blog\/#organization","name":"macapflag","url":"https:\/\/www.macapflag.com\/blog\/","logo":{"@type":"ImageObject","inLanguage":"fr-FR","@id":"https:\/\/www.macapflag.com\/blog\/#\/schema\/logo\/image\/","url":"https:\/\/www.macapflag.com\/blog\/wp-content\/uploads\/2020\/12\/cropped-M-512-1.png","contentUrl":"https:\/\/www.macapflag.com\/blog\/wp-content\/uploads\/2020\/12\/cropped-M-512-1.png","width":512,"height":512,"caption":"macapflag"},"image":{"@id":"https:\/\/www.macapflag.com\/blog\/#\/schema\/logo\/image\/"},"sameAs":["https:\/\/www.facebook.com\/macap.pavoisement\/","https:\/\/www.instagram.com\/macapflag\/?hl=fr","https:\/\/www.linkedin.com\/company\/macap\/?originalSubdomain=fr","https:\/\/www.youtube.com\/channel\/UCXNzTIdZh9poEBjSXEqDtNw"]},{"@type":"Person","@id":"https:\/\/www.macapflag.com\/blog\/#\/schema\/person\/3fea701f2603875e651e6b662578fc3c","name":"Blog Macap","image":{"@type":"ImageObject","inLanguage":"fr-FR","@id":"https:\/\/www.macapflag.com\/blog\/#\/schema\/person\/image\/","url":"https:\/\/secure.gravatar.com\/avatar\/c12551f2dc51f0db049633b03e7856985477a70da834cc8967dea4ce54bdd6a2?s=96&d=mm&r=g","contentUrl":"https:\/\/secure.gravatar.com\/avatar\/c12551f2dc51f0db049633b03e7856985477a70da834cc8967dea4ce54bdd6a2?s=96&d=mm&r=g","caption":"Blog Macap"},"url":"https:\/\/www.macapflag.com\/blog\/author\/macap\/"}]}},"_links":{"self":[{"href":"https:\/\/www.macapflag.com\/blog\/wp-json\/wp\/v2\/posts\/9352","targetHints":{"allow":["GET"]}}],"collection":[{"href":"https:\/\/www.macapflag.com\/blog\/wp-json\/wp\/v2\/posts"}],"about":[{"href":"https:\/\/www.macapflag.com\/blog\/wp-json\/wp\/v2\/types\/post"}],"author":[{"embeddable":true,"href":"https:\/\/www.macapflag.com\/blog\/wp-json\/wp\/v2\/users\/2"}],"replies":[{"embeddable":true,"href":"https:\/\/www.macapflag.com\/blog\/wp-json\/wp\/v2\/comments?post=9352"}],"version-history":[{"count":26,"href":"https:\/\/www.macapflag.com\/blog\/wp-json\/wp\/v2\/posts\/9352\/revisions"}],"predecessor-version":[{"id":9757,"href":"https:\/\/www.macapflag.com\/blog\/wp-json\/wp\/v2\/posts\/9352\/revisions\/9757"}],"wp:featuredmedia":[{"embeddable":true,"href":"https:\/\/www.macapflag.com\/blog\/wp-json\/wp\/v2\/media\/9354"}],"wp:attachment":[{"href":"https:\/\/www.macapflag.com\/blog\/wp-json\/wp\/v2\/media?parent=9352"}],"wp:term":[{"taxonomy":"category","embeddable":true,"href":"https:\/\/www.macapflag.com\/blog\/wp-json\/wp\/v2\/categories?post=9352"},{"taxonomy":"post_tag","embeddable":true,"href":"https:\/\/www.macapflag.com\/blog\/wp-json\/wp\/v2\/tags?post=9352"}],"curies":[{"name":"wp","href":"https:\/\/api.w.org\/{rel}","templated":true}]}}