{"id":9511,"date":"2022-02-21T09:57:05","date_gmt":"2022-02-21T08:57:05","guid":{"rendered":"https:\/\/www.macapflag.com\/blog\/?p=9511"},"modified":"2022-03-16T09:54:47","modified_gmt":"2022-03-16T08:54:47","slug":"beach-flag-ou-oriflamme","status":"publish","type":"post","link":"https:\/\/www.macapflag.com\/blog\/beach-flag-ou-oriflamme\/","title":{"rendered":"Beach flag ou oriflamme ?"},"content":{"rendered":"\t\t<div data-elementor-type=\"wp-post\" data-elementor-id=\"9511\" class=\"elementor elementor-9511\">\n\t\t\t\t\t\t<section class=\"elementor-section elementor-top-section elementor-element elementor-element-8bbdefd elementor-section-boxed elementor-section-height-default elementor-section-height-default\" data-id=\"8bbdefd\" data-element_type=\"section\">\n\t\t\t\t\t\t<div class=\"elementor-container elementor-column-gap-default\">\n\t\t\t\t\t<div class=\"elementor-column elementor-col-100 elementor-top-column elementor-element elementor-element-bba11c5\" data-id=\"bba11c5\" data-element_type=\"column\">\n\t\t\t<div class=\"elementor-widget-wrap elementor-element-populated\">\n\t\t\t\t\t\t<div class=\"elementor-element elementor-element-033f591 elementor-widget elementor-widget-text-editor\" data-id=\"033f591\" data-element_type=\"widget\" data-widget_type=\"text-editor.default\">\n\t\t\t\t<div class=\"elementor-widget-container\">\n\t\t\t\t\t\t\t\t\t<p>En lisant ce titre, on aurait presque envie de r\u00e9pondre directement \u201cmais quelle question !\u201d. <br>Savez-vous pourquoi ? Dans le jargon publicitaire, les termes \u201c<a href=\"https:\/\/www.macapflag.com\/41-beach-flag-oriflamme\" target=\"_blank\">beach flag<\/a>\u201d et \u201coriflamme\u201d repr\u00e9sentent un seul et m\u00eame produit.<\/p>\t\t\t\t\t\t\t\t<\/div>\n\t\t\t\t<\/div>\n\t\t\t\t\t<\/div>\n\t\t<\/div>\n\t\t\t\t\t<\/div>\n\t\t<\/section>\n\t\t\t\t<section class=\"elementor-section elementor-top-section elementor-element elementor-element-cb6e07f elementor-section-boxed elementor-section-height-default elementor-section-height-default\" data-id=\"cb6e07f\" data-element_type=\"section\">\n\t\t\t\t\t\t<div class=\"elementor-container elementor-column-gap-default\">\n\t\t\t\t\t<div class=\"elementor-column elementor-col-100 elementor-top-column elementor-element elementor-element-402f031\" data-id=\"402f031\" data-element_type=\"column\">\n\t\t\t<div class=\"elementor-widget-wrap elementor-element-populated\">\n\t\t\t\t\t\t<div class=\"elementor-element elementor-element-e3b87bb elementor-widget elementor-widget-text-editor\" data-id=\"e3b87bb\" data-element_type=\"widget\" data-widget_type=\"text-editor.default\">\n\t\t\t\t<div class=\"elementor-widget-container\">\n\t\t\t\t\t\t\t\t\t<h2>Beach flag ou oriflamme d\u00e9finition<\/h2>\t\t\t\t\t\t\t\t<\/div>\n\t\t\t\t<\/div>\n\t\t\t\t\t<\/div>\n\t\t<\/div>\n\t\t\t\t\t<\/div>\n\t\t<\/section>\n\t\t\t\t<section class=\"elementor-section elementor-top-section elementor-element elementor-element-638a2fe elementor-section-boxed elementor-section-height-default elementor-section-height-default\" data-id=\"638a2fe\" data-element_type=\"section\">\n\t\t\t\t\t\t<div class=\"elementor-container elementor-column-gap-default\">\n\t\t\t\t\t<div class=\"elementor-column elementor-col-33 elementor-top-column elementor-element elementor-element-07938e2\" data-id=\"07938e2\" data-element_type=\"column\">\n\t\t\t<div class=\"elementor-widget-wrap elementor-element-populated\">\n\t\t\t\t\t\t<div class=\"elementor-element elementor-element-2b5fd8d elementor-widget elementor-widget-text-editor\" data-id=\"2b5fd8d\" data-element_type=\"widget\" data-widget_type=\"text-editor.default\">\n\t\t\t\t<div class=\"elementor-widget-container\">\n\t\t\t\t\t\t\t\t\t<p>On appelle beachflag ou oriflamme, un <strong>support de communication publicitaire<\/strong> compos\u00e9 d\u2019une voile, d\u2019un m\u00e2t d\u00e9montable en aluminium et fibre de verre et d\u2019un pied adaptable mobile. <br \/>Le visuel de la voile est personnalis\u00e9 par impression.<\/p><p>Ce produit conna\u00eet un grand succ\u00e8s. Il est <strong>efficace, pratique \u00e0 installer<\/strong>, \u00e0 transporter, et son rapport qualit\u00e9 prix est excellent.<\/p>\t\t\t\t\t\t\t\t<\/div>\n\t\t\t\t<\/div>\n\t\t\t\t\t<\/div>\n\t\t<\/div>\n\t\t\t\t<div class=\"elementor-column elementor-col-66 elementor-top-column elementor-element elementor-element-0ce1a6d\" data-id=\"0ce1a6d\" data-element_type=\"column\">\n\t\t\t<div class=\"elementor-widget-wrap elementor-element-populated\">\n\t\t\t\t\t\t<div class=\"elementor-element elementor-element-d7950b6 elementor-widget elementor-widget-image\" data-id=\"d7950b6\" data-element_type=\"widget\" data-widget_type=\"image.default\">\n\t\t\t\t<div class=\"elementor-widget-container\">\n\t\t\t\t\t\t\t\t\t\t\t\t<figure class=\"wp-caption\">\n\t\t\t\t\t\t\t\t\t\t<img fetchpriority=\"high\" decoding=\"async\" width=\"534\" height=\"700\" src=\"https:\/\/www.macapflag.com\/blog\/wp-content\/uploads\/2022\/02\/Beachflag-ou-oriflamme-definition.jpg\" class=\"attachment-large size-large wp-image-9501\" alt=\"Le beachflag ou oriflamme est un support de communication indoor et outdoor\" srcset=\"https:\/\/www.macapflag.com\/blog\/wp-content\/uploads\/2022\/02\/Beachflag-ou-oriflamme-definition.jpg 534w, https:\/\/www.macapflag.com\/blog\/wp-content\/uploads\/2022\/02\/Beachflag-ou-oriflamme-definition-229x300.jpg 229w\" sizes=\"(max-width: 534px) 100vw, 534px\" \/>\t\t\t\t\t\t\t\t\t\t\t<figcaption class=\"widget-image-caption wp-caption-text\">Beach flag =  1 Pied + 1 m\u00e2t + 1 voile<\/figcaption>\n\t\t\t\t\t\t\t\t\t\t<\/figure>\n\t\t\t\t\t\t\t\t\t<\/div>\n\t\t\t\t<\/div>\n\t\t\t\t\t<\/div>\n\t\t<\/div>\n\t\t\t\t\t<\/div>\n\t\t<\/section>\n\t\t\t\t<section class=\"elementor-section elementor-top-section elementor-element elementor-element-486a6b2 elementor-section-boxed elementor-section-height-default elementor-section-height-default\" data-id=\"486a6b2\" data-element_type=\"section\">\n\t\t\t\t\t\t<div class=\"elementor-container elementor-column-gap-default\">\n\t\t\t\t\t<div class=\"elementor-column elementor-col-100 elementor-top-column elementor-element elementor-element-384fc6b\" data-id=\"384fc6b\" data-element_type=\"column\">\n\t\t\t<div class=\"elementor-widget-wrap elementor-element-populated\">\n\t\t\t\t\t\t<div class=\"elementor-element elementor-element-642a908 elementor-widget elementor-widget-text-editor\" data-id=\"642a908\" data-element_type=\"widget\" data-widget_type=\"text-editor.default\">\n\t\t\t\t<div class=\"elementor-widget-container\">\n\t\t\t\t\t\t\t\t\t<p>Selon les fabricants, la d\u00e9nomination du produit diff\u00e8re : Beachflag en un mot ou en deux mots (beach flag), drapeau flamme, drapeau voile, voile personnalis\u00e9e sont autant de mots qui d\u00e9signent finalement un seul et m\u00eame produit.<\/p>\t\t\t\t\t\t\t\t<\/div>\n\t\t\t\t<\/div>\n\t\t\t\t\t<\/div>\n\t\t<\/div>\n\t\t\t\t\t<\/div>\n\t\t<\/section>\n\t\t\t\t<section class=\"elementor-section elementor-top-section elementor-element elementor-element-3c42963 elementor-section-boxed elementor-section-height-default elementor-section-height-default\" data-id=\"3c42963\" data-element_type=\"section\">\n\t\t\t\t\t\t<div class=\"elementor-container elementor-column-gap-default\">\n\t\t\t\t\t<div class=\"elementor-column elementor-col-100 elementor-top-column elementor-element elementor-element-30c0db1\" data-id=\"30c0db1\" data-element_type=\"column\">\n\t\t\t<div class=\"elementor-widget-wrap elementor-element-populated\">\n\t\t\t\t\t\t<div class=\"elementor-element elementor-element-136c6d1 elementor-widget elementor-widget-text-editor\" data-id=\"136c6d1\" data-element_type=\"widget\" data-widget_type=\"text-editor.default\">\n\t\t\t\t<div class=\"elementor-widget-container\">\n\t\t\t\t\t\t\t\t\t<h2>\u00c0 quoi \u00e7a sert un beachflag ou un oriflamme ?<\/h2>\t\t\t\t\t\t\t\t<\/div>\n\t\t\t\t<\/div>\n\t\t\t\t\t<\/div>\n\t\t<\/div>\n\t\t\t\t\t<\/div>\n\t\t<\/section>\n\t\t\t\t<section class=\"elementor-section elementor-top-section elementor-element elementor-element-38a5d71 elementor-section-boxed elementor-section-height-default elementor-section-height-default\" data-id=\"38a5d71\" data-element_type=\"section\">\n\t\t\t\t\t\t<div class=\"elementor-container elementor-column-gap-default\">\n\t\t\t\t\t<div class=\"elementor-column elementor-col-100 elementor-top-column elementor-element elementor-element-62741e9\" data-id=\"62741e9\" data-element_type=\"column\">\n\t\t\t<div class=\"elementor-widget-wrap elementor-element-populated\">\n\t\t\t\t\t\t<div class=\"elementor-element elementor-element-d70b830 elementor-widget elementor-widget-text-editor\" data-id=\"d70b830\" data-element_type=\"widget\" data-widget_type=\"text-editor.default\">\n\t\t\t\t<div class=\"elementor-widget-container\">\n\t\t\t\t\t\t\t\t\t<p>Le beach flag est un support de communication, de promotion publicitaire et de signal\u00e9tique. <br \/>Il s\u2019installe partout, aussi bien en int\u00e9rieur qu\u2019en ext\u00e9rieur. Il permet de diffuser de l\u2019information de mani\u00e8re dynamique. <br \/>Il n\u2019existe pas une activit\u00e9 professionnelle \u00e0 laquelle il ne se pr\u00eaterait pas. <br \/>L\u2019impression de la voile personnalis\u00e9e d\u2019un oriflamme se met au service de toutes les sortes d\u2019affichage. <br \/>Que l\u2019on souhaite plut\u00f4t l\u2019utiliser pour marquer g\u00e9ographiquement un point ou, par exemple, pour assurer la promotion d\u2019une marque ou d\u2019un \u00e9v\u00e9nement, le beachflag reste un produit multifonction.<\/p><p>Comptez sur ce produit pour :<\/p><p>\u2022 Communiquer<br \/>\u2022 Orienter<br \/>\u2022 Signaler<br \/>\u2022 Localiser<br \/>\u2022 Promouvoir<br \/>\u2022 Afficher<br \/>\u2022 Dynamiser<br \/>\u2022 Vendre<\/p>\t\t\t\t\t\t\t\t<\/div>\n\t\t\t\t<\/div>\n\t\t\t\t\t<\/div>\n\t\t<\/div>\n\t\t\t\t\t<\/div>\n\t\t<\/section>\n\t\t\t\t<section class=\"elementor-section elementor-top-section elementor-element elementor-element-36c2712 elementor-section-boxed elementor-section-height-default elementor-section-height-default\" data-id=\"36c2712\" data-element_type=\"section\">\n\t\t\t\t\t\t<div class=\"elementor-container elementor-column-gap-default\">\n\t\t\t\t\t<div class=\"elementor-column elementor-col-100 elementor-top-column elementor-element elementor-element-ff0529d\" data-id=\"ff0529d\" data-element_type=\"column\">\n\t\t\t<div class=\"elementor-widget-wrap elementor-element-populated\">\n\t\t\t\t\t\t<div class=\"elementor-element elementor-element-39f959a elementor-widget elementor-widget-text-editor\" data-id=\"39f959a\" data-element_type=\"widget\" data-widget_type=\"text-editor.default\">\n\t\t\t\t<div class=\"elementor-widget-container\">\n\t\t\t\t\t\t\t\t\t<h2>\u00c0 quelle occasion utilise-t-on un beach flag ou oriflamme ?<\/h2>\t\t\t\t\t\t\t\t<\/div>\n\t\t\t\t<\/div>\n\t\t\t\t\t<\/div>\n\t\t<\/div>\n\t\t\t\t\t<\/div>\n\t\t<\/section>\n\t\t\t\t<section class=\"elementor-section elementor-top-section elementor-element elementor-element-aec382f elementor-section-boxed elementor-section-height-default elementor-section-height-default\" data-id=\"aec382f\" data-element_type=\"section\">\n\t\t\t\t\t\t<div class=\"elementor-container elementor-column-gap-default\">\n\t\t\t\t\t<div class=\"elementor-column elementor-col-100 elementor-top-column elementor-element elementor-element-3dbb0d5\" data-id=\"3dbb0d5\" data-element_type=\"column\">\n\t\t\t<div class=\"elementor-widget-wrap elementor-element-populated\">\n\t\t\t\t\t\t<div class=\"elementor-element elementor-element-af36529 elementor-widget elementor-widget-text-editor\" data-id=\"af36529\" data-element_type=\"widget\" data-widget_type=\"text-editor.default\">\n\t\t\t\t<div class=\"elementor-widget-container\">\n\t\t\t\t\t\t\t\t\t<p>Comme l&#8217;\u00e9tymologie de son nom l\u2019indique, le \u201cbeach flag\u201d \u00e9tait \u00e0 l\u2019origine un produit que l\u2019on voyait sur les plages. Il se traduit d\u2019ailleurs litt\u00e9ralement de l\u2019anglais au fran\u00e7ais par \u201cdrapeau de plage\u201d.<br \/><span style=\"font-size: 14pt;\">D\u00e9couvrez \u00e0 ce sujet notre<\/span><a style=\"font-size: 14pt;\" href=\"https:\/\/www.macapflag.com\/blog\/beach-flag-origine\/\"><span style=\"color: #3366ff;\"><strong> article consacr\u00e9 \u00e0 l\u2019histoire du beachflag<\/strong><\/span><\/a><span style=\"font-size: 14pt;\"> chez Macap.<br \/><\/span><span style=\"font-size: 14pt;\">Ce produit a depuis envahi bien d\u2019autres territoires.\u00a0<br \/><\/span><span style=\"font-size: 14pt;\">On le retrouve le plus fr\u00e9quemment :<\/span><\/p>\t\t\t\t\t\t\t\t<\/div>\n\t\t\t\t<\/div>\n\t\t\t\t\t<\/div>\n\t\t<\/div>\n\t\t\t\t\t<\/div>\n\t\t<\/section>\n\t\t\t\t<section class=\"elementor-section elementor-top-section elementor-element elementor-element-e17d34a elementor-section-boxed elementor-section-height-default elementor-section-height-default\" data-id=\"e17d34a\" data-element_type=\"section\">\n\t\t\t\t\t\t<div class=\"elementor-container elementor-column-gap-default\">\n\t\t\t\t\t<div class=\"elementor-column elementor-col-100 elementor-top-column elementor-element elementor-element-de2be4d\" data-id=\"de2be4d\" data-element_type=\"column\">\n\t\t\t<div class=\"elementor-widget-wrap elementor-element-populated\">\n\t\t\t\t\t\t<div class=\"elementor-element elementor-element-3dc1910 elementor-widget elementor-widget-text-editor\" data-id=\"3dc1910\" data-element_type=\"widget\" data-widget_type=\"text-editor.default\">\n\t\t\t\t<div class=\"elementor-widget-container\">\n\t\t\t\t\t\t\t\t\t<h3>Dans le monde du sport<\/h3>\t\t\t\t\t\t\t\t<\/div>\n\t\t\t\t<\/div>\n\t\t\t\t\t<\/div>\n\t\t<\/div>\n\t\t\t\t\t<\/div>\n\t\t<\/section>\n\t\t\t\t<section class=\"elementor-section elementor-top-section elementor-element elementor-element-006d12b elementor-section-boxed elementor-section-height-default elementor-section-height-default\" data-id=\"006d12b\" data-element_type=\"section\">\n\t\t\t\t\t\t<div class=\"elementor-container elementor-column-gap-default\">\n\t\t\t\t\t<div class=\"elementor-column elementor-col-100 elementor-top-column elementor-element elementor-element-371386e\" data-id=\"371386e\" data-element_type=\"column\">\n\t\t\t<div class=\"elementor-widget-wrap elementor-element-populated\">\n\t\t\t\t\t\t<div class=\"elementor-element elementor-element-a59e064 elementor-widget elementor-widget-image\" data-id=\"a59e064\" data-element_type=\"widget\" data-widget_type=\"image.default\">\n\t\t\t\t<div class=\"elementor-widget-container\">\n\t\t\t\t\t\t\t\t\t\t\t\t\t\t\t<img decoding=\"async\" width=\"700\" height=\"534\" src=\"https:\/\/www.macapflag.com\/blog\/wp-content\/uploads\/2022\/02\/Beachflag-ou-oriflamme-sport.jpg\" class=\"attachment-large size-large wp-image-9509\" alt=\"Le beachflag est tr\u00e8s pr\u00e9sent dans le sport\" srcset=\"https:\/\/www.macapflag.com\/blog\/wp-content\/uploads\/2022\/02\/Beachflag-ou-oriflamme-sport.jpg 700w, https:\/\/www.macapflag.com\/blog\/wp-content\/uploads\/2022\/02\/Beachflag-ou-oriflamme-sport-300x229.jpg 300w\" sizes=\"(max-width: 700px) 100vw, 700px\" \/>\t\t\t\t\t\t\t\t\t\t\t\t\t\t\t<\/div>\n\t\t\t\t<\/div>\n\t\t\t\t\t<\/div>\n\t\t<\/div>\n\t\t\t\t\t<\/div>\n\t\t<\/section>\n\t\t\t\t<section class=\"elementor-section elementor-top-section elementor-element elementor-element-104241c elementor-section-boxed elementor-section-height-default elementor-section-height-default\" data-id=\"104241c\" data-element_type=\"section\">\n\t\t\t\t\t\t<div class=\"elementor-container elementor-column-gap-default\">\n\t\t\t\t\t<div class=\"elementor-column elementor-col-100 elementor-top-column elementor-element elementor-element-b8aa054\" data-id=\"b8aa054\" data-element_type=\"column\">\n\t\t\t<div class=\"elementor-widget-wrap elementor-element-populated\">\n\t\t\t\t\t\t<div class=\"elementor-element elementor-element-43ec51c elementor-widget elementor-widget-text-editor\" data-id=\"43ec51c\" data-element_type=\"widget\" data-widget_type=\"text-editor.default\">\n\t\t\t\t<div class=\"elementor-widget-container\">\n\t\t\t\t\t\t\t\t\t<p>L\u2019<a href=\"https:\/\/www.macapflag.com\/41-beach-flag-oriflamme\" target=\"_blank\" rel=\"noopener\">oriflamme<\/a>\u00a0(changeons un peu de d\u00e9nomination puisqu\u2019il en existe deux !) reste tr\u00e8s pr\u00e9sent dans le domaine sportif : <br \/>\u2022 dans le sable pour une rencontre sportive de kite-surf ou de planche \u00e0 voile, <br \/>\u2022 sur un port lors de rencontres nautiques,<br \/>\u2022 sur un terrain de foot ou de rugby lors d\u2019un tournoi, <br \/>\u2022 sur les pistes des stations de ski \u00e0 l\u2019occasion d\u2019une comp\u00e9tition,<br \/>\u2022 au bord des pistes des circuits automobiles<\/p><p>\u00c0 toutes les p\u00e9riodes de l\u2019ann\u00e9e, le kit voile + m\u00e2t + pied fait partie des incontournables de l\u2019univers de l\u2019\u00e9v\u00e8nementiel sportif.<\/p>\t\t\t\t\t\t\t\t<\/div>\n\t\t\t\t<\/div>\n\t\t\t\t\t<\/div>\n\t\t<\/div>\n\t\t\t\t\t<\/div>\n\t\t<\/section>\n\t\t\t\t<section class=\"elementor-section elementor-top-section elementor-element elementor-element-2075f54 elementor-section-boxed elementor-section-height-default elementor-section-height-default\" data-id=\"2075f54\" data-element_type=\"section\">\n\t\t\t\t\t\t<div class=\"elementor-container elementor-column-gap-default\">\n\t\t\t\t\t<div class=\"elementor-column elementor-col-100 elementor-top-column elementor-element elementor-element-b97f928\" data-id=\"b97f928\" data-element_type=\"column\">\n\t\t\t<div class=\"elementor-widget-wrap elementor-element-populated\">\n\t\t\t\t\t\t<div class=\"elementor-element elementor-element-455bb05 elementor-widget elementor-widget-image\" data-id=\"455bb05\" data-element_type=\"widget\" data-widget_type=\"image.default\">\n\t\t\t\t<div class=\"elementor-widget-container\">\n\t\t\t\t\t\t\t\t\t\t\t\t\t\t\t<img decoding=\"async\" width=\"700\" height=\"534\" src=\"https:\/\/www.macapflag.com\/blog\/wp-content\/uploads\/2022\/02\/Beachflag-ou-oriflamme-sport-automobile.jpg\" class=\"attachment-large size-large wp-image-9508\" alt=\"L&#039;oriflamme assure la communication d&#039;un \u00e9v\u00e8nement sportif\" \/>\t\t\t\t\t\t\t\t\t\t\t\t\t\t\t<\/div>\n\t\t\t\t<\/div>\n\t\t\t\t\t<\/div>\n\t\t<\/div>\n\t\t\t\t\t<\/div>\n\t\t<\/section>\n\t\t\t\t<section class=\"elementor-section elementor-top-section elementor-element elementor-element-5a990c2 elementor-section-boxed elementor-section-height-default elementor-section-height-default\" data-id=\"5a990c2\" data-element_type=\"section\">\n\t\t\t\t\t\t<div class=\"elementor-container elementor-column-gap-default\">\n\t\t\t\t\t<div class=\"elementor-column elementor-col-100 elementor-top-column elementor-element elementor-element-2290f16\" data-id=\"2290f16\" data-element_type=\"column\">\n\t\t\t<div class=\"elementor-widget-wrap elementor-element-populated\">\n\t\t\t\t\t\t<div class=\"elementor-element elementor-element-c26bdc3 elementor-widget elementor-widget-text-editor\" data-id=\"c26bdc3\" data-element_type=\"widget\" data-widget_type=\"text-editor.default\">\n\t\t\t\t<div class=\"elementor-widget-container\">\n\t\t\t\t\t\t\t\t\t<h3>Dans l\u2019univers des salons et expositions indoor et outdoor<\/h3>\t\t\t\t\t\t\t\t<\/div>\n\t\t\t\t<\/div>\n\t\t\t\t\t<\/div>\n\t\t<\/div>\n\t\t\t\t\t<\/div>\n\t\t<\/section>\n\t\t\t\t<section class=\"elementor-section elementor-top-section elementor-element elementor-element-d8380f1 elementor-section-boxed elementor-section-height-default elementor-section-height-default\" data-id=\"d8380f1\" data-element_type=\"section\">\n\t\t\t\t\t\t<div class=\"elementor-container elementor-column-gap-default\">\n\t\t\t\t\t<div class=\"elementor-column elementor-col-50 elementor-top-column elementor-element elementor-element-f40c959\" data-id=\"f40c959\" data-element_type=\"column\">\n\t\t\t<div class=\"elementor-widget-wrap elementor-element-populated\">\n\t\t\t\t\t\t<div class=\"elementor-element elementor-element-6bb62dc elementor-widget elementor-widget-text-editor\" data-id=\"6bb62dc\" data-element_type=\"widget\" data-widget_type=\"text-editor.default\">\n\t\t\t\t<div class=\"elementor-widget-container\">\n\t\t\t\t\t\t\t\t\t<p>Pour marquer l\u2019entr\u00e9e de la manifestation ou l\u2019emplacement des stands dans les all\u00e9es, l\u2019oriflamme s\u2019impose comme un produit id\u00e9al. Il se d\u00e9ploie en quelques minutes, se d\u00e9place ais\u00e9ment d\u2019un endroit \u00e0 un autre, de l\u2019int\u00e9rieur vers l\u2019ext\u00e9rieur ou vice versa, c\u2019est un support tout terrain, aussi robuste qu\u2019efficace. Pour une communication uniquement indoor, un mod\u00e8le sp\u00e9cifique a \u00e9t\u00e9 con\u00e7u : le beach light.\u00a0<\/p>\t\t\t\t\t\t\t\t<\/div>\n\t\t\t\t<\/div>\n\t\t\t\t\t<\/div>\n\t\t<\/div>\n\t\t\t\t<div class=\"elementor-column elementor-col-50 elementor-top-column elementor-element elementor-element-7a0c76a\" data-id=\"7a0c76a\" data-element_type=\"column\">\n\t\t\t<div class=\"elementor-widget-wrap elementor-element-populated\">\n\t\t\t\t\t\t<div class=\"elementor-element elementor-element-53b1cd3 elementor-widget elementor-widget-image\" data-id=\"53b1cd3\" data-element_type=\"widget\" data-widget_type=\"image.default\">\n\t\t\t\t<div class=\"elementor-widget-container\">\n\t\t\t\t\t\t\t\t\t\t\t\t\t\t\t<img loading=\"lazy\" decoding=\"async\" width=\"534\" height=\"700\" src=\"https:\/\/www.macapflag.com\/blog\/wp-content\/uploads\/2022\/02\/Beachflag-ou-oriflamme-salon-2.jpg\" class=\"attachment-large size-large wp-image-9506\" alt=\"Beach flags et oriflammes sur le stand d&#039;un salon\" srcset=\"https:\/\/www.macapflag.com\/blog\/wp-content\/uploads\/2022\/02\/Beachflag-ou-oriflamme-salon-2.jpg 534w, https:\/\/www.macapflag.com\/blog\/wp-content\/uploads\/2022\/02\/Beachflag-ou-oriflamme-salon-2-229x300.jpg 229w\" sizes=\"(max-width: 534px) 100vw, 534px\" \/>\t\t\t\t\t\t\t\t\t\t\t\t\t\t\t<\/div>\n\t\t\t\t<\/div>\n\t\t\t\t\t<\/div>\n\t\t<\/div>\n\t\t\t\t\t<\/div>\n\t\t<\/section>\n\t\t\t\t<section class=\"elementor-section elementor-top-section elementor-element elementor-element-7d1de73 elementor-section-boxed elementor-section-height-default elementor-section-height-default\" data-id=\"7d1de73\" data-element_type=\"section\">\n\t\t\t\t\t\t<div class=\"elementor-container elementor-column-gap-default\">\n\t\t\t\t\t<div class=\"elementor-column elementor-col-100 elementor-top-column elementor-element elementor-element-1b3d262\" data-id=\"1b3d262\" data-element_type=\"column\">\n\t\t\t<div class=\"elementor-widget-wrap elementor-element-populated\">\n\t\t\t\t\t\t<div class=\"elementor-element elementor-element-a035986 elementor-widget elementor-widget-text-editor\" data-id=\"a035986\" data-element_type=\"widget\" data-widget_type=\"text-editor.default\">\n\t\t\t\t<div class=\"elementor-widget-container\">\n\t\t\t\t\t\t\t\t\t<p>L\u00e9ger, \u00e9conomique et pratique, le beachlight se transporte n&#8217;importe o\u00f9, id\u00e9al pour communiquer sur vos showrooms, salons professionnels en int\u00e9rieur par exemple.<\/p>\t\t\t\t\t\t\t\t<\/div>\n\t\t\t\t<\/div>\n\t\t\t\t\t<\/div>\n\t\t<\/div>\n\t\t\t\t\t<\/div>\n\t\t<\/section>\n\t\t\t\t<section class=\"elementor-section elementor-top-section elementor-element elementor-element-9460fbb elementor-section-boxed elementor-section-height-default elementor-section-height-default\" data-id=\"9460fbb\" data-element_type=\"section\">\n\t\t\t\t\t\t<div class=\"elementor-container elementor-column-gap-default\">\n\t\t\t\t\t<div class=\"elementor-column elementor-col-100 elementor-top-column elementor-element elementor-element-c37bd5e\" data-id=\"c37bd5e\" data-element_type=\"column\">\n\t\t\t<div class=\"elementor-widget-wrap elementor-element-populated\">\n\t\t\t\t\t\t<div class=\"elementor-element elementor-element-64bd314 elementor-widget elementor-widget-image\" data-id=\"64bd314\" data-element_type=\"widget\" data-widget_type=\"image.default\">\n\t\t\t\t<div class=\"elementor-widget-container\">\n\t\t\t\t\t\t\t\t\t\t\t\t\t\t\t<img loading=\"lazy\" decoding=\"async\" width=\"700\" height=\"534\" src=\"https:\/\/www.macapflag.com\/blog\/wp-content\/uploads\/2022\/02\/Beachflag-ou-oriflamme-salon.jpg\" class=\"attachment-large size-large wp-image-9507\" alt=\"Les oriflammes publicitaires lors d&#039;une exposition\" \/>\t\t\t\t\t\t\t\t\t\t\t\t\t\t\t<\/div>\n\t\t\t\t<\/div>\n\t\t\t\t\t<\/div>\n\t\t<\/div>\n\t\t\t\t\t<\/div>\n\t\t<\/section>\n\t\t\t\t<section class=\"elementor-section elementor-top-section elementor-element elementor-element-daf98da elementor-section-boxed elementor-section-height-default elementor-section-height-default\" data-id=\"daf98da\" data-element_type=\"section\">\n\t\t\t\t\t\t<div class=\"elementor-container elementor-column-gap-default\">\n\t\t\t\t\t<div class=\"elementor-column elementor-col-100 elementor-top-column elementor-element elementor-element-67c57d5\" data-id=\"67c57d5\" data-element_type=\"column\">\n\t\t\t<div class=\"elementor-widget-wrap elementor-element-populated\">\n\t\t\t\t\t\t<div class=\"elementor-element elementor-element-8289efc elementor-widget elementor-widget-text-editor\" data-id=\"8289efc\" data-element_type=\"widget\" data-widget_type=\"text-editor.default\">\n\t\t\t\t<div class=\"elementor-widget-container\">\n\t\t\t\t\t\t\t\t\t<h3>Pour les commer\u00e7ants et les restaurateurs et cafetiers<\/h3>\t\t\t\t\t\t\t\t<\/div>\n\t\t\t\t<\/div>\n\t\t\t\t\t<\/div>\n\t\t<\/div>\n\t\t\t\t\t<\/div>\n\t\t<\/section>\n\t\t\t\t<section class=\"elementor-section elementor-top-section elementor-element elementor-element-e6ede87 elementor-section-boxed elementor-section-height-default elementor-section-height-default\" data-id=\"e6ede87\" data-element_type=\"section\">\n\t\t\t\t\t\t<div class=\"elementor-container elementor-column-gap-default\">\n\t\t\t\t\t<div class=\"elementor-column elementor-col-50 elementor-top-column elementor-element elementor-element-1bf5967\" data-id=\"1bf5967\" data-element_type=\"column\">\n\t\t\t<div class=\"elementor-widget-wrap elementor-element-populated\">\n\t\t\t\t\t\t<div class=\"elementor-element elementor-element-5e5ee6d elementor-widget elementor-widget-image\" data-id=\"5e5ee6d\" data-element_type=\"widget\" data-widget_type=\"image.default\">\n\t\t\t\t<div class=\"elementor-widget-container\">\n\t\t\t\t\t\t\t\t\t\t\t\t\t\t\t<img loading=\"lazy\" decoding=\"async\" width=\"534\" height=\"700\" src=\"https:\/\/www.macapflag.com\/blog\/wp-content\/uploads\/2022\/02\/Beachflag-ou-oriflamme-pour-magasin.jpg\" class=\"attachment-large size-large wp-image-9505\" alt=\"L&#039;oriflamme pour magasin et boutique\" \/>\t\t\t\t\t\t\t\t\t\t\t\t\t\t\t<\/div>\n\t\t\t\t<\/div>\n\t\t\t\t\t<\/div>\n\t\t<\/div>\n\t\t\t\t<div class=\"elementor-column elementor-col-50 elementor-top-column elementor-element elementor-element-580e374\" data-id=\"580e374\" data-element_type=\"column\">\n\t\t\t<div class=\"elementor-widget-wrap elementor-element-populated\">\n\t\t\t\t\t\t<div class=\"elementor-element elementor-element-4bde773 elementor-widget elementor-widget-text-editor\" data-id=\"4bde773\" data-element_type=\"widget\" data-widget_type=\"text-editor.default\">\n\t\t\t\t<div class=\"elementor-widget-container\">\n\t\t\t\t\t\t\t\t\t<p>On retrouve les oriflammes dans de nombreux magasins, et l\u00e0 aussi, en ext\u00e9rieur comme en int\u00e9rieur : <br \/>\u2022 devant ou derri\u00e8re une vitrine, <br \/>\u2022 devant le pas de porte en version duplication avec un oriflamme plac\u00e9 de chaque c\u00f4t\u00e9, <br \/>\u2022 en t\u00eate de gondole de l\u2019all\u00e9e d\u2019un supermarch\u00e9, <br \/>\u2022 dans une concession automobile pour attirer l&#8217;\u0153il des visiteurs vers certains v\u00e9hicules. D\u2019ailleurs, un pied d\u00e9nomm\u00e9 \u201cautocal\u201d est sp\u00e9cialement cr\u00e9\u00e9 pour se glisser sous la roue d\u2019un v\u00e9hicule. <br \/>\u2022 sur la terrasse d\u2019un restaurant<\/p>\t\t\t\t\t\t\t\t<\/div>\n\t\t\t\t<\/div>\n\t\t\t\t\t<\/div>\n\t\t<\/div>\n\t\t\t\t\t<\/div>\n\t\t<\/section>\n\t\t\t\t<section class=\"elementor-section elementor-top-section elementor-element elementor-element-1ef20df elementor-section-boxed elementor-section-height-default elementor-section-height-default\" data-id=\"1ef20df\" data-element_type=\"section\">\n\t\t\t\t\t\t<div class=\"elementor-container elementor-column-gap-default\">\n\t\t\t\t\t<div class=\"elementor-column elementor-col-100 elementor-top-column elementor-element elementor-element-e955673\" data-id=\"e955673\" data-element_type=\"column\">\n\t\t\t<div class=\"elementor-widget-wrap elementor-element-populated\">\n\t\t\t\t\t\t<div class=\"elementor-element elementor-element-e29f9da elementor-widget elementor-widget-text-editor\" data-id=\"e29f9da\" data-element_type=\"widget\" data-widget_type=\"text-editor.default\">\n\t\t\t\t<div class=\"elementor-widget-container\">\n\t\t\t\t\t\t\t\t\t<p>Regardez autour de vous\u2026 Vous trouverez \u00e0 coup s\u00fbr 1000 occasions de v\u00e9rifier l\u2019impact visuel d\u2019un beach flag publicitaire<\/p>\t\t\t\t\t\t\t\t<\/div>\n\t\t\t\t<\/div>\n\t\t\t\t\t<\/div>\n\t\t<\/div>\n\t\t\t\t\t<\/div>\n\t\t<\/section>\n\t\t\t\t<section class=\"elementor-section elementor-top-section elementor-element elementor-element-d2bea0a elementor-section-boxed elementor-section-height-default elementor-section-height-default\" data-id=\"d2bea0a\" data-element_type=\"section\">\n\t\t\t\t\t\t<div class=\"elementor-container elementor-column-gap-default\">\n\t\t\t\t\t<div class=\"elementor-column elementor-col-100 elementor-top-column elementor-element elementor-element-8c31c40\" data-id=\"8c31c40\" data-element_type=\"column\">\n\t\t\t<div class=\"elementor-widget-wrap elementor-element-populated\">\n\t\t\t\t\t\t<div class=\"elementor-element elementor-element-2ea7b90 elementor-widget elementor-widget-text-editor\" data-id=\"2ea7b90\" data-element_type=\"widget\" data-widget_type=\"text-editor.default\">\n\t\t\t\t<div class=\"elementor-widget-container\">\n\t\t\t\t\t\t\t\t\t<h3>En entreprise<\/h3>\t\t\t\t\t\t\t\t<\/div>\n\t\t\t\t<\/div>\n\t\t\t\t\t<\/div>\n\t\t<\/div>\n\t\t\t\t\t<\/div>\n\t\t<\/section>\n\t\t\t\t<section class=\"elementor-section elementor-top-section elementor-element elementor-element-e3d6837 elementor-section-boxed elementor-section-height-default elementor-section-height-default\" data-id=\"e3d6837\" data-element_type=\"section\">\n\t\t\t\t\t\t<div class=\"elementor-container elementor-column-gap-default\">\n\t\t\t\t\t<div class=\"elementor-column elementor-col-100 elementor-top-column elementor-element elementor-element-54eea73\" data-id=\"54eea73\" data-element_type=\"column\">\n\t\t\t<div class=\"elementor-widget-wrap elementor-element-populated\">\n\t\t\t\t\t\t<div class=\"elementor-element elementor-element-4b9e9bb elementor-widget elementor-widget-text-editor\" data-id=\"4b9e9bb\" data-element_type=\"widget\" data-widget_type=\"text-editor.default\">\n\t\t\t\t<div class=\"elementor-widget-container\">\n\t\t\t\t\t\t\t\t\t<p>Si une entreprise devait choisir de ne faire fabriquer qu\u2019un seul support de communication publicitaire, c\u2019est le beachflag qu\u2019elle devrait choisir. Son caract\u00e8re multifonctions pr\u00e9c\u00e9demment cit\u00e9 lui permet d\u2019assurer son r\u00f4le en toutes occasions et notamment :<br \/>\u2022 Lors de la participation de l\u2019entreprise \u00e0 des \u00e9v\u00e8nements ext\u00e9rieurs (salons, op\u00e9rations de promotion organis\u00e9es par l\u2019\u00e9quipe commerciale etc.),<br \/>\u2022 Lors de r\u00e9ceptions de clients organis\u00e9es au sein de l\u2019entreprise,<br \/>\u2022 Pour d\u00e9corer le parking, le hall d\u2019entr\u00e9e ou toute autre partie des locaux<br \/>\u2022 Pour accompagner un agent commercial lors de ses d\u00e9placements et lui permettre, o\u00f9 qu\u2019il aille, de cr\u00e9er un petit univers personnalis\u00e9 avec par exemple, un roll up et une banderole \u00e9galement imprim\u00e9s aux couleurs de la marque.<\/p>\t\t\t\t\t\t\t\t<\/div>\n\t\t\t\t<\/div>\n\t\t\t\t\t<\/div>\n\t\t<\/div>\n\t\t\t\t\t<\/div>\n\t\t<\/section>\n\t\t\t\t<section class=\"elementor-section elementor-top-section elementor-element elementor-element-4e639bc elementor-section-boxed elementor-section-height-default elementor-section-height-default\" data-id=\"4e639bc\" data-element_type=\"section\">\n\t\t\t\t\t\t<div class=\"elementor-container elementor-column-gap-default\">\n\t\t\t\t\t<div class=\"elementor-column elementor-col-100 elementor-top-column elementor-element elementor-element-4f59e61\" data-id=\"4f59e61\" data-element_type=\"column\">\n\t\t\t<div class=\"elementor-widget-wrap elementor-element-populated\">\n\t\t\t\t\t\t<div class=\"elementor-element elementor-element-afa1210 elementor-widget elementor-widget-text-editor\" data-id=\"afa1210\" data-element_type=\"widget\" data-widget_type=\"text-editor.default\">\n\t\t\t\t<div class=\"elementor-widget-container\">\n\t\t\t\t\t\t\t\t\t<h3>Et \u00e0 bien d&#8217;autres occasions !<\/h3>\t\t\t\t\t\t\t\t<\/div>\n\t\t\t\t<\/div>\n\t\t\t\t\t<\/div>\n\t\t<\/div>\n\t\t\t\t\t<\/div>\n\t\t<\/section>\n\t\t\t\t<section class=\"elementor-section elementor-top-section elementor-element elementor-element-3c55e32 elementor-section-boxed elementor-section-height-default elementor-section-height-default\" data-id=\"3c55e32\" data-element_type=\"section\">\n\t\t\t\t\t\t<div class=\"elementor-container elementor-column-gap-default\">\n\t\t\t\t\t<div class=\"elementor-column elementor-col-100 elementor-top-column elementor-element elementor-element-b516a44\" data-id=\"b516a44\" data-element_type=\"column\">\n\t\t\t<div class=\"elementor-widget-wrap elementor-element-populated\">\n\t\t\t\t\t\t<div class=\"elementor-element elementor-element-0aa8c83 elementor-widget elementor-widget-text-editor\" data-id=\"0aa8c83\" data-element_type=\"widget\" data-widget_type=\"text-editor.default\">\n\t\t\t\t<div class=\"elementor-widget-container\">\n\t\t\t\t\t\t\t\t\t<p>Le beach flag est aussi pr\u00e9sent dans de nombreux autres lieux lors de multiples occasions. Lorsque l\u2019on entend le terme &#8220;\u00e9v\u00e9nementiel&#8221;, les beach flags ne sont jamais bien loin ! Concerts, meetings politiques, en configuration int\u00e9rieure ou ext\u00e9rieure, les beach flags offrent un fort impact visuel. <\/p>\t\t\t\t\t\t\t\t<\/div>\n\t\t\t\t<\/div>\n\t\t\t\t\t<\/div>\n\t\t<\/div>\n\t\t\t\t\t<\/div>\n\t\t<\/section>\n\t\t\t\t<section class=\"elementor-section elementor-top-section elementor-element elementor-element-b18c84c elementor-section-boxed elementor-section-height-default elementor-section-height-default\" data-id=\"b18c84c\" data-element_type=\"section\">\n\t\t\t\t\t\t<div class=\"elementor-container elementor-column-gap-default\">\n\t\t\t\t\t<div class=\"elementor-column elementor-col-100 elementor-top-column elementor-element elementor-element-fff918d\" data-id=\"fff918d\" data-element_type=\"column\">\n\t\t\t<div class=\"elementor-widget-wrap elementor-element-populated\">\n\t\t\t\t\t\t<div class=\"elementor-element elementor-element-03312c1 elementor-widget elementor-widget-text-editor\" data-id=\"03312c1\" data-element_type=\"widget\" data-widget_type=\"text-editor.default\">\n\t\t\t\t<div class=\"elementor-widget-container\">\n\t\t\t\t\t\t\t\t\t<h2>Quelles sont les formes de voiles et les formats des beach flags ?<\/h2>\t\t\t\t\t\t\t\t<\/div>\n\t\t\t\t<\/div>\n\t\t\t\t\t<\/div>\n\t\t<\/div>\n\t\t\t\t\t<\/div>\n\t\t<\/section>\n\t\t\t\t<section class=\"elementor-section elementor-top-section elementor-element elementor-element-f1a1e87 elementor-section-boxed elementor-section-height-default elementor-section-height-default\" data-id=\"f1a1e87\" data-element_type=\"section\">\n\t\t\t\t\t\t<div class=\"elementor-container elementor-column-gap-default\">\n\t\t\t\t\t<div class=\"elementor-column elementor-col-100 elementor-top-column elementor-element elementor-element-949e4b0\" data-id=\"949e4b0\" data-element_type=\"column\">\n\t\t\t<div class=\"elementor-widget-wrap elementor-element-populated\">\n\t\t\t\t\t\t<div class=\"elementor-element elementor-element-971dd48 elementor-widget elementor-widget-image\" data-id=\"971dd48\" data-element_type=\"widget\" data-widget_type=\"image.default\">\n\t\t\t\t<div class=\"elementor-widget-container\">\n\t\t\t\t\t\t\t\t\t\t\t\t<figure class=\"wp-caption\">\n\t\t\t\t\t\t\t\t\t\t\t<a href=\"https:\/\/www.macapflag.com\/41-beach-flag-oriflamme\">\n\t\t\t\t\t\t\t<img loading=\"lazy\" decoding=\"async\" width=\"700\" height=\"534\" src=\"https:\/\/www.macapflag.com\/blog\/wp-content\/uploads\/2022\/02\/Beachflag-ou-oriflamme-forme-voile.jpg\" class=\"attachment-large size-large wp-image-9502\" alt=\"Les formes de la voile d&#039;un beach flag\" srcset=\"https:\/\/www.macapflag.com\/blog\/wp-content\/uploads\/2022\/02\/Beachflag-ou-oriflamme-forme-voile.jpg 700w, https:\/\/www.macapflag.com\/blog\/wp-content\/uploads\/2022\/02\/Beachflag-ou-oriflamme-forme-voile-300x229.jpg 300w\" sizes=\"(max-width: 700px) 100vw, 700px\" \/>\t\t\t\t\t\t\t\t<\/a>\n\t\t\t\t\t\t\t\t\t\t\t<figcaption class=\"widget-image-caption wp-caption-text\">Les diff\u00e9rentes formes de la voile du Beach Flag<\/figcaption>\n\t\t\t\t\t\t\t\t\t\t<\/figure>\n\t\t\t\t\t\t\t\t\t<\/div>\n\t\t\t\t<\/div>\n\t\t\t\t\t<\/div>\n\t\t<\/div>\n\t\t\t\t\t<\/div>\n\t\t<\/section>\n\t\t\t\t<section class=\"elementor-section elementor-top-section elementor-element elementor-element-1ec468f elementor-section-boxed elementor-section-height-default elementor-section-height-default\" data-id=\"1ec468f\" data-element_type=\"section\">\n\t\t\t\t\t\t<div class=\"elementor-container elementor-column-gap-default\">\n\t\t\t\t\t<div class=\"elementor-column elementor-col-100 elementor-top-column elementor-element elementor-element-d0b9af4\" data-id=\"d0b9af4\" data-element_type=\"column\">\n\t\t\t<div class=\"elementor-widget-wrap elementor-element-populated\">\n\t\t\t\t\t\t<div class=\"elementor-element elementor-element-aef55dc elementor-widget elementor-widget-text-editor\" data-id=\"aef55dc\" data-element_type=\"widget\" data-widget_type=\"text-editor.default\">\n\t\t\t\t<div class=\"elementor-widget-container\">\n\t\t\t\t\t\t\t\t\t<h3>\u2022 Le beach flag classique<\/h3>\t\t\t\t\t\t\t\t<\/div>\n\t\t\t\t<\/div>\n\t\t\t\t\t<\/div>\n\t\t<\/div>\n\t\t\t\t\t<\/div>\n\t\t<\/section>\n\t\t\t\t<section class=\"elementor-section elementor-top-section elementor-element elementor-element-1727044 elementor-section-boxed elementor-section-height-default elementor-section-height-default\" data-id=\"1727044\" data-element_type=\"section\">\n\t\t\t\t\t\t<div class=\"elementor-container elementor-column-gap-default\">\n\t\t\t\t\t<div class=\"elementor-column elementor-col-100 elementor-top-column elementor-element elementor-element-235f693\" data-id=\"235f693\" data-element_type=\"column\">\n\t\t\t<div class=\"elementor-widget-wrap elementor-element-populated\">\n\t\t\t\t\t\t<div class=\"elementor-element elementor-element-2905db4 elementor-widget elementor-widget-text-editor\" data-id=\"2905db4\" data-element_type=\"widget\" data-widget_type=\"text-editor.default\">\n\t\t\t\t<div class=\"elementor-widget-container\">\n\t\t\t\t\t\t\t\t\t<p>Avec sa voile arrondie en haut et, en format standard, une coupe droite en bas. <br \/>La partie basse peut aussi, sur demande, \u00eatre d\u00e9coup\u00e9e avec une forme convexe, concave ou oblique.<\/p><p>Pour ce fla, la hauteur de m\u00e2t peut aller de 2.30 m\u00e8tres \u00e0 5 m\u00e8tres et les dimensions des voiles de 160 x 50 cm jusqu\u2019\u00e0 400 x 85 cm.<\/p>\t\t\t\t\t\t\t\t<\/div>\n\t\t\t\t<\/div>\n\t\t\t\t\t<\/div>\n\t\t<\/div>\n\t\t\t\t\t<\/div>\n\t\t<\/section>\n\t\t\t\t<section class=\"elementor-section elementor-top-section elementor-element elementor-element-3def345 elementor-section-boxed elementor-section-height-default elementor-section-height-default\" data-id=\"3def345\" data-element_type=\"section\">\n\t\t\t\t\t\t<div class=\"elementor-container elementor-column-gap-default\">\n\t\t\t\t\t<div class=\"elementor-column elementor-col-100 elementor-top-column elementor-element elementor-element-d6a731b\" data-id=\"d6a731b\" data-element_type=\"column\">\n\t\t\t<div class=\"elementor-widget-wrap elementor-element-populated\">\n\t\t\t\t\t\t<div class=\"elementor-element elementor-element-02216c7 elementor-widget elementor-widget-shortcode\" data-id=\"02216c7\" data-element_type=\"widget\" data-widget_type=\"shortcode.default\">\n\t\t\t\t<div class=\"elementor-widget-container\">\n\t\t\t\t\t\t\t<div class=\"elementor-shortcode\"><div class=\"container p-0 m-0\">\n    <div class=\"row m-0 border\">\n        <div class=\"col-12 col-lg-6\">\n            <img decoding=\"async\" src=\"https:\/\/www.macapflag.com\/1858192-home_default\/beach-flag-oriflamme-classique-kit-complet-fourreau-elastique-noir.jpg\" alt=\"Beach flag - Oriflamme Classique : avec fourreau &eacute;lastique (Kit complet)\" class=\"mx-auto\" \/>\n        <\/div>\n        <div class=\"col-12 col-lg-6 box-didpd-body\">\n            <div class=\"box-didpd-text\">\n                <a href=\"https:\/\/www.macapflag.com\/beach-flag-oriflamme\/245-beach-flag-oriflamme-classique-kit-complet-fourreau-elastique-noir.html\" target=\"_blank\" class=\"stretched-link\">\n                    <h3>Beach flag - Oriflamme Classique : avec fourreau \u00e9lastique (Kit complet)<\/h3>\n                <\/a>\n                <p>Best sellers des supports de communication personnalisables, le kit Beachflag - Oriflamme Classique se compose d'une voile im...<\/p>\n            <\/div>\n                                    <div class=\"text-center\">\n                <button class=\"btn btn-primary\">Je d\u00e9couvre<\/button>\n            <\/div>\n        <\/div>\n    <\/div>\n<\/div>\n<\/div>\n\t\t\t\t\t\t<\/div>\n\t\t\t\t<\/div>\n\t\t\t\t\t<\/div>\n\t\t<\/div>\n\t\t\t\t\t<\/div>\n\t\t<\/section>\n\t\t\t\t<section class=\"elementor-section elementor-top-section elementor-element elementor-element-7c7d18a elementor-section-boxed elementor-section-height-default elementor-section-height-default\" data-id=\"7c7d18a\" data-element_type=\"section\">\n\t\t\t\t\t\t<div class=\"elementor-container elementor-column-gap-default\">\n\t\t\t\t\t<div class=\"elementor-column elementor-col-100 elementor-top-column elementor-element elementor-element-0086d2a\" data-id=\"0086d2a\" data-element_type=\"column\">\n\t\t\t<div class=\"elementor-widget-wrap elementor-element-populated\">\n\t\t\t\t\t\t<div class=\"elementor-element elementor-element-44c8d06 elementor-widget elementor-widget-text-editor\" data-id=\"44c8d06\" data-element_type=\"widget\" data-widget_type=\"text-editor.default\">\n\t\t\t\t<div class=\"elementor-widget-container\">\n\t\t\t\t\t\t\t\t\t<h3>\u2022 Le beach flag potence<\/h3>\t\t\t\t\t\t\t\t<\/div>\n\t\t\t\t<\/div>\n\t\t\t\t\t<\/div>\n\t\t<\/div>\n\t\t\t\t\t<\/div>\n\t\t<\/section>\n\t\t\t\t<section class=\"elementor-section elementor-top-section elementor-element elementor-element-4d6644c elementor-section-boxed elementor-section-height-default elementor-section-height-default\" data-id=\"4d6644c\" data-element_type=\"section\">\n\t\t\t\t\t\t<div class=\"elementor-container elementor-column-gap-default\">\n\t\t\t\t\t<div class=\"elementor-column elementor-col-100 elementor-top-column elementor-element elementor-element-9ee6bb2\" data-id=\"9ee6bb2\" data-element_type=\"column\">\n\t\t\t<div class=\"elementor-widget-wrap elementor-element-populated\">\n\t\t\t\t\t\t<div class=\"elementor-element elementor-element-73f4eae elementor-widget elementor-widget-text-editor\" data-id=\"73f4eae\" data-element_type=\"widget\" data-widget_type=\"text-editor.default\">\n\t\t\t\t<div class=\"elementor-widget-container\">\n\t\t\t\t\t\t\t\t\t<p>La voile publicitaire de ce flag beach est rectangulaire, elle offre ainsi une surface d\u2019affichage et d\u2019impression optimis\u00e9e.<\/p><p>3 hauteurs de m\u00e2ts sont disponibles pour le beach flag potence : 2.40 m\u00e8tres, 3,50 m\u00e8tres, 4.60 m\u00e8tres. Les dimensions de voile correspondantes sont de 165 x 60 cm, 300 x 85 cm et 380 x 85 cm.<\/p>\t\t\t\t\t\t\t\t<\/div>\n\t\t\t\t<\/div>\n\t\t\t\t\t<\/div>\n\t\t<\/div>\n\t\t\t\t\t<\/div>\n\t\t<\/section>\n\t\t\t\t<section class=\"elementor-section elementor-top-section elementor-element elementor-element-ed6a664 elementor-section-boxed elementor-section-height-default elementor-section-height-default\" data-id=\"ed6a664\" data-element_type=\"section\">\n\t\t\t\t\t\t<div class=\"elementor-container elementor-column-gap-default\">\n\t\t\t\t\t<div class=\"elementor-column elementor-col-100 elementor-top-column elementor-element elementor-element-2d94439\" data-id=\"2d94439\" data-element_type=\"column\">\n\t\t\t<div class=\"elementor-widget-wrap elementor-element-populated\">\n\t\t\t\t\t\t<div class=\"elementor-element elementor-element-c356936 elementor-widget elementor-widget-shortcode\" data-id=\"c356936\" data-element_type=\"widget\" data-widget_type=\"shortcode.default\">\n\t\t\t\t<div class=\"elementor-widget-container\">\n\t\t\t\t\t\t\t<div class=\"elementor-shortcode\"><div class=\"container p-0 m-0\">\n    <div class=\"row m-0 border\">\n        <div class=\"col-12 col-lg-6\">\n            <img decoding=\"async\" src=\"https:\/\/www.macapflag.com\/276583-home_default\/beach-flag-oriflamme-potence-kit-complet.jpg\" alt=\"Beach flag - Oriflamme Potence : avec fourreau en maille (Kit complet)\" class=\"mx-auto\" \/>\n        <\/div>\n        <div class=\"col-12 col-lg-6 box-didpd-body\">\n            <div class=\"box-didpd-text\">\n                <a href=\"https:\/\/www.macapflag.com\/beach-flag-oriflamme\/233-beach-flag-oriflamme-potence-kit-complet.html\" target=\"_blank\" class=\"stretched-link\">\n                    <h3>Beach flag - Oriflamme Potence : avec fourreau en maille (Kit complet)<\/h3>\n                <\/a>\n                <p>Le kit Beach flag - Oriflamme Potence se compose d'une voile rectangulaire,\u00a0d'un m\u00e2t et d'un pied. Le visuel est imprim\u00e9 s...<\/p>\n            <\/div>\n                                    <div class=\"text-center\">\n                <button class=\"btn btn-primary\">Je d\u00e9couvre<\/button>\n            <\/div>\n        <\/div>\n    <\/div>\n<\/div>\n<\/div>\n\t\t\t\t\t\t<\/div>\n\t\t\t\t<\/div>\n\t\t\t\t\t<\/div>\n\t\t<\/div>\n\t\t\t\t\t<\/div>\n\t\t<\/section>\n\t\t\t\t<section class=\"elementor-section elementor-top-section elementor-element elementor-element-c3dac45 elementor-section-boxed elementor-section-height-default elementor-section-height-default\" data-id=\"c3dac45\" data-element_type=\"section\">\n\t\t\t\t\t\t<div class=\"elementor-container elementor-column-gap-default\">\n\t\t\t\t\t<div class=\"elementor-column elementor-col-100 elementor-top-column elementor-element elementor-element-ee6ac0b\" data-id=\"ee6ac0b\" data-element_type=\"column\">\n\t\t\t<div class=\"elementor-widget-wrap elementor-element-populated\">\n\t\t\t\t\t\t<div class=\"elementor-element elementor-element-066c8fa elementor-widget elementor-widget-text-editor\" data-id=\"066c8fa\" data-element_type=\"widget\" data-widget_type=\"text-editor.default\">\n\t\t\t\t<div class=\"elementor-widget-container\">\n\t\t\t\t\t\t\t\t\t<h3>\u2022 Le beach flag goutte d&#8217;eau<\/h3>\t\t\t\t\t\t\t\t<\/div>\n\t\t\t\t<\/div>\n\t\t\t\t\t<\/div>\n\t\t<\/div>\n\t\t\t\t\t<\/div>\n\t\t<\/section>\n\t\t\t\t<section class=\"elementor-section elementor-top-section elementor-element elementor-element-cf6e63e elementor-section-boxed elementor-section-height-default elementor-section-height-default\" data-id=\"cf6e63e\" data-element_type=\"section\">\n\t\t\t\t\t\t<div class=\"elementor-container elementor-column-gap-default\">\n\t\t\t\t\t<div class=\"elementor-column elementor-col-100 elementor-top-column elementor-element elementor-element-30c82ff\" data-id=\"30c82ff\" data-element_type=\"column\">\n\t\t\t<div class=\"elementor-widget-wrap elementor-element-populated\">\n\t\t\t\t\t\t<div class=\"elementor-element elementor-element-6f59180 elementor-widget elementor-widget-text-editor\" data-id=\"6f59180\" data-element_type=\"widget\" data-widget_type=\"text-editor.default\">\n\t\t\t\t<div class=\"elementor-widget-container\">\n\t\t\t\t\t\t\t\t\t<p>Son nom est explicite. La forme de la voile ressemble \u00e0 celle d\u2019une goutte d\u2019eau.<br \/>Contrairement aux autres formes de voiles, la goutte d\u2019eau pr\u00e9sente un caract\u00e8re arrondi.<\/p><p>Le m\u00e2t de ce mod\u00e8le mesure soit 2.35 m\u00e8tres soit 4 m\u00e8tres et les dimensions de voile 160 x 87 cm ou 305 x 107 cm.<\/p>\t\t\t\t\t\t\t\t<\/div>\n\t\t\t\t<\/div>\n\t\t\t\t\t<\/div>\n\t\t<\/div>\n\t\t\t\t\t<\/div>\n\t\t<\/section>\n\t\t\t\t<section class=\"elementor-section elementor-top-section elementor-element elementor-element-c1d2dc7 elementor-section-boxed elementor-section-height-default elementor-section-height-default\" data-id=\"c1d2dc7\" data-element_type=\"section\">\n\t\t\t\t\t\t<div class=\"elementor-container elementor-column-gap-default\">\n\t\t\t\t\t<div class=\"elementor-column elementor-col-100 elementor-top-column elementor-element elementor-element-d2f605c\" data-id=\"d2f605c\" data-element_type=\"column\">\n\t\t\t<div class=\"elementor-widget-wrap elementor-element-populated\">\n\t\t\t\t\t\t<div class=\"elementor-element elementor-element-50de7cc elementor-widget elementor-widget-shortcode\" data-id=\"50de7cc\" data-element_type=\"widget\" data-widget_type=\"shortcode.default\">\n\t\t\t\t<div class=\"elementor-widget-container\">\n\t\t\t\t\t\t\t<div class=\"elementor-shortcode\"><div class=\"container p-0 m-0\">\n    <div class=\"row m-0 border\">\n        <div class=\"col-12 col-lg-6\">\n            <img decoding=\"async\" src=\"https:\/\/www.macapflag.com\/276571-home_default\/beach-flag-oriflamme-goutte-d-eau-kit-complet.jpg\" alt=\"Beach flag - Oriflamme Goutte d'eau : avec fourreau en maille (Kit complet)\" class=\"mx-auto\" \/>\n        <\/div>\n        <div class=\"col-12 col-lg-6 box-didpd-body\">\n            <div class=\"box-didpd-text\">\n                <a href=\"https:\/\/www.macapflag.com\/beach-flag-oriflamme\/237-beach-flag-oriflamme-goutte-d-eau-kit-complet.html\" target=\"_blank\" class=\"stretched-link\">\n                    <h3>Beach flag - Oriflamme Goutte d'eau : avec fourreau en maille (Kit complet)<\/h3>\n                <\/a>\n                <p>Macap vous propose le Kit complet de communication pr\u00eat \u00e0 l'emploi. Composez d'une voile en forme originale de goutte d'eau...<\/p>\n            <\/div>\n                                    <div class=\"text-center\">\n                <button class=\"btn btn-primary\">Je d\u00e9couvre<\/button>\n            <\/div>\n        <\/div>\n    <\/div>\n<\/div>\n<\/div>\n\t\t\t\t\t\t<\/div>\n\t\t\t\t<\/div>\n\t\t\t\t\t<\/div>\n\t\t<\/div>\n\t\t\t\t\t<\/div>\n\t\t<\/section>\n\t\t\t\t<section class=\"elementor-section elementor-top-section elementor-element elementor-element-0cbcf82 elementor-section-boxed elementor-section-height-default elementor-section-height-default\" data-id=\"0cbcf82\" data-element_type=\"section\">\n\t\t\t\t\t\t<div class=\"elementor-container elementor-column-gap-default\">\n\t\t\t\t\t<div class=\"elementor-column elementor-col-100 elementor-top-column elementor-element elementor-element-3ab1dcb\" data-id=\"3ab1dcb\" data-element_type=\"column\">\n\t\t\t<div class=\"elementor-widget-wrap elementor-element-populated\">\n\t\t\t\t\t\t<div class=\"elementor-element elementor-element-b794a0e elementor-widget elementor-widget-text-editor\" data-id=\"b794a0e\" data-element_type=\"widget\" data-widget_type=\"text-editor.default\">\n\t\t\t\t<div class=\"elementor-widget-container\">\n\t\t\t\t\t\t\t\t\t<h3>\u2022 Le beach flag light<\/h3>\t\t\t\t\t\t\t\t<\/div>\n\t\t\t\t<\/div>\n\t\t\t\t\t<\/div>\n\t\t<\/div>\n\t\t\t\t\t<\/div>\n\t\t<\/section>\n\t\t\t\t<section class=\"elementor-section elementor-top-section elementor-element elementor-element-480f010 elementor-section-boxed elementor-section-height-default elementor-section-height-default\" data-id=\"480f010\" data-element_type=\"section\">\n\t\t\t\t\t\t<div class=\"elementor-container elementor-column-gap-default\">\n\t\t\t\t\t<div class=\"elementor-column elementor-col-100 elementor-top-column elementor-element elementor-element-fedb840\" data-id=\"fedb840\" data-element_type=\"column\">\n\t\t\t<div class=\"elementor-widget-wrap elementor-element-populated\">\n\t\t\t\t\t\t<div class=\"elementor-element elementor-element-e20eb3f elementor-widget elementor-widget-text-editor\" data-id=\"e20eb3f\" data-element_type=\"widget\" data-widget_type=\"text-editor.default\">\n\t\t\t\t<div class=\"elementor-widget-container\">\n\t\t\t\t\t\t\t\t\t<p>C\u2019est le petit dernier de la famille, con\u00e7u dans une version \u201call\u00e9g\u00e9e\u201d : <br \/>Hauteur du m\u00e2t 2.30 m\u00e8tres, dimension de la voile 180 x 40 cm, il est ultra light, compact et d\u00e9di\u00e9 uniquement \u00e0 une utilisation indoor.<\/p>\t\t\t\t\t\t\t\t<\/div>\n\t\t\t\t<\/div>\n\t\t\t\t\t<\/div>\n\t\t<\/div>\n\t\t\t\t\t<\/div>\n\t\t<\/section>\n\t\t\t\t<section class=\"elementor-section elementor-top-section elementor-element elementor-element-8994810 elementor-section-boxed elementor-section-height-default elementor-section-height-default\" data-id=\"8994810\" data-element_type=\"section\">\n\t\t\t\t\t\t<div class=\"elementor-container elementor-column-gap-default\">\n\t\t\t\t\t<div class=\"elementor-column elementor-col-100 elementor-top-column elementor-element elementor-element-e237791\" data-id=\"e237791\" data-element_type=\"column\">\n\t\t\t<div class=\"elementor-widget-wrap elementor-element-populated\">\n\t\t\t\t\t\t<div class=\"elementor-element elementor-element-e9772b0 elementor-widget elementor-widget-shortcode\" data-id=\"e9772b0\" data-element_type=\"widget\" data-widget_type=\"shortcode.default\">\n\t\t\t\t<div class=\"elementor-widget-container\">\n\t\t\t\t\t\t\t<div class=\"elementor-shortcode\"><div class=\"container p-0 m-0\">\n    <div class=\"row m-0 border\">\n        <div class=\"col-12 col-lg-6\">\n            <img decoding=\"async\" src=\"https:\/\/www.macapflag.com\/229547-home_default\/beach-flag-oriflamme-light-kit-complet.jpg\" alt=\"Beach flag - Oriflamme Light : avec fourreau &eacute;lastique (Kit complet)\" class=\"mx-auto\" \/>\n        <\/div>\n        <div class=\"col-12 col-lg-6 box-didpd-body\">\n            <div class=\"box-didpd-text\">\n                <a href=\"https:\/\/www.macapflag.com\/beach-flag-oriflamme\/239-beach-flag-oriflamme-light-kit-complet.html\" target=\"_blank\" class=\"stretched-link\">\n                    <h3>Beach flag - Oriflamme Light : avec fourreau \u00e9lastique (Kit complet)<\/h3>\n                <\/a>\n                <p>D\u00e9couvrez le beach flag - oriflamme light, une PLV personnalisable sp\u00e9cialement con\u00e7ue pour une utilisation indoor !\nCe pa...<\/p>\n            <\/div>\n                                    <div class=\"text-center\">\n                <button class=\"btn btn-primary\">Je d\u00e9couvre<\/button>\n            <\/div>\n        <\/div>\n    <\/div>\n<\/div>\n<\/div>\n\t\t\t\t\t\t<\/div>\n\t\t\t\t<\/div>\n\t\t\t\t\t<\/div>\n\t\t<\/div>\n\t\t\t\t\t<\/div>\n\t\t<\/section>\n\t\t\t\t<section class=\"elementor-section elementor-top-section elementor-element elementor-element-c7f844e elementor-section-boxed elementor-section-height-default elementor-section-height-default\" data-id=\"c7f844e\" data-element_type=\"section\">\n\t\t\t\t\t\t<div class=\"elementor-container elementor-column-gap-default\">\n\t\t\t\t\t<div class=\"elementor-column elementor-col-100 elementor-top-column elementor-element elementor-element-b7dee8c\" data-id=\"b7dee8c\" data-element_type=\"column\">\n\t\t\t<div class=\"elementor-widget-wrap elementor-element-populated\">\n\t\t\t\t\t\t<div class=\"elementor-element elementor-element-7bafe13 elementor-widget elementor-widget-text-editor\" data-id=\"7bafe13\" data-element_type=\"widget\" data-widget_type=\"text-editor.default\">\n\t\t\t\t<div class=\"elementor-widget-container\">\n\t\t\t\t\t\t\t\t\t<p>Vous souhaitez en savoir plus sur les beach flags ? <br \/>Consultez notre guide \u00e0 la rubrique <a href=\"https:\/\/www.macapflag.com\/content\/51-guide-des-beach-flags-oriflammes#chapitre_2\"><span style=\"color: #3366ff;\"><strong>\u201ccomment choisir son beach flag?\u201d<\/strong><\/span>\u00a0<\/a><\/p>\t\t\t\t\t\t\t\t<\/div>\n\t\t\t\t<\/div>\n\t\t\t\t\t<\/div>\n\t\t<\/div>\n\t\t\t\t\t<\/div>\n\t\t<\/section>\n\t\t\t\t<section class=\"elementor-section elementor-top-section elementor-element elementor-element-6a21743 elementor-section-boxed elementor-section-height-default elementor-section-height-default\" data-id=\"6a21743\" data-element_type=\"section\">\n\t\t\t\t\t\t<div class=\"elementor-container elementor-column-gap-default\">\n\t\t\t\t\t<div class=\"elementor-column elementor-col-100 elementor-top-column elementor-element elementor-element-3c4ac46\" data-id=\"3c4ac46\" data-element_type=\"column\">\n\t\t\t<div class=\"elementor-widget-wrap elementor-element-populated\">\n\t\t\t\t\t\t<div class=\"elementor-element elementor-element-46d9b3e elementor-widget elementor-widget-text-editor\" data-id=\"46d9b3e\" data-element_type=\"widget\" data-widget_type=\"text-editor.default\">\n\t\t\t\t<div class=\"elementor-widget-container\">\n\t\t\t\t\t\t\t\t\t<h2>Focus sur la voile : En quelle mati\u00e8re est-elle fabriqu\u00e9e et comment on la personnalise ?<\/h2>\t\t\t\t\t\t\t\t<\/div>\n\t\t\t\t<\/div>\n\t\t\t\t\t<\/div>\n\t\t<\/div>\n\t\t\t\t\t<\/div>\n\t\t<\/section>\n\t\t\t\t<section class=\"elementor-section elementor-top-section elementor-element elementor-element-6eeac53 elementor-section-boxed elementor-section-height-default elementor-section-height-default\" data-id=\"6eeac53\" data-element_type=\"section\">\n\t\t\t\t\t\t<div class=\"elementor-container elementor-column-gap-default\">\n\t\t\t\t\t<div class=\"elementor-column elementor-col-100 elementor-top-column elementor-element elementor-element-8a75074\" data-id=\"8a75074\" data-element_type=\"column\">\n\t\t\t<div class=\"elementor-widget-wrap elementor-element-populated\">\n\t\t\t\t\t\t<div class=\"elementor-element elementor-element-10ab2e2 elementor-widget elementor-widget-text-editor\" data-id=\"10ab2e2\" data-element_type=\"widget\" data-widget_type=\"text-editor.default\">\n\t\t\t\t<div class=\"elementor-widget-container\">\n\t\t\t\t\t\t\t\t\t<p>Quel que soit le mod\u00e8le d\u2019oriflamme que vous choisissez, il est disponible en plusieurs mati\u00e8res polyester, toutes aussi esth\u00e9tiques et r\u00e9sistantes les unes que les autres :<\/p>\t\t\t\t\t\t\t\t<\/div>\n\t\t\t\t<\/div>\n\t\t\t\t\t<\/div>\n\t\t<\/div>\n\t\t\t\t\t<\/div>\n\t\t<\/section>\n\t\t\t\t<section class=\"elementor-section elementor-top-section elementor-element elementor-element-c32633e elementor-section-boxed elementor-section-height-default elementor-section-height-default\" data-id=\"c32633e\" data-element_type=\"section\">\n\t\t\t\t\t\t<div class=\"elementor-container elementor-column-gap-default\">\n\t\t\t\t\t<div class=\"elementor-column elementor-col-100 elementor-top-column elementor-element elementor-element-546a07f\" data-id=\"546a07f\" data-element_type=\"column\">\n\t\t\t<div class=\"elementor-widget-wrap elementor-element-populated\">\n\t\t\t\t\t\t<div class=\"elementor-element elementor-element-2d89ac4 elementor-widget elementor-widget-image\" data-id=\"2d89ac4\" data-element_type=\"widget\" data-widget_type=\"image.default\">\n\t\t\t\t<div class=\"elementor-widget-container\">\n\t\t\t\t\t\t\t\t\t\t\t\t\t\t\t<img loading=\"lazy\" decoding=\"async\" width=\"700\" height=\"534\" src=\"https:\/\/www.macapflag.com\/blog\/wp-content\/uploads\/2022\/02\/Beachflag-ou-oriflamme-matiere-voile.jpg\" class=\"attachment-large size-large wp-image-9503\" alt=\"La mati\u00e8re textile imprim\u00e9e du beach flag\" srcset=\"https:\/\/www.macapflag.com\/blog\/wp-content\/uploads\/2022\/02\/Beachflag-ou-oriflamme-matiere-voile.jpg 700w, https:\/\/www.macapflag.com\/blog\/wp-content\/uploads\/2022\/02\/Beachflag-ou-oriflamme-matiere-voile-300x229.jpg 300w\" sizes=\"(max-width: 700px) 100vw, 700px\" \/>\t\t\t\t\t\t\t\t\t\t\t\t\t\t\t<\/div>\n\t\t\t\t<\/div>\n\t\t\t\t\t<\/div>\n\t\t<\/div>\n\t\t\t\t\t<\/div>\n\t\t<\/section>\n\t\t\t\t<section class=\"elementor-section elementor-top-section elementor-element elementor-element-9cd4ed6 elementor-section-boxed elementor-section-height-default elementor-section-height-default\" data-id=\"9cd4ed6\" data-element_type=\"section\">\n\t\t\t\t\t\t<div class=\"elementor-container elementor-column-gap-default\">\n\t\t\t\t\t<div class=\"elementor-column elementor-col-100 elementor-top-column elementor-element elementor-element-9a1c122\" data-id=\"9a1c122\" data-element_type=\"column\">\n\t\t\t<div class=\"elementor-widget-wrap elementor-element-populated\">\n\t\t\t\t\t\t<div class=\"elementor-element elementor-element-0666a9b elementor-widget elementor-widget-text-editor\" data-id=\"0666a9b\" data-element_type=\"widget\" data-widget_type=\"text-editor.default\">\n\t\t\t\t<div class=\"elementor-widget-container\">\n\t\t\t\t\t\t\t\t\t<h3>\u2022 La maille Classic<\/h3>\t\t\t\t\t\t\t\t<\/div>\n\t\t\t\t<\/div>\n\t\t\t\t\t<\/div>\n\t\t<\/div>\n\t\t\t\t\t<\/div>\n\t\t<\/section>\n\t\t\t\t<section class=\"elementor-section elementor-top-section elementor-element elementor-element-78f5727 elementor-section-boxed elementor-section-height-default elementor-section-height-default\" data-id=\"78f5727\" data-element_type=\"section\">\n\t\t\t\t\t\t<div class=\"elementor-container elementor-column-gap-default\">\n\t\t\t\t\t<div class=\"elementor-column elementor-col-100 elementor-top-column elementor-element elementor-element-68c6c02\" data-id=\"68c6c02\" data-element_type=\"column\">\n\t\t\t<div class=\"elementor-widget-wrap elementor-element-populated\">\n\t\t\t\t\t\t<div class=\"elementor-element elementor-element-446e93f elementor-widget elementor-widget-text-editor\" data-id=\"446e93f\" data-element_type=\"widget\" data-widget_type=\"text-editor.default\">\n\t\t\t\t<div class=\"elementor-widget-container\">\n\t\t\t\t\t\t\t\t\t<p>Disponible avec option Ignifug\u00e9 pour r\u00e9pondre aux normes anti-feu, cette mati\u00e8re l\u00e9g\u00e8re, soyeuse et lumineuse laisse \u00e9clater les couleurs de votre fichier de cr\u00e9ation tout en offrant une excellente tenue face aux intemp\u00e9ries et aux expositions prolong\u00e9es en ext\u00e9rieur. Sa densit\u00e9 est de 110 g\/m\u00b2.<\/p>\t\t\t\t\t\t\t\t<\/div>\n\t\t\t\t<\/div>\n\t\t\t\t\t<\/div>\n\t\t<\/div>\n\t\t\t\t\t<\/div>\n\t\t<\/section>\n\t\t\t\t<section class=\"elementor-section elementor-top-section elementor-element elementor-element-71afc7d elementor-section-boxed elementor-section-height-default elementor-section-height-default\" data-id=\"71afc7d\" data-element_type=\"section\">\n\t\t\t\t\t\t<div class=\"elementor-container elementor-column-gap-default\">\n\t\t\t\t\t<div class=\"elementor-column elementor-col-100 elementor-top-column elementor-element elementor-element-2d0ff83\" data-id=\"2d0ff83\" data-element_type=\"column\">\n\t\t\t<div class=\"elementor-widget-wrap elementor-element-populated\">\n\t\t\t\t\t\t<div class=\"elementor-element elementor-element-889ab80 elementor-widget elementor-widget-text-editor\" data-id=\"889ab80\" data-element_type=\"widget\" data-widget_type=\"text-editor.default\">\n\t\t\t\t<div class=\"elementor-widget-container\">\n\t\t\t\t\t\t\t\t\t<h3>\u2022 La maille Air<\/h3>\t\t\t\t\t\t\t\t<\/div>\n\t\t\t\t<\/div>\n\t\t\t\t\t<\/div>\n\t\t<\/div>\n\t\t\t\t\t<\/div>\n\t\t<\/section>\n\t\t\t\t<section class=\"elementor-section elementor-top-section elementor-element elementor-element-6b0faf3 elementor-section-boxed elementor-section-height-default elementor-section-height-default\" data-id=\"6b0faf3\" data-element_type=\"section\">\n\t\t\t\t\t\t<div class=\"elementor-container elementor-column-gap-default\">\n\t\t\t\t\t<div class=\"elementor-column elementor-col-100 elementor-top-column elementor-element elementor-element-a554928\" data-id=\"a554928\" data-element_type=\"column\">\n\t\t\t<div class=\"elementor-widget-wrap elementor-element-populated\">\n\t\t\t\t\t\t<div class=\"elementor-element elementor-element-77f2278 elementor-widget elementor-widget-text-editor\" data-id=\"77f2278\" data-element_type=\"widget\" data-widget_type=\"text-editor.default\">\n\t\t\t\t<div class=\"elementor-widget-container\">\n\t\t\t\t\t\t\t\t\t<p>Elle est dot\u00e9e des m\u00eames qualit\u00e9s que la maille classic mais elle est en version ajour\u00e9e. Sur toute la surface de la mati\u00e8re, des petits trous permettent \u00e0 l\u2019air de passer afin que la voile et la structure de l\u2019oriflamme offrent moins de r\u00e9sistance au vent. Sa densit\u00e9 est aussi de 110 g\/m\u00b2.<\/p>\t\t\t\t\t\t\t\t<\/div>\n\t\t\t\t<\/div>\n\t\t\t\t\t<\/div>\n\t\t<\/div>\n\t\t\t\t\t<\/div>\n\t\t<\/section>\n\t\t\t\t<section class=\"elementor-section elementor-top-section elementor-element elementor-element-281ee34 elementor-section-boxed elementor-section-height-default elementor-section-height-default\" data-id=\"281ee34\" data-element_type=\"section\">\n\t\t\t\t\t\t<div class=\"elementor-container elementor-column-gap-default\">\n\t\t\t\t\t<div class=\"elementor-column elementor-col-100 elementor-top-column elementor-element elementor-element-b00a3dd\" data-id=\"b00a3dd\" data-element_type=\"column\">\n\t\t\t<div class=\"elementor-widget-wrap elementor-element-populated\">\n\t\t\t\t\t\t<div class=\"elementor-element elementor-element-22c9fa4 elementor-widget elementor-widget-text-editor\" data-id=\"22c9fa4\" data-element_type=\"widget\" data-widget_type=\"text-editor.default\">\n\t\t\t\t<div class=\"elementor-widget-container\">\n\t\t\t\t\t\t\t\t\t<h3>\u2022 La maille Classic PET<\/h3>\t\t\t\t\t\t\t\t<\/div>\n\t\t\t\t<\/div>\n\t\t\t\t\t<\/div>\n\t\t<\/div>\n\t\t\t\t\t<\/div>\n\t\t<\/section>\n\t\t\t\t<section class=\"elementor-section elementor-top-section elementor-element elementor-element-8b041df elementor-section-boxed elementor-section-height-default elementor-section-height-default\" data-id=\"8b041df\" data-element_type=\"section\">\n\t\t\t\t\t\t<div class=\"elementor-container elementor-column-gap-default\">\n\t\t\t\t\t<div class=\"elementor-column elementor-col-100 elementor-top-column elementor-element elementor-element-e206609\" data-id=\"e206609\" data-element_type=\"column\">\n\t\t\t<div class=\"elementor-widget-wrap elementor-element-populated\">\n\t\t\t\t\t\t<div class=\"elementor-element elementor-element-9f3bcd1 elementor-widget elementor-widget-text-editor\" data-id=\"9f3bcd1\" data-element_type=\"widget\" data-widget_type=\"text-editor.default\">\n\t\t\t\t<div class=\"elementor-widget-container\">\n\t\t\t\t\t\t\t\t\t<p>C\u2019est une mati\u00e8re identique \u00e0 la maille Classic \u00e0 l\u2019exception pr\u00e8s de son origine et de sa fabrication. La maille Classic PET est issue du recyclage de bouteilles broy\u00e9es, extrud\u00e9es, remodel\u00e9es jusqu\u2019\u00e0 devenir du fil qui cr\u00e9e la mati\u00e8re. <br \/>Oui oui, les fameuses bouteilles d\u2019eau usag\u00e9es b\u00e9n\u00e9ficient ainsi d\u2019une deuxi\u00e8me vie pour ne pas finir au fond de l\u2019oc\u00e9an.<br \/>D\u00e9couvrez plus d\u2019infos sur le sujet en <a href=\"https:\/\/www.macapflag.com\/content\/40-matiere-pet\"><span style=\"color: #3366ff;\"><strong>cliquant ici.<\/strong><\/span><\/a><\/p>\t\t\t\t\t\t\t\t<\/div>\n\t\t\t\t<\/div>\n\t\t\t\t\t<\/div>\n\t\t<\/div>\n\t\t\t\t\t<\/div>\n\t\t<\/section>\n\t\t\t\t<section class=\"elementor-section elementor-top-section elementor-element elementor-element-0c2b83a elementor-section-boxed elementor-section-height-default elementor-section-height-default\" data-id=\"0c2b83a\" data-element_type=\"section\">\n\t\t\t\t\t\t<div class=\"elementor-container elementor-column-gap-default\">\n\t\t\t\t\t<div class=\"elementor-column elementor-col-100 elementor-top-column elementor-element elementor-element-7d00558\" data-id=\"7d00558\" data-element_type=\"column\">\n\t\t\t<div class=\"elementor-widget-wrap elementor-element-populated\">\n\t\t\t\t\t\t<div class=\"elementor-element elementor-element-5c0d868 elementor-widget elementor-widget-text-editor\" data-id=\"5c0d868\" data-element_type=\"widget\" data-widget_type=\"text-editor.default\">\n\t\t\t\t<div class=\"elementor-widget-container\">\n\t\t\t\t\t\t\t\t\t<h3>\u2022 L&#8217;impression de la voile<\/h3>\t\t\t\t\t\t\t\t<\/div>\n\t\t\t\t<\/div>\n\t\t\t\t\t<\/div>\n\t\t<\/div>\n\t\t\t\t\t<\/div>\n\t\t<\/section>\n\t\t\t\t<section class=\"elementor-section elementor-top-section elementor-element elementor-element-dd0682a elementor-section-boxed elementor-section-height-default elementor-section-height-default\" data-id=\"dd0682a\" data-element_type=\"section\">\n\t\t\t\t\t\t<div class=\"elementor-container elementor-column-gap-default\">\n\t\t\t\t\t<div class=\"elementor-column elementor-col-100 elementor-top-column elementor-element elementor-element-799ea5c\" data-id=\"799ea5c\" data-element_type=\"column\">\n\t\t\t<div class=\"elementor-widget-wrap elementor-element-populated\">\n\t\t\t\t\t\t<div class=\"elementor-element elementor-element-d25871b elementor-widget elementor-widget-text-editor\" data-id=\"d25871b\" data-element_type=\"widget\" data-widget_type=\"text-editor.default\">\n\t\t\t\t<div class=\"elementor-widget-container\">\n\t\t\t\t\t\t\t\t\t<p>Quelle que soit sa forme, la voile publicitaire est personnalis\u00e9e par un proc\u00e9d\u00e9 d\u2019impression num\u00e9rique. Gr\u00e2ce \u00e0 des imprimantes textile grand format de haute qualit\u00e9, toutes sortes de personnalisation sont possibles : impression de photos, de textes, d\u2019images avec une d\u00e9finition exceptionnelle digne d\u2019une qualit\u00e9 photo. <br \/>\u00c0 la suite de la phase d\u2019impression, une \u00e9tape de sublimation vient renforcer l\u2019\u00e9clat des couleurs et la durabilit\u00e9 de leur tenue sur le textile.<\/p>\t\t\t\t\t\t\t\t<\/div>\n\t\t\t\t<\/div>\n\t\t\t\t\t<\/div>\n\t\t<\/div>\n\t\t\t\t\t<\/div>\n\t\t<\/section>\n\t\t\t\t<section class=\"elementor-section elementor-top-section elementor-element elementor-element-6315daf elementor-section-boxed elementor-section-height-default elementor-section-height-default\" data-id=\"6315daf\" data-element_type=\"section\">\n\t\t\t\t\t\t<div class=\"elementor-container elementor-column-gap-default\">\n\t\t\t\t\t<div class=\"elementor-column elementor-col-100 elementor-top-column elementor-element elementor-element-85a20d8\" data-id=\"85a20d8\" data-element_type=\"column\">\n\t\t\t<div class=\"elementor-widget-wrap elementor-element-populated\">\n\t\t\t\t\t\t<div class=\"elementor-element elementor-element-5017cd4 elementor-widget elementor-widget-text-editor\" data-id=\"5017cd4\" data-element_type=\"widget\" data-widget_type=\"text-editor.default\">\n\t\t\t\t<div class=\"elementor-widget-container\">\n\t\t\t\t\t\t\t\t\t<h2>Existe-t-il diff\u00e9rentes sortes de pied pour un beach flag ?<\/h2>\t\t\t\t\t\t\t\t<\/div>\n\t\t\t\t<\/div>\n\t\t\t\t\t<\/div>\n\t\t<\/div>\n\t\t\t\t\t<\/div>\n\t\t<\/section>\n\t\t\t\t<section class=\"elementor-section elementor-top-section elementor-element elementor-element-3944dd3 elementor-section-boxed elementor-section-height-default elementor-section-height-default\" data-id=\"3944dd3\" data-element_type=\"section\">\n\t\t\t\t\t\t<div class=\"elementor-container elementor-column-gap-default\">\n\t\t\t\t\t<div class=\"elementor-column elementor-col-100 elementor-top-column elementor-element elementor-element-e3dfe27\" data-id=\"e3dfe27\" data-element_type=\"column\">\n\t\t\t<div class=\"elementor-widget-wrap elementor-element-populated\">\n\t\t\t\t\t\t<div class=\"elementor-element elementor-element-87df5ff elementor-widget elementor-widget-image\" data-id=\"87df5ff\" data-element_type=\"widget\" data-widget_type=\"image.default\">\n\t\t\t\t<div class=\"elementor-widget-container\">\n\t\t\t\t\t\t\t\t\t\t\t\t<figure class=\"wp-caption\">\n\t\t\t\t\t\t\t\t\t\t\t<a href=\"https:\/\/www.macapflag.com\/114-pied\">\n\t\t\t\t\t\t\t<img loading=\"lazy\" decoding=\"async\" width=\"534\" height=\"700\" src=\"https:\/\/www.macapflag.com\/blog\/wp-content\/uploads\/2022\/02\/Beachflag-ou-oriflamme-pied.jpg\" class=\"attachment-large size-large wp-image-9504\" alt=\"Plusieurs pieds de beachflags sont propos\u00e9s\" srcset=\"https:\/\/www.macapflag.com\/blog\/wp-content\/uploads\/2022\/02\/Beachflag-ou-oriflamme-pied.jpg 534w, https:\/\/www.macapflag.com\/blog\/wp-content\/uploads\/2022\/02\/Beachflag-ou-oriflamme-pied-229x300.jpg 229w\" sizes=\"(max-width: 534px) 100vw, 534px\" \/>\t\t\t\t\t\t\t\t<\/a>\n\t\t\t\t\t\t\t\t\t\t\t<figcaption class=\"widget-image-caption wp-caption-text\">Les pieds du Beach Flag<\/figcaption>\n\t\t\t\t\t\t\t\t\t\t<\/figure>\n\t\t\t\t\t\t\t\t\t<\/div>\n\t\t\t\t<\/div>\n\t\t\t\t\t<\/div>\n\t\t<\/div>\n\t\t\t\t\t<\/div>\n\t\t<\/section>\n\t\t\t\t<section class=\"elementor-section elementor-top-section elementor-element elementor-element-8230ccb elementor-section-boxed elementor-section-height-default elementor-section-height-default\" data-id=\"8230ccb\" data-element_type=\"section\">\n\t\t\t\t\t\t<div class=\"elementor-container elementor-column-gap-default\">\n\t\t\t\t\t<div class=\"elementor-column elementor-col-100 elementor-top-column elementor-element elementor-element-a1601ce\" data-id=\"a1601ce\" data-element_type=\"column\">\n\t\t\t<div class=\"elementor-widget-wrap elementor-element-populated\">\n\t\t\t\t\t\t<div class=\"elementor-element elementor-element-e00bbae elementor-widget elementor-widget-text-editor\" data-id=\"e00bbae\" data-element_type=\"widget\" data-widget_type=\"text-editor.default\">\n\t\t\t\t<div class=\"elementor-widget-container\">\n\t\t\t\t\t\t\t\t\t<p>La r\u00e9ponse est oui, il existe plusieurs versions de pied de beach flag, certaines \u00e9tant d\u00e9clin\u00e9es en plusieurs dimensions. Cette palette de choix permet de s\u2019adapter \u00e0 chaque situation : int\u00e9rieur, ext\u00e9rieur, sol plat ou meuble, boue, neige, sable ou encore lieux vent\u00e9s\u2026<\/p>\t\t\t\t\t\t\t\t<\/div>\n\t\t\t\t<\/div>\n\t\t\t\t\t<\/div>\n\t\t<\/div>\n\t\t\t\t\t<\/div>\n\t\t<\/section>\n\t\t\t\t<section class=\"elementor-section elementor-top-section elementor-element elementor-element-fb6f696 elementor-section-boxed elementor-section-height-default elementor-section-height-default\" data-id=\"fb6f696\" data-element_type=\"section\">\n\t\t\t\t\t\t<div class=\"elementor-container elementor-column-gap-default\">\n\t\t\t\t\t<div class=\"elementor-column elementor-col-100 elementor-top-column elementor-element elementor-element-d1e128b\" data-id=\"d1e128b\" data-element_type=\"column\">\n\t\t\t<div class=\"elementor-widget-wrap elementor-element-populated\">\n\t\t\t\t\t\t<div class=\"elementor-element elementor-element-eda7134 elementor-widget elementor-widget-text-editor\" data-id=\"eda7134\" data-element_type=\"widget\" data-widget_type=\"text-editor.default\">\n\t\t\t\t<div class=\"elementor-widget-container\">\n\t\t\t\t\t\t\t\t\t<p>Les principaux pieds disponibles sont :<\/p><p>\u2022 La platine carr\u00e9e<br \/>\u2022 La platine additionnelle<br \/>\u2022 Le pied autocal<br \/>\u2022 Le pied en croix<br \/>\u2022 Le pied forant<br \/>\u2022 Le pied lestable<br \/>\u2022 Le pied \u00e0 planter<br \/>\u2022 Le pied d&#8217;int\u00e9rieur<br \/>\u2022 le pied b\u00e9ton<br \/>\u2022 La platine murale<\/p>\t\t\t\t\t\t\t\t<\/div>\n\t\t\t\t<\/div>\n\t\t\t\t\t<\/div>\n\t\t<\/div>\n\t\t\t\t\t<\/div>\n\t\t<\/section>\n\t\t\t\t<section class=\"elementor-section elementor-top-section elementor-element elementor-element-8ba697a elementor-section-boxed elementor-section-height-default elementor-section-height-default\" data-id=\"8ba697a\" data-element_type=\"section\">\n\t\t\t\t\t\t<div class=\"elementor-container elementor-column-gap-default\">\n\t\t\t\t\t<div class=\"elementor-column elementor-col-100 elementor-top-column elementor-element elementor-element-af3f77e\" data-id=\"af3f77e\" data-element_type=\"column\">\n\t\t\t<div class=\"elementor-widget-wrap elementor-element-populated\">\n\t\t\t\t\t\t<div class=\"elementor-element elementor-element-ee1dfb3 elementor-widget-divider--view-line elementor-widget elementor-widget-divider\" data-id=\"ee1dfb3\" data-element_type=\"widget\" data-widget_type=\"divider.default\">\n\t\t\t\t<div class=\"elementor-widget-container\">\n\t\t\t\t\t\t\t<div class=\"elementor-divider\">\n\t\t\t<span class=\"elementor-divider-separator\">\n\t\t\t\t\t\t<\/span>\n\t\t<\/div>\n\t\t\t\t\t\t<\/div>\n\t\t\t\t<\/div>\n\t\t\t\t\t<\/div>\n\t\t<\/div>\n\t\t\t\t\t<\/div>\n\t\t<\/section>\n\t\t\t\t<section class=\"elementor-section elementor-top-section elementor-element elementor-element-df170d5 elementor-section-boxed elementor-section-height-default elementor-section-height-default\" data-id=\"df170d5\" data-element_type=\"section\">\n\t\t\t\t\t\t<div class=\"elementor-container elementor-column-gap-default\">\n\t\t\t\t\t<div class=\"elementor-column elementor-col-100 elementor-top-column elementor-element elementor-element-f685118\" data-id=\"f685118\" data-element_type=\"column\">\n\t\t\t<div class=\"elementor-widget-wrap elementor-element-populated\">\n\t\t\t\t\t\t<div class=\"elementor-element elementor-element-f104412 elementor-widget elementor-widget-text-editor\" data-id=\"f104412\" data-element_type=\"widget\" data-widget_type=\"text-editor.default\">\n\t\t\t\t<div class=\"elementor-widget-container\">\n\t\t\t\t\t\t\t\t\t<p>Alors beachflag, oriflamme, drapeau flamme, drapeau de plage, flamme publicitaire ou drapeau voile, choisissez la d\u00e9nomination que vous pr\u00e9f\u00e9rez mais n\u2019h\u00e9sitez plus \u00e0 <strong>commander ces produits indispensables \u00e0 la promotion de votre image de marque !<\/strong><\/p><p><strong>Vous souhaitez faire la cr\u00e9ation de votre fichier en totale autonomie<\/strong> avec vos propres outils ? <br \/><a href=\"https:\/\/www.macapflag.com\/content\/34-gabarit-produit\"><strong><span style=\"color: #3366ff;\">T\u00e9l\u00e9chargez nos gabarits en ligne<\/span> <\/strong><\/a>et suivez le guide !\u00a0<\/p><p><strong>Vous souhaitez<\/strong><span style=\"color: #000000;\"><strong> cr\u00e9er votre fichier en ligne ?\u00a0<\/strong><\/span><br \/>Profitez de notre <a href=\"https:\/\/www.macapflag.com\/335-creer-votre-design\"><span style=\"color: #3366ff;\"><strong>outil de cr\u00e9ation gratuit<\/strong> <\/span><\/a>! Simple d\u2019utilisation, il est dot\u00e9 d\u2019une biblioth\u00e8que \u00e9toff\u00e9e de fonds, de photos et d\u2019options de cr\u00e9ation qui vous donneront l\u2019impression d\u2019\u00eatre un vrai graphiste !<\/p><p><span style=\"color: #000000;\"><strong>Vous pr\u00e9f\u00e9rez commander un produit tout pr\u00eat<\/strong><\/span> \u00e0 \u00eatre d\u00e9ploy\u00e9 ?\u00a0<br \/>Rendez-vous \u00e9galement sur notre site web \u00e0 la rubrique \u201c<a href=\"https:\/\/www.macapflag.com\/334-choisir-un-design\"><strong><span style=\"color: #3366ff;\">Choisir un design par th\u00e8me<\/span><\/strong><\/a>\u201d. Elle vous permettra de d\u00e9couvrir l\u2019ensemble des supports de communication publicitaire cr\u00e9\u00e9s avec des visuels originaux imagin\u00e9s par nos graphistes. <br \/>Ces produits sont class\u00e9s par th\u00e9matiques : de la <a href=\"https:\/\/www.macapflag.com\/334-choisir-un-design\/s-31\/sous_categories-plv_automobile\"><span style=\"color: #3366ff;\"><strong>PLV auto-moto<\/strong><\/span><\/a> \u00e0 celle r\u00e9serv\u00e9e aux <a href=\"https:\/\/www.macapflag.com\/334-choisir-un-design\/s-31\/sous_categories-plv_operations_commerciales\"><span style=\"color: #3366ff;\"><strong>op\u00e9rations commerciales<\/strong><\/span><\/a>, du beach flag brand\u00e9 \u201c\u00e0 louer\u201d au beach flag publicitaire pour les fruits et l\u00e9gumes, \u00e0 vous de trouver celui qui fera votre bonheur !<\/p>\t\t\t\t\t\t\t\t<\/div>\n\t\t\t\t<\/div>\n\t\t\t\t\t<\/div>\n\t\t<\/div>\n\t\t\t\t\t<\/div>\n\t\t<\/section>\n\t\t\t\t<\/div>\n\t\t","protected":false},"excerpt":{"rendered":"<div class=\"tmnf_excerpt\"><p>En lisant ce titre, on aurait presque envie de r\u00e9pondre directement \u201cmais quelle question !\u201d. Savez-vous pourquoi ? Dans le jargon publicitaire, les termes \u201cbeach flag\u201d et \u201coriflamme\u201d repr\u00e9sentent un seul et m\u00eame produit. Beach flag ou oriflamme d\u00e9finition On appelle beachflag ou oriflamme, un support de communication publicitaire compos\u00e9 d\u2019une voile, d\u2019un m\u00e2t d\u00e9montable &hellip;<\/p>\n<\/div>","protected":false},"author":2,"featured_media":9510,"comment_status":"closed","ping_status":"open","sticky":false,"template":"template-fullwidth.php","format":"standard","meta":{"footnotes":""},"categories":[90],"tags":[],"class_list":["post-9511","post","type-post","status-publish","format-standard","has-post-thumbnail","hentry","category-produits-et-sols"],"yoast_head":"<!-- This site is optimized with the Yoast SEO plugin v26.4 - https:\/\/yoast.com\/wordpress\/plugins\/seo\/ -->\n<title>Beach flag ou oriflamme publicitaire, d\u00e9finition, utilisation, personnalisation<\/title>\n<meta name=\"description\" content=\"Le beach flag ou oriflamme est un excellent support de communication publicitaire, impactant et \u00e0 l&#039;excellent rapport qualit\u00e9 prix\" \/>\n<meta name=\"robots\" content=\"index, follow, max-snippet:-1, max-image-preview:large, max-video-preview:-1\" \/>\n<link rel=\"canonical\" href=\"https:\/\/www.macapflag.com\/blog\/beach-flag-ou-oriflamme\/\" \/>\n<meta property=\"og:locale\" content=\"fr_FR\" \/>\n<meta property=\"og:type\" content=\"article\" \/>\n<meta property=\"og:title\" content=\"Beach flag ou oriflamme publicitaire, d\u00e9finition, utilisation, personnalisation\" \/>\n<meta property=\"og:description\" content=\"Le beach flag ou oriflamme est un excellent support de communication publicitaire, impactant et \u00e0 l&#039;excellent rapport qualit\u00e9 prix\" \/>\n<meta property=\"og:url\" content=\"https:\/\/www.macapflag.com\/blog\/beach-flag-ou-oriflamme\/\" \/>\n<meta property=\"og:site_name\" content=\"Blog - Macap\" \/>\n<meta property=\"article:publisher\" content=\"https:\/\/www.facebook.com\/macap.pavoisement\/\" \/>\n<meta property=\"article:published_time\" content=\"2022-02-21T08:57:05+00:00\" \/>\n<meta property=\"article:modified_time\" content=\"2022-03-16T08:54:47+00:00\" \/>\n<meta property=\"og:image\" content=\"https:\/\/www.macapflag.com\/blog\/wp-content\/uploads\/2022\/02\/Beachflag-ou-oriflamme-TITRE.jpg\" \/>\n\t<meta property=\"og:image:width\" content=\"870\" \/>\n\t<meta property=\"og:image:height\" content=\"600\" \/>\n\t<meta property=\"og:image:type\" content=\"image\/jpeg\" \/>\n<meta name=\"author\" content=\"Blog Macap\" \/>\n<meta name=\"twitter:card\" content=\"summary_large_image\" \/>\n<meta name=\"twitter:label1\" content=\"\u00c9crit par\" \/>\n\t<meta name=\"twitter:data1\" content=\"Blog Macap\" \/>\n\t<meta name=\"twitter:label2\" content=\"Dur\u00e9e de lecture estim\u00e9e\" \/>\n\t<meta name=\"twitter:data2\" content=\"12 minutes\" \/>\n<script type=\"application\/ld+json\" class=\"yoast-schema-graph\">{\"@context\":\"https:\/\/schema.org\",\"@graph\":[{\"@type\":\"Article\",\"@id\":\"https:\/\/www.macapflag.com\/blog\/beach-flag-ou-oriflamme\/#article\",\"isPartOf\":{\"@id\":\"https:\/\/www.macapflag.com\/blog\/beach-flag-ou-oriflamme\/\"},\"author\":{\"name\":\"Blog Macap\",\"@id\":\"https:\/\/www.macapflag.com\/blog\/#\/schema\/person\/3fea701f2603875e651e6b662578fc3c\"},\"headline\":\"Beach flag ou oriflamme ?\",\"datePublished\":\"2022-02-21T08:57:05+00:00\",\"dateModified\":\"2022-03-16T08:54:47+00:00\",\"mainEntityOfPage\":{\"@id\":\"https:\/\/www.macapflag.com\/blog\/beach-flag-ou-oriflamme\/\"},\"wordCount\":1865,\"publisher\":{\"@id\":\"https:\/\/www.macapflag.com\/blog\/#organization\"},\"image\":{\"@id\":\"https:\/\/www.macapflag.com\/blog\/beach-flag-ou-oriflamme\/#primaryimage\"},\"thumbnailUrl\":\"https:\/\/www.macapflag.com\/blog\/wp-content\/uploads\/2022\/02\/Beachflag-ou-oriflamme-TITRE.jpg\",\"articleSection\":[\"Produits &amp; Solutions\"],\"inLanguage\":\"fr-FR\"},{\"@type\":\"WebPage\",\"@id\":\"https:\/\/www.macapflag.com\/blog\/beach-flag-ou-oriflamme\/\",\"url\":\"https:\/\/www.macapflag.com\/blog\/beach-flag-ou-oriflamme\/\",\"name\":\"Beach flag ou oriflamme publicitaire, d\u00e9finition, utilisation, personnalisation\",\"isPartOf\":{\"@id\":\"https:\/\/www.macapflag.com\/blog\/#website\"},\"primaryImageOfPage\":{\"@id\":\"https:\/\/www.macapflag.com\/blog\/beach-flag-ou-oriflamme\/#primaryimage\"},\"image\":{\"@id\":\"https:\/\/www.macapflag.com\/blog\/beach-flag-ou-oriflamme\/#primaryimage\"},\"thumbnailUrl\":\"https:\/\/www.macapflag.com\/blog\/wp-content\/uploads\/2022\/02\/Beachflag-ou-oriflamme-TITRE.jpg\",\"datePublished\":\"2022-02-21T08:57:05+00:00\",\"dateModified\":\"2022-03-16T08:54:47+00:00\",\"description\":\"Le beach flag ou oriflamme est un excellent support de communication publicitaire, impactant et \u00e0 l'excellent rapport qualit\u00e9 prix\",\"breadcrumb\":{\"@id\":\"https:\/\/www.macapflag.com\/blog\/beach-flag-ou-oriflamme\/#breadcrumb\"},\"inLanguage\":\"fr-FR\",\"potentialAction\":[{\"@type\":\"ReadAction\",\"target\":[\"https:\/\/www.macapflag.com\/blog\/beach-flag-ou-oriflamme\/\"]}]},{\"@type\":\"ImageObject\",\"inLanguage\":\"fr-FR\",\"@id\":\"https:\/\/www.macapflag.com\/blog\/beach-flag-ou-oriflamme\/#primaryimage\",\"url\":\"https:\/\/www.macapflag.com\/blog\/wp-content\/uploads\/2022\/02\/Beachflag-ou-oriflamme-TITRE.jpg\",\"contentUrl\":\"https:\/\/www.macapflag.com\/blog\/wp-content\/uploads\/2022\/02\/Beachflag-ou-oriflamme-TITRE.jpg\",\"width\":870,\"height\":600,\"caption\":\"Le beachflag magnifie vos \u00e9v\u00e8nements et assure sa promotion\"},{\"@type\":\"BreadcrumbList\",\"@id\":\"https:\/\/www.macapflag.com\/blog\/beach-flag-ou-oriflamme\/#breadcrumb\",\"itemListElement\":[{\"@type\":\"ListItem\",\"position\":1,\"name\":\"Accueil\",\"item\":\"https:\/\/www.macapflag.com\/blog\/\"},{\"@type\":\"ListItem\",\"position\":2,\"name\":\"Beach flag ou oriflamme ?\"}]},{\"@type\":\"WebSite\",\"@id\":\"https:\/\/www.macapflag.com\/blog\/#website\",\"url\":\"https:\/\/www.macapflag.com\/blog\/\",\"name\":\"Blog - Macap\",\"description\":\"Tous nos articles\",\"publisher\":{\"@id\":\"https:\/\/www.macapflag.com\/blog\/#organization\"},\"potentialAction\":[{\"@type\":\"SearchAction\",\"target\":{\"@type\":\"EntryPoint\",\"urlTemplate\":\"https:\/\/www.macapflag.com\/blog\/?s={search_term_string}\"},\"query-input\":{\"@type\":\"PropertyValueSpecification\",\"valueRequired\":true,\"valueName\":\"search_term_string\"}}],\"inLanguage\":\"fr-FR\"},{\"@type\":\"Organization\",\"@id\":\"https:\/\/www.macapflag.com\/blog\/#organization\",\"name\":\"macapflag\",\"url\":\"https:\/\/www.macapflag.com\/blog\/\",\"logo\":{\"@type\":\"ImageObject\",\"inLanguage\":\"fr-FR\",\"@id\":\"https:\/\/www.macapflag.com\/blog\/#\/schema\/logo\/image\/\",\"url\":\"https:\/\/www.macapflag.com\/blog\/wp-content\/uploads\/2020\/12\/cropped-M-512-1.png\",\"contentUrl\":\"https:\/\/www.macapflag.com\/blog\/wp-content\/uploads\/2020\/12\/cropped-M-512-1.png\",\"width\":512,\"height\":512,\"caption\":\"macapflag\"},\"image\":{\"@id\":\"https:\/\/www.macapflag.com\/blog\/#\/schema\/logo\/image\/\"},\"sameAs\":[\"https:\/\/www.facebook.com\/macap.pavoisement\/\",\"https:\/\/www.instagram.com\/macapflag\/?hl=fr\",\"https:\/\/www.linkedin.com\/company\/macap\/?originalSubdomain=fr\",\"https:\/\/www.youtube.com\/channel\/UCXNzTIdZh9poEBjSXEqDtNw\"]},{\"@type\":\"Person\",\"@id\":\"https:\/\/www.macapflag.com\/blog\/#\/schema\/person\/3fea701f2603875e651e6b662578fc3c\",\"name\":\"Blog Macap\",\"image\":{\"@type\":\"ImageObject\",\"inLanguage\":\"fr-FR\",\"@id\":\"https:\/\/www.macapflag.com\/blog\/#\/schema\/person\/image\/\",\"url\":\"https:\/\/secure.gravatar.com\/avatar\/c12551f2dc51f0db049633b03e7856985477a70da834cc8967dea4ce54bdd6a2?s=96&d=mm&r=g\",\"contentUrl\":\"https:\/\/secure.gravatar.com\/avatar\/c12551f2dc51f0db049633b03e7856985477a70da834cc8967dea4ce54bdd6a2?s=96&d=mm&r=g\",\"caption\":\"Blog Macap\"},\"url\":\"https:\/\/www.macapflag.com\/blog\/author\/macap\/\"}]}<\/script>\n<!-- \/ Yoast SEO plugin. -->","yoast_head_json":{"title":"Beach flag ou oriflamme publicitaire, d\u00e9finition, utilisation, personnalisation","description":"Le beach flag ou oriflamme est un excellent support de communication publicitaire, impactant et \u00e0 l'excellent rapport qualit\u00e9 prix","robots":{"index":"index","follow":"follow","max-snippet":"max-snippet:-1","max-image-preview":"max-image-preview:large","max-video-preview":"max-video-preview:-1"},"canonical":"https:\/\/www.macapflag.com\/blog\/beach-flag-ou-oriflamme\/","og_locale":"fr_FR","og_type":"article","og_title":"Beach flag ou oriflamme publicitaire, d\u00e9finition, utilisation, personnalisation","og_description":"Le beach flag ou oriflamme est un excellent support de communication publicitaire, impactant et \u00e0 l'excellent rapport qualit\u00e9 prix","og_url":"https:\/\/www.macapflag.com\/blog\/beach-flag-ou-oriflamme\/","og_site_name":"Blog - Macap","article_publisher":"https:\/\/www.facebook.com\/macap.pavoisement\/","article_published_time":"2022-02-21T08:57:05+00:00","article_modified_time":"2022-03-16T08:54:47+00:00","og_image":[{"width":870,"height":600,"url":"https:\/\/www.macapflag.com\/blog\/wp-content\/uploads\/2022\/02\/Beachflag-ou-oriflamme-TITRE.jpg","type":"image\/jpeg"}],"author":"Blog Macap","twitter_card":"summary_large_image","twitter_misc":{"\u00c9crit par":"Blog Macap","Dur\u00e9e de lecture estim\u00e9e":"12 minutes"},"schema":{"@context":"https:\/\/schema.org","@graph":[{"@type":"Article","@id":"https:\/\/www.macapflag.com\/blog\/beach-flag-ou-oriflamme\/#article","isPartOf":{"@id":"https:\/\/www.macapflag.com\/blog\/beach-flag-ou-oriflamme\/"},"author":{"name":"Blog Macap","@id":"https:\/\/www.macapflag.com\/blog\/#\/schema\/person\/3fea701f2603875e651e6b662578fc3c"},"headline":"Beach flag ou oriflamme ?","datePublished":"2022-02-21T08:57:05+00:00","dateModified":"2022-03-16T08:54:47+00:00","mainEntityOfPage":{"@id":"https:\/\/www.macapflag.com\/blog\/beach-flag-ou-oriflamme\/"},"wordCount":1865,"publisher":{"@id":"https:\/\/www.macapflag.com\/blog\/#organization"},"image":{"@id":"https:\/\/www.macapflag.com\/blog\/beach-flag-ou-oriflamme\/#primaryimage"},"thumbnailUrl":"https:\/\/www.macapflag.com\/blog\/wp-content\/uploads\/2022\/02\/Beachflag-ou-oriflamme-TITRE.jpg","articleSection":["Produits &amp; Solutions"],"inLanguage":"fr-FR"},{"@type":"WebPage","@id":"https:\/\/www.macapflag.com\/blog\/beach-flag-ou-oriflamme\/","url":"https:\/\/www.macapflag.com\/blog\/beach-flag-ou-oriflamme\/","name":"Beach flag ou oriflamme publicitaire, d\u00e9finition, utilisation, personnalisation","isPartOf":{"@id":"https:\/\/www.macapflag.com\/blog\/#website"},"primaryImageOfPage":{"@id":"https:\/\/www.macapflag.com\/blog\/beach-flag-ou-oriflamme\/#primaryimage"},"image":{"@id":"https:\/\/www.macapflag.com\/blog\/beach-flag-ou-oriflamme\/#primaryimage"},"thumbnailUrl":"https:\/\/www.macapflag.com\/blog\/wp-content\/uploads\/2022\/02\/Beachflag-ou-oriflamme-TITRE.jpg","datePublished":"2022-02-21T08:57:05+00:00","dateModified":"2022-03-16T08:54:47+00:00","description":"Le beach flag ou oriflamme est un excellent support de communication publicitaire, impactant et \u00e0 l'excellent rapport qualit\u00e9 prix","breadcrumb":{"@id":"https:\/\/www.macapflag.com\/blog\/beach-flag-ou-oriflamme\/#breadcrumb"},"inLanguage":"fr-FR","potentialAction":[{"@type":"ReadAction","target":["https:\/\/www.macapflag.com\/blog\/beach-flag-ou-oriflamme\/"]}]},{"@type":"ImageObject","inLanguage":"fr-FR","@id":"https:\/\/www.macapflag.com\/blog\/beach-flag-ou-oriflamme\/#primaryimage","url":"https:\/\/www.macapflag.com\/blog\/wp-content\/uploads\/2022\/02\/Beachflag-ou-oriflamme-TITRE.jpg","contentUrl":"https:\/\/www.macapflag.com\/blog\/wp-content\/uploads\/2022\/02\/Beachflag-ou-oriflamme-TITRE.jpg","width":870,"height":600,"caption":"Le beachflag magnifie vos \u00e9v\u00e8nements et assure sa promotion"},{"@type":"BreadcrumbList","@id":"https:\/\/www.macapflag.com\/blog\/beach-flag-ou-oriflamme\/#breadcrumb","itemListElement":[{"@type":"ListItem","position":1,"name":"Accueil","item":"https:\/\/www.macapflag.com\/blog\/"},{"@type":"ListItem","position":2,"name":"Beach flag ou oriflamme ?"}]},{"@type":"WebSite","@id":"https:\/\/www.macapflag.com\/blog\/#website","url":"https:\/\/www.macapflag.com\/blog\/","name":"Blog - Macap","description":"Tous nos articles","publisher":{"@id":"https:\/\/www.macapflag.com\/blog\/#organization"},"potentialAction":[{"@type":"SearchAction","target":{"@type":"EntryPoint","urlTemplate":"https:\/\/www.macapflag.com\/blog\/?s={search_term_string}"},"query-input":{"@type":"PropertyValueSpecification","valueRequired":true,"valueName":"search_term_string"}}],"inLanguage":"fr-FR"},{"@type":"Organization","@id":"https:\/\/www.macapflag.com\/blog\/#organization","name":"macapflag","url":"https:\/\/www.macapflag.com\/blog\/","logo":{"@type":"ImageObject","inLanguage":"fr-FR","@id":"https:\/\/www.macapflag.com\/blog\/#\/schema\/logo\/image\/","url":"https:\/\/www.macapflag.com\/blog\/wp-content\/uploads\/2020\/12\/cropped-M-512-1.png","contentUrl":"https:\/\/www.macapflag.com\/blog\/wp-content\/uploads\/2020\/12\/cropped-M-512-1.png","width":512,"height":512,"caption":"macapflag"},"image":{"@id":"https:\/\/www.macapflag.com\/blog\/#\/schema\/logo\/image\/"},"sameAs":["https:\/\/www.facebook.com\/macap.pavoisement\/","https:\/\/www.instagram.com\/macapflag\/?hl=fr","https:\/\/www.linkedin.com\/company\/macap\/?originalSubdomain=fr","https:\/\/www.youtube.com\/channel\/UCXNzTIdZh9poEBjSXEqDtNw"]},{"@type":"Person","@id":"https:\/\/www.macapflag.com\/blog\/#\/schema\/person\/3fea701f2603875e651e6b662578fc3c","name":"Blog Macap","image":{"@type":"ImageObject","inLanguage":"fr-FR","@id":"https:\/\/www.macapflag.com\/blog\/#\/schema\/person\/image\/","url":"https:\/\/secure.gravatar.com\/avatar\/c12551f2dc51f0db049633b03e7856985477a70da834cc8967dea4ce54bdd6a2?s=96&d=mm&r=g","contentUrl":"https:\/\/secure.gravatar.com\/avatar\/c12551f2dc51f0db049633b03e7856985477a70da834cc8967dea4ce54bdd6a2?s=96&d=mm&r=g","caption":"Blog Macap"},"url":"https:\/\/www.macapflag.com\/blog\/author\/macap\/"}]}},"_links":{"self":[{"href":"https:\/\/www.macapflag.com\/blog\/wp-json\/wp\/v2\/posts\/9511","targetHints":{"allow":["GET"]}}],"collection":[{"href":"https:\/\/www.macapflag.com\/blog\/wp-json\/wp\/v2\/posts"}],"about":[{"href":"https:\/\/www.macapflag.com\/blog\/wp-json\/wp\/v2\/types\/post"}],"author":[{"embeddable":true,"href":"https:\/\/www.macapflag.com\/blog\/wp-json\/wp\/v2\/users\/2"}],"replies":[{"embeddable":true,"href":"https:\/\/www.macapflag.com\/blog\/wp-json\/wp\/v2\/comments?post=9511"}],"version-history":[{"count":116,"href":"https:\/\/www.macapflag.com\/blog\/wp-json\/wp\/v2\/posts\/9511\/revisions"}],"predecessor-version":[{"id":9829,"href":"https:\/\/www.macapflag.com\/blog\/wp-json\/wp\/v2\/posts\/9511\/revisions\/9829"}],"wp:featuredmedia":[{"embeddable":true,"href":"https:\/\/www.macapflag.com\/blog\/wp-json\/wp\/v2\/media\/9510"}],"wp:attachment":[{"href":"https:\/\/www.macapflag.com\/blog\/wp-json\/wp\/v2\/media?parent=9511"}],"wp:term":[{"taxonomy":"category","embeddable":true,"href":"https:\/\/www.macapflag.com\/blog\/wp-json\/wp\/v2\/categories?post=9511"},{"taxonomy":"post_tag","embeddable":true,"href":"https:\/\/www.macapflag.com\/blog\/wp-json\/wp\/v2\/tags?post=9511"}],"curies":[{"name":"wp","href":"https:\/\/api.w.org\/{rel}","templated":true}]}}